{"id":127165,"date":"2020-06-12T04:34:02","date_gmt":"2020-06-12T02:34:02","guid":{"rendered":"http:\/\/gazdasagportal.hu\/?p=127165"},"modified":"2020-06-12T00:15:04","modified_gmt":"2020-06-11T22:15:04","slug":"hatalmas-visszaeses-betett-a-koronavirus-a-lakossagi-hitelpiacnak","status":"publish","type":"post","link":"https:\/\/gazdasagportal.hu\/index.php\/hatalmas-visszaeses-betett-a-koronavirus-a-lakossagi-hitelpiacnak\/","title":{"rendered":"Hatalmas visszaes\u00e9s: betett a koronav\u00edrus a lakoss\u00e1gi hitelpiacnak"},"content":{"rendered":"<p><strong>T\u00f6bb mint n\u00e9gy \u00e9ve nem vettek fel ilyen kev\u00e9s szem\u00e9lyi k\u00f6lcs\u00f6nt a magyarok, mint id\u00e9n \u00e1prilisban. Az \u00faj lak\u00e1shitel-kihelyez\u00e9s is tavaly augusztusban l\u00e1tott m\u00e9lys\u00e9gekben.<\/strong><!--more--><\/p>\n<div class=\"ads-in-post1\"><div id=\"gazdasagportal.hu_fullbanner_wideboard\"><\/div>\r\n<\/div>\n<p>A jegybank ma k\u00f6zz\u00e9tett, \u00e1prilisra vonatkoz\u00f3 hitelstatisztik\u00e1i alapj\u00e1n komoly visszaes\u00e9s l\u00e1tsz\u00f3dik a lakoss\u00e1gi hitelpiac b\u0151v\u00fcl\u00e9s\u00e9ben.<\/p>\n<p>A <strong>szem\u00e9lyi k\u00f6lcs\u00f6n\u00f6k <\/strong>piac\u00e1n jelent\u0151s visszaes\u00e9st okozott a koronav\u00edrus-j\u00e1rv\u00e1ny: k\u00f6zel negyed\u00e9re esett vissza az \u00faj kihelyezett hitel\u00f6sszeg az el\u0151z\u0151 \u00e9v azonos id\u0151szak\u00e1hoz k\u00e9pest. M\u00edg tavaly \u00e1prilisban 48,96 milli\u00e1rd forint szem\u00e9lyi hitelt vett fel a lakoss\u00e1g, addig most 12,99 milli\u00e1rd forintot foly\u00f3s\u00edtottak a bankok, ami szint\u00e9n jelent\u0151sen elmarad az idei els\u0151 negyed\u00e9ves, 41,99 milli\u00e1rd forintos \u00e1tlagt\u00f3l. Utolj\u00e1ra 2015-ben \u00e9s 2016 elej\u00e9n volt ilyen alacsony szinten az \u00faj szem\u00e9lyihitel-kihelyez\u00e9s.<\/p><div id=\"gazda-2961789650\" class=\"gazda-tartalomban gazda-entity-placement\"><script async src=\"https:\/\/pagead2.googlesyndication.com\/pagead\/js\/adsbygoogle.js\"><\/script>\r\n<ins class=\"adsbygoogle\"\r\n     style=\"display:block\"\r\n     data-ad-format=\"fluid\"\r\n     data-ad-layout-key=\"-6t+ed+2i-1n-4w\"\r\n     data-ad-client=\"ca-pub-1959107119989764\"\r\n     data-ad-slot=\"4008251320\"><\/ins>\r\n<script>\r\n     (adsbygoogle = window.adsbygoogle || []).push({});\r\n<\/script><\/div>\n<p>&nbsp;<\/p>\n<p>A <a href=\"https:\/\/bank360.hu\/lakashitel-kalkulator\" target=\"_blank\" rel=\"noopener\"><strong>lak\u00e1shitelekn\u00e9l<\/strong><\/a> is jelent\u0151s a visszaes\u00e9s: \u00e1prilisban m\u00e1r csak 69,13 milli\u00e1rd forintot helyeztek ki a p\u00e9nzint\u00e9zetek, mik\u00f6zben tavaly \u00e1prilisban 84,45 milli\u00e1rd forint volt az \u00faj hitelek volumene, de az idei \u00e9v els\u0151 h\u00e1rom hav\u00e1ban is \u00e1tlagosan 79,28 milli\u00e1rd forintot foly\u00f3s\u00edtottak a bankok.<\/p>\n<div class=\"ads-in-post1\"><div id=\"gazdasagportal.hu_fullbanner_wideboard\"><\/div>\r\n<\/div>\n<p>Soha nem vettek fel ilyen kev\u00e9s <strong>babav\u00e1r\u00f3 hitelt <\/strong>a magyarok: m\u00edg a term\u00e9k megjelen\u00e9se \u00f3ta m\u00e1rciusig \u00e1tlagosan 71,45 milli\u00e1rd forintot vettek fel a csal\u00e1dok, addig \u00e1prilisban 46 milli\u00e1rd forintra cs\u00faszott vissza a foly\u00f3s\u00edtott \u00f6sszeg, ami a term\u00e9k kereken egy \u00e9ves t\u00f6rt\u00e9net\u00e9nek eddigi m\u00e9lypontja.<\/p>\n<p><a href=\"https:\/\/gazdasagportal.hu\/wp-content\/uploads\/2020\/06\/20200612.png\"><img decoding=\"async\" loading=\"lazy\" class=\"aligncenter size-full wp-image-127166\" src=\"https:\/\/gazdasagportal.hu\/wp-content\/uploads\/2020\/06\/20200612.png\" alt=\"\" width=\"700\" height=\"733\" srcset=\"https:\/\/gazdasagportal.hu\/wp-content\/uploads\/2020\/06\/20200612.png 700w, https:\/\/gazdasagportal.hu\/wp-content\/uploads\/2020\/06\/20200612-286x300.png 286w\" sizes=\"(max-width: 700px) 100vw, 700px\" \/><\/a><\/p>\n<p>&nbsp;<\/p>\n<p>A szem\u00e9lyi k\u00f6lcs\u00f6n\u00f6k m\u00e9lyrep\u00fcl\u00e9s\u00e9t a Bank360.hu egyr\u00e9szt a THM-korl\u00e1t bevezet\u00e9s\u00e9vel magyar\u00e1zza. A bankok m\u00e1rcius k\u00f6zep\u00e9n gyakorlatilag befagyasztott\u00e1k a piaci kamatoz\u00e1s\u00fa szem\u00e9lyi k\u00f6lcs\u00f6n\u00f6k \u00e9rt\u00e9kes\u00edt\u00e9s\u00e9t, a term\u00e9kek \u00e1talak\u00edt\u00e1sa az \u00faj kond\u00edci\u00f3kkal pedig id\u0151be telt. \u00c1prilisban elv\u00e9tve volt olyan bank, amely m\u00e1r tudott k\u00edn\u00e1lni &#8211; egy\u00e9bk\u00e9nt \u00e9v v\u00e9g\u00e9ig nagyon kedvez\u0151 &#8211; <a href=\"https:\/\/bank360.hu\/szemelyi-kolcson\" target=\"_blank\" rel=\"noopener\">szem\u00e9lyi k\u00f6lcs\u00f6nt legfeljebb 5,9 sz\u00e1zal\u00e9kos THM-mel<\/a>, a volumenhez pedig hozz\u00e1j\u00e1rulnak azok a foly\u00f3s\u00edt\u00e1sok is, amelyek ig\u00e9nyl\u00e9se m\u00e9g a THM-re vonatkoz\u00f3 rendelet kihirdet\u00e9se el\u0151tt kezd\u0151dtek meg.<\/p>\n<div class=\"ads-in-post2\"><script async src=\"https:\/\/pagead2.googlesyndication.com\/pagead\/js\/adsbygoogle.js\"><\/script>\r\n<ins class=\"adsbygoogle\"\r\n     style=\"display:block\"\r\n     data-ad-format=\"fluid\"\r\n     data-ad-layout-key=\"-6t+ed+2i-1n-4w\"\r\n     data-ad-client=\"ca-pub-1959107119989764\"\r\n     data-ad-slot=\"4008251320\"><\/ins>\r\n<script>\r\n     (adsbygoogle = window.adsbygoogle || []).push({});\r\n<\/script><\/div>\n<p>M\u00e1sr\u00e9szt a v\u00edrus munkaer\u0151piacra gyakorolt hat\u00e1sa, illetve a j\u00e1rv\u00e1ny alatti korl\u00e1toz\u00e1sok, mint p\u00e9ld\u00e1ul az \u00e1ltal\u00e1nos karant\u00e9n, az online ig\u00e9nyl\u00e9si megold\u00e1sok hi\u00e1nya j\u00e1rult hozz\u00e1 legink\u00e1bb ahhoz, hogy a lakoss\u00e1gi \u00fcgyfelek elhalasztj\u00e1k a hitelfelv\u00e9telt a bizonytalans\u00e1g megsz\u0171n\u00e9s\u00e9ig, \u00e9s a bankok is konzervat\u00edvabb szeml\u00e9letet k\u00f6vetnek a hitelb\u00edr\u00e1latok sor\u00e1n.<\/p>\n<p>&nbsp;<\/p>\n<p><strong>\u00cdgy alakultak a fogyaszt\u00f3i \u00e9rdekl\u0151d\u00e9sek az online statisztik\u00e1k alapj\u00e1n<\/strong><\/p>\n<p>B\u00e1r a foly\u00f3s\u00edtott hitelek \u00f6sszege minden vizsg\u00e1lt hitelterm\u00e9kn\u00e9l cs\u00f6kkent az el\u0151z\u0151 \u00e9v azonos id\u0151szak\u00e1hoz \u00e9s az el\u0151z\u0151 h\u00f3naphoz k\u00e9pest is, ez a Bank360.hu adatai szerint nem felt\u00e9tlen\u00fcl jelenti azt, hogy a h\u00e1ztart\u00e1sok \u00e9rdekl\u0151d\u00e9se is cs\u00f6kkent volna minden hitelterm\u00e9kkel kapcsolatban.<\/p>\n<p>&nbsp;<\/p>\n<p>A szem\u00e9lyi k\u00f6lcs\u00f6n\u00f6k ir\u00e1nti ig\u00e9ny jelent\u0151sen nem v\u00e1ltozott, ami j\u00f3l l\u00e1thatunk a lenti online \u00fcgyf\u00e9l\u00e9rdekl\u0151d\u00e9sekre vonatkoz\u00f3 statisztik\u00e1n is. Ebb\u0151l arra k\u00f6vetkeztethet\u00fcnk, hogy a foly\u00f3s\u00edt\u00e1s cs\u00f6kken\u00e9se a konzervat\u00edvabb banki hitelb\u00edr\u00e1latnak \u00e9s az \u00e1tmeneti term\u00e9kkies\u00e9snek (az 5,9 tudhat\u00f3 be.<\/p>\n<div class=\"ads-in-post1\"><div id=\"gazdasagportal.hu_fullbanner_wideboard\"><\/div>\r\n<\/div>\n<p>A lak\u00e1shitelek eset\u00e9ben az \u00e9rdekl\u0151d\u00e9s \u00e9s a foly\u00f3s\u00edtott volumen is cs\u00f6kkent. Az \u00e9rdekl\u0151d\u00e9s cs\u00f6kken\u00e9se a j\u00e1rv\u00e1nyhelyzet okozta ingatlanpiaci lassul\u00e1snak tudhat\u00f3 be. Mivel az \u00e9rdekl\u0151d\u00e9s visszaes\u00e9se ar\u00e1nyban van a foly\u00f3s\u00edt\u00e1sok cs\u00f6kken\u00e9s\u00e9vel, ez\u00e9rt a szakport\u00e1l szerint arra k\u00f6vetkeztethet\u00fcnk, hogy a hitelint\u00e9zetek a hitelb\u00edr\u00e1lati elj\u00e1r\u00e1sn\u00e1l nem szigor\u00edtottak olyan m\u00e9rt\u00e9kben, mint a szem\u00e9lyi k\u00f6lcs\u00f6n\u00f6k eset\u00e9ben.<\/p>\n<p><a href=\"https:\/\/gazdasagportal.hu\/wp-content\/uploads\/2020\/06\/20200612-2.png\"><img decoding=\"async\" loading=\"lazy\" class=\"aligncenter size-full wp-image-127167\" src=\"https:\/\/gazdasagportal.hu\/wp-content\/uploads\/2020\/06\/20200612-2.png\" alt=\"\" width=\"649\" height=\"675\" srcset=\"https:\/\/gazdasagportal.hu\/wp-content\/uploads\/2020\/06\/20200612-2.png 649w, https:\/\/gazdasagportal.hu\/wp-content\/uploads\/2020\/06\/20200612-2-288x300.png 288w\" sizes=\"(max-width: 649px) 100vw, 649px\" \/><\/a><\/p>\n<p>&nbsp;<\/p>\n<p>&nbsp;<\/p>\n<p><strong>F\u00e9ny az alag\u00fat v\u00e9g\u00e9n? <\/strong><\/p>\n<p>&nbsp;<\/p>\n<p>Az online \u00fcgyf\u00e9lstatisztik\u00e1n az is l\u00e1tszik, hogy az \u00e1prilis szintr\u0151l er\u0151sen felpattant az \u00e9rdekl\u0151d\u00e9s m\u00e1jusban, ami bizakod\u00e1sra adhat okot. Az \u00e1prilisi foly\u00f3s\u00edt\u00e1si adatok ut\u00e1n teh\u00e1t \u00e9rdemes lesz figyelni, hogy mit tartogatott a m\u00e1jus a lakoss\u00e1gi hiteleknek. Ekkorra ugyanis m\u00e1r tet\u0151z\u00f6tt a j\u00e1rv\u00e1ny \u00e9s lassan a korl\u00e1toz\u00e1sok felold\u00e1sa is megkezd\u0151d\u00f6tt. Ek\u00f6zben az \u00f6sszes jelent\u0151s p\u00e9nzint\u00e9zet megjelent a legfeljebb 5,9 sz\u00e1zal\u00e9kos szem\u00e9lyi k\u00f6lcs\u00f6nnel. K\u00f6nny\u00edt\u00e9seket kaptak tov\u00e1bb\u00e1 <a href=\"https:\/\/bank360.hu\/babavaro-hitel\" target=\"_blank\" rel=\"noopener\">a csal\u00e1dt\u00e1mogat\u00e1si kedvezm\u00e9nyeket<\/a> ig\u00e9nyl\u0151k is, hogy egyszer\u0171bben \u00e9s biztons\u00e1gosabban tudjanak k\u00f6lcs\u00f6nt felvenni. Ugyanilyen k\u00f6nny\u00edt\u00e9sekkel \u00e9ltek a bankok is a piaci kamatoz\u00e1s\u00fa hitelekn\u00e9l, p\u00e9ld\u00e1ul egyszer\u0171bb lett a lak\u00e1shitel-ig\u00e9nyl\u00e9ssel j\u00e1r\u00f3 dokument\u00e1ci\u00f3 lead\u00e1sa is.<\/p>\n<div class=\"ads-in-post1\"><div id=\"gazdasagportal.hu_fullbanner_wideboard\"><\/div>\r\n<\/div>\n<em><br \/>\n<strong>A Bank360 Zrt.-r\u0151l<\/strong><\/em><\/p>\n<p>A Bank360 k\u00f6zel h\u00e1rom \u00e9ve seg\u00edti a lakoss\u00e1got abban, hogy p\u00e9nz\u00fcgyi d\u00f6nt\u00e9seikkel teljesen el\u00e9gedettek legyenek hossz\u00fa t\u00e1von is. A szakport\u00e1l kalkul\u00e1toraival a legfontosabb banki term\u00e9keket hasonl\u00edthatjuk \u00f6ssze, az oldalon megjelen\u0151 elemz\u00e9sek \u00e9s bejegyz\u00e9sek pedig a t\u00e1j\u00e9koz\u00f3d\u00e1st seg\u00edtik a p\u00e9nz\u00fcgyek vil\u00e1g\u00e1ban, seg\u00edtve a tudatos \u00e9s megfelel\u0151 d\u00f6nt\u00e9st az adott anyagi helyzetben.<\/p>\n<p>&nbsp;<\/p>\n<p>&nbsp;<\/p>\n","protected":false},"excerpt":{"rendered":"<p>T\u00f6bb mint n\u00e9gy \u00e9ve nem vettek fel ilyen kev\u00e9s szem\u00e9lyi k\u00f6lcs\u00f6nt a magyarok, mint id\u00e9n \u00e1prilisban. Az \u00faj lak\u00e1shitel-kihelyez\u00e9s is tavaly augusztusban l\u00e1tott m\u00e9lys\u00e9gekben.<\/p>\n","protected":false},"author":1001006,"featured_media":72205,"comment_status":"closed","ping_status":"open","sticky":false,"template":"","format":"standard","meta":[],"categories":[146,19],"tags":[],"_links":{"self":[{"href":"https:\/\/gazdasagportal.hu\/index.php\/wp-json\/wp\/v2\/posts\/127165"}],"collection":[{"href":"https:\/\/gazdasagportal.hu\/index.php\/wp-json\/wp\/v2\/posts"}],"about":[{"href":"https:\/\/gazdasagportal.hu\/index.php\/wp-json\/wp\/v2\/types\/post"}],"author":[{"embeddable":true,"href":"https:\/\/gazdasagportal.hu\/index.php\/wp-json\/wp\/v2\/users\/1001006"}],"replies":[{"embeddable":true,"href":"https:\/\/gazdasagportal.hu\/index.php\/wp-json\/wp\/v2\/comments?post=127165"}],"version-history":[{"count":1,"href":"https:\/\/gazdasagportal.hu\/index.php\/wp-json\/wp\/v2\/posts\/127165\/revisions"}],"predecessor-version":[{"id":127168,"href":"https:\/\/gazdasagportal.hu\/index.php\/wp-json\/wp\/v2\/posts\/127165\/revisions\/127168"}],"wp:featuredmedia":[{"embeddable":true,"href":"https:\/\/gazdasagportal.hu\/index.php\/wp-json\/wp\/v2\/media\/72205"}],"wp:attachment":[{"href":"https:\/\/gazdasagportal.hu\/index.php\/wp-json\/wp\/v2\/media?parent=127165"}],"wp:term":[{"taxonomy":"category","embeddable":true,"href":"https:\/\/gazdasagportal.hu\/index.php\/wp-json\/wp\/v2\/categories?post=127165"},{"taxonomy":"post_tag","embeddable":true,"href":"https:\/\/gazdasagportal.hu\/index.php\/wp-json\/wp\/v2\/tags?post=127165"}],"curies":[{"name":"wp","href":"https:\/\/api.w.org\/{rel}","templated":true}]}}