{"id":127054,"date":"2020-06-08T17:44:29","date_gmt":"2020-06-08T15:44:29","guid":{"rendered":"http:\/\/gazdasagportal.hu\/?p=127054"},"modified":"2020-06-08T17:44:29","modified_gmt":"2020-06-08T15:44:29","slug":"cambridge-econometrics-megujitani-kell-a-gazdasagot-es-nem-ujrainditani","status":"publish","type":"post","link":"https:\/\/gazdasagportal.hu\/index.php\/cambridge-econometrics-megujitani-kell-a-gazdasagot-es-nem-ujrainditani\/","title":{"rendered":"Cambridge Econometrics: Meg\u00faj\u00edtani kell a gazdas\u00e1got \u00e9s nem \u00fajraind\u00edtani"},"content":{"rendered":"<p><strong>T\u00f6bb mint sz\u00e1zezer magyar v\u00e1lhat friss munkan\u00e9lk\u00fcliv\u00e9 a <\/strong><a href=\"https:\/\/www.camecon.com\/\" target=\"_blank\" rel=\"noopener\"><strong>Cambridge Econometrics<\/strong><\/a><strong> friss elemz\u00e9se szerint. A kutat\u00f3int\u00e9zet 3,2 sz\u00e1zal\u00e9kos GDP visszaes\u00e9ssel sz\u00e1mol Magyarorsz\u00e1gon a koronav\u00edrus okozta sokk miatt, amely alacsonyabb a glob\u00e1lis hat\u00e1sn\u00e1l, \u00e9s korm\u00e1nyzati int\u00e9zked\u00e9sekkel ak\u00e1r 2,9 sz\u00e1zal\u00e9kra is cs\u00f6kkenthet\u0151. Az int\u00e9zet szerint ehhez t\u00f6bbek k\u00f6z\u00f6tt c\u00e9lzottan kell t\u00e1mogat\u00e1sokat ford\u00edtani a hazai \u00e9p\u00fclet\u00e1llom\u00e1ny energetikai korszer\u0171s\u00edt\u00e9s\u00e9re, a meg\u00fajul\u00f3 energiatermel\u00e9s felfuttat\u00e1s\u00e1ra, a mez\u0151gazdas\u00e1g t\u00e1mogat\u00e1s\u00e1ra \u00e9s z\u00f6ld\u00edt\u00e9s\u00e9re.<\/strong><!--more--><br \/>\n<div class=\"ads-in-post1\"><div id=\"gazdasagportal.hu_fullbanner_wideboard\"><\/div>\r\n<\/div>\n<p>A Cambridge Econometrics COVID-19 hat\u00e1svizsg\u00e1lat\u00e1ban a kij\u00e1r\u00e1si korl\u00e1toz\u00e1sok hossza, a gazdas\u00e1gi int\u00e9zked\u00e9s-csomagok tartalma \u00e9s az emberek viselked\u00e9se k\u00f6vetkezt\u00e9ben v\u00e1rhat\u00f3 kereslet-visszaes\u00e9s \u00e9s a k\u00edn\u00e1lati hat\u00e1sok vizsg\u00e1lata \u00e1ll. Az elemz\u00e9s \u201cmi lenne, ha?\u201d t\u00edpus\u00fa forgat\u00f3k\u00f6nyvek kimeneteit modellezi, nem el\u0151rejelz\u00e9seket k\u00e9sz\u00edt.<\/p>\n<p>A j\u00e1rv\u00e1ny gazdas\u00e1gi hat\u00e1sait hozz\u00e1adva a kutat\u00f3int\u00e9zet eddigi forgat\u00f3k\u00f6nyveihez, elh\u00faz\u00f3d\u00f3 jelleg\u0171, \u00fan. \u201cL\u201d alak\u00fa gazdas\u00e1gi p\u00e1lya v\u00e1rhat\u00f3, mely 2-3 \u00e9v alatt fejti ki hat\u00e1sait. Korm\u00e1nyzati seg\u00edts\u00e9g n\u00e9lk\u00fcl glob\u00e1lisan 5,5%, beavatkoz\u00e1sokkal 4,6%-os GDP cs\u00f6kken\u00e9s v\u00e1rhat\u00f3 a j\u00e1rv\u00e1ny el\u0151tti forgat\u00f3k\u00f6nyvekhez k\u00e9pest. Magyarorsz\u00e1gra vet\u00edtve a hat\u00e1s kisebb, az \u00e1gazati \u00f6sszet\u00e9tel miatt, haz\u00e1nkban az aut\u00f3ipar p\u00e9ld\u00e1ul r\u00f6vid t\u00e1von v\u00e1rhat\u00f3an kev\u00e9sb\u00e9 fogja meg\u00e9rezni a j\u00e1rv\u00e1ny negat\u00edv gazdas\u00e1gi hat\u00e1sait, amit az is j\u00f3l mutat, hogy a legt\u00f6bb aut\u00f3 \u00f6sszeszerel\u0151 \u00fczemben m\u00e1r \u00fajrakezd\u0151d\u00f6tt a termel\u00e9s. A Cambridge Econometrics modellje 2020-ra 3,2%-os GDP visszaes\u00e9st mutat korm\u00e1nyzati seg\u00edts\u00e9g n\u00e9lk\u00fcl, korm\u00e1nyzati int\u00e9zked\u00e9sekkel ez 2,9%. A j\u00e1rv\u00e1ny el\u0151tt dolgoz\u00f3 magyaroknak a 2-2,4%-a vesz\u00edtheti el a munk\u00e1j\u00e1t, ami 100-105 ezer embert jelent az int\u00e9zet becsl\u00e9se szerint. A teljes \u00e9vre modellezett munkan\u00e9lk\u00fcliek 0,5%-a, nagyj\u00e1b\u00f3l 20 ezer ember hosszabb t\u00e1von, azaz 2021-2022-ben is \u00e1ll\u00e1s n\u00e9lk\u00fcl maradhat.<\/p>\n<div class=\"ads-in-post2\"><script async src=\"https:\/\/pagead2.googlesyndication.com\/pagead\/js\/adsbygoogle.js\"><\/script>\r\n<ins class=\"adsbygoogle\"\r\n     style=\"display:block\"\r\n     data-ad-format=\"fluid\"\r\n     data-ad-layout-key=\"-6t+ed+2i-1n-4w\"\r\n     data-ad-client=\"ca-pub-1959107119989764\"\r\n     data-ad-slot=\"4008251320\"><\/ins>\r\n<script>\r\n     (adsbygoogle = window.adsbygoogle || []).push({});\r\n<\/script><\/div>\n<em>\u201eAmennyiben nem tudjuk kiv\u00e9deni a v\u00edrus visszat\u00e9r\u00e9s\u00e9t, a m\u00e1sodik fert\u0151z\u00e9si hull\u00e1mnak m\u00e9g ink\u00e1bb elh\u00faz\u00f3d\u00f3 gazdas\u00e1gi hat\u00e1sai lehetnek. A nemzetgazdas\u00e1gi szempontb\u00f3l legfontosabb szektorok, mint az ipar \u00e9s feldolgoz\u00f3ipar teljes\u00edtm\u00e9nye a j\u00e1rv\u00e1ny hat\u00e1s\u00e1ra a GDP cs\u00f6kken\u00e9s\u00e9n\u00e9l kisebb m\u00e9rt\u00e9kben eshet vissza, azonban itt sajnos a fellend\u00fcl\u00e9s is lassabb lehet\u201d<\/em> &#8211; mondta Fazekas D\u00f3ra k\u00f6zgazd\u00e1sz, a k\u00f6rnyezetgazdas\u00e1gtan doktora (PhD), a Cambridge Econometrics kutat\u00f3-tan\u00e1csad\u00f3 c\u00e9g budapesti irod\u00e1j\u00e1nak vezet\u0151je.<\/p>\n<p><strong>\u00a0<\/strong><\/p>\n<p><strong>M\u00e1s n\u00f6veked\u00e9si p\u00e1lya sz\u00fcks\u00e9ges<\/strong><\/p>\n<p>A kutat\u00f3int\u00e9zet friss modellje szerint a CO2 kibocs\u00e1t\u00e1s 3,5%-kal lesz kevesebb id\u00e9n, mint azt a j\u00e1rv\u00e1ny el\u0151tt sz\u00e1molt\u00e1k, \u00e9s ez a visszaes\u00e9s is v\u00e1rhat\u00f3an \u201eL\u201d alak\u00fa lesz. 2021-2022-ig alacsonyabb szinten marad, \u00e9s \u00f6sszess\u00e9g\u00e9ben 2024-ben \u00e9ri el \u00fajra abszol\u00fat kibocs\u00e1t\u00e1sban a 2019-es szintet, aminek egyr\u00e9szt a k\u00f6z\u00fati k\u00f6zleked\u00e9s, m\u00e1sr\u00e9szt az energiafogyaszt\u00e1s cs\u00f6kken\u00e9se az oka. Ennek a kibocs\u00e1t\u00e1s-cs\u00f6kken\u00e9snek azonban nem lesz a kl\u00edmav\u00e1ltoz\u00e1sra hat\u00e1sa, csakis abban az esetben, ha m\u00e1s n\u00f6veked\u00e9si p\u00e1ly\u00e1ra \u00e1llunk \u00e1t.<\/p><div id=\"gazda-1137304251\" class=\"gazda-tartalomban gazda-entity-placement\"><script async src=\"https:\/\/pagead2.googlesyndication.com\/pagead\/js\/adsbygoogle.js\"><\/script>\r\n<ins class=\"adsbygoogle\"\r\n     style=\"display:block\"\r\n     data-ad-format=\"fluid\"\r\n     data-ad-layout-key=\"-6t+ed+2i-1n-4w\"\r\n     data-ad-client=\"ca-pub-1959107119989764\"\r\n     data-ad-slot=\"4008251320\"><\/ins>\r\n<script>\r\n     (adsbygoogle = window.adsbygoogle || []).push({});\r\n<\/script><\/div>\n<p>&nbsp;<\/p>\n<div class=\"ads-in-post1\"><div id=\"gazdasagportal.hu_fullbanner_wideboard\"><\/div>\r\n<\/div>\n&nbsp;<\/p>\n<p>A Cambridge Econometrics elemz\u00e9se szerint a kibocs\u00e1t\u00e1s mostani recesszi\u00f3 okozta cs\u00f6kkent\u00e9se z\u00f6ld fordulat n\u00e9lk\u00fcl nem marad tart\u00f3s, beavatkoz\u00e1s n\u00e9lk\u00fcl m\u00e1r n\u00e9h\u00e1ny \u00e9ven bel\u00fcl a kor\u00e1bbi szintekre t\u00e9rhet vissza, \u00edgy a kl\u00edmav\u00e1ls\u00e1gra \u00f6nmag\u00e1ban struktur\u00e1lis \u00e1talak\u00edt\u00e1s n\u00e9lk\u00fcl nincs hat\u00e1ssal. A hazai \u00e9p\u00fclet\u00e1llom\u00e1ny energetikai korszer\u0171s\u00edt\u00e9s\u00e9re, a meg\u00fajul\u00f3 energiatermel\u00e9s felfuttat\u00e1s\u00e1ra, a mez\u0151gazdas\u00e1g t\u00e1mogat\u00e1s\u00e1ra \u00e9s z\u00f6ld\u00edt\u00e9s\u00e9re ford\u00edtott c\u00e9lzott t\u00e1mogat\u00e1sok \u00e1tk\u00e9pz\u00e9sekkel p\u00e1ros\u00edtva azonban m\u00e9g munkahelyteremt\u00e9si lehet\u0151s\u00e9get is biztos\u00edtanak.<\/p>\n<p>A j\u00e1rv\u00e1ny miatti v\u00e1ls\u00e1ghelyzet menedzsel\u00e9se ut\u00e1n a d\u00f6nt\u00e9shoz\u00f3k sz\u00e1m\u00e1ra els\u0151dleges a gazdas\u00e1g min\u00e9l hat\u00e9konyabb \u00fajraind\u00edt\u00e1sa, \u00e9s az emberek mihamarabbi munk\u00e1ba \u00e1ll\u00edt\u00e1sa. Ennek a gazdas\u00e1gi \u00fajraindul\u00e1snak azonban \u00f6kol\u00f3giai \u00e9rtelemben is fenntarthat\u00f3nak kell lennie.<\/p>\n<p><em>\u201eNagyon fontos, hogy ne ugyanazt \u00e9s ugyan\u00fagy akarjuk csin\u00e1lni, mint ahogy tett\u00fck azt a v\u00edrus-helyzet el\u0151tt. Meg\u00faj\u00edtani kell a gazdas\u00e1got \u00e9s nem \u00fajraind\u00edtani\u201d <\/em>&#8211; mondta Fazekas D\u00f3ra. Hozz\u00e1tette:<em> \u201ea c\u00e9l a megkezdett tiszt\u00e1bb termel\u00e9s fel\u00e9 t\u00f6rt\u00e9n\u0151 elmozdul\u00e1s el\u0151seg\u00edt\u00e9se, a munkahely\u00fcket elvesz\u00edtett dolgoz\u00f3k esetleges \u00e1tk\u00e9pz\u00e9se, a term\u00e9szetes k\u00f6rnyezet\u00fcnk meg\u00f3v\u00e1sa \u00e9s a munkahelyteremt\u00e9s kell legyen. A 2008-as v\u00e1ls\u00e1g ut\u00e1n elmaradt z\u00f6ld fordulat sz\u00fcks\u00e9gess\u00e9ge a gazdas\u00e1g talpra \u00e1ll\u00edt\u00e1s\u00e1ban nemcsak s\u00fcrget\u0151bb\u00e9, de k\u00f6nnyebben kivitelezhet\u0151v\u00e9 is v\u00e1lt.\u201d<\/em><\/p>\n<p>A z\u00f6ld meg\u00fajul\u00e1s koncepci\u00f3ja egyre nagyobb teret kap, amit j\u00f3l mutat az Eur\u00f3pai Z\u00f6ld Meg\u00e1llapod\u00e1s (European Green Deal) is. A z\u00f6ld meg\u00fajul\u00e1s a nem-szennyez\u0151 energiatechnol\u00f3gi\u00e1kra val\u00f3 \u00e1tt\u00e9r\u00e9s \u00e9s a j\u00e1rv\u00e1ny okozta negat\u00edv gazdas\u00e1gi hat\u00e1sokb\u00f3l val\u00f3 kil\u00e1bal\u00e1s p\u00e1rhuzamos, egym\u00e1st er\u0151s\u00edt\u0151 megval\u00f3s\u00edt\u00e1sa. Ezzel elker\u00fclhet\u0151 lenne, hogy Magyarorsz\u00e1g befektessen \u00e9s ez\u00e1ltal hossz\u00fa t\u00e1von ragadjon be olyan fosszilis technol\u00f3gi\u00e1kba, amelyek csak alacsony olaj\u00e1rak mellett lenn\u00e9nek j\u00f6vedelmez\u0151k. A dekarboniz\u00e1ci\u00f3s int\u00e9zked\u00e9sek t\u00e9rnyer\u00e9s\u00e9vel a fosszilis energiahordoz\u00f3k hossz\u00fa t\u00e1von glob\u00e1lisan meg nem t\u00e9r\u00fcl\u0151 k\u00e9szletekk\u00e9 v\u00e1lhatnak. Amennyiben a banki, befektet\u00e9si portf\u00f3li\u00f3kban ar\u00e1nyuk \u00e9s jelent\u0151s\u00e9g\u00fck nem fog cs\u00f6kkenni, a magyar gazdas\u00e1g kitetts\u00e9ge n\u0151.<\/p>\n<p>\u00d6sszess\u00e9g\u00e9ben, a z\u00f6ld meg\u00fajul\u00e1s azt is jelenti, hogy lehet\u0151s\u00e9get l\u00e1tunk ebben a v\u00e1ls\u00e1gban, hogy nem az eddigi strukt\u00far\u00e1kat konzerv\u00e1ljuk, hanem a saj\u00e1t lehet\u0151s\u00e9geinkre jobban t\u00e1maszkodva, a hazai, helyi er\u0151forr\u00e1sok ig\u00e9nybev\u00e9tel\u00e9vel az eur\u00f3pai piacokra termel\u00fcnk. Az ell\u00e1t\u00e1si l\u00e1ncok \u00fajragondol\u00e1sa, a sz\u00e1ll\u00edt\u00e1si utak ler\u00f6vid\u00fcl\u00e9se, a helyi er\u0151forr\u00e1sokra val\u00f3 t\u00e1maszkod\u00e1s, import helyett a magyar mez\u0151gazdas\u00e1gi termel\u00e9s felfuttat\u00e1sa mag\u00e1ban hordozza ennek a meg\u00fajul\u00e1snak a lehet\u0151s\u00e9g\u00e9t \u2013 \u00e1ll a Cambridge Econometrics elemz\u00e9s\u00e9ben.<\/p>\n","protected":false},"excerpt":{"rendered":"<p>T\u00f6bb mint sz\u00e1zezer magyar v\u00e1lhat friss munkan\u00e9lk\u00fcliv\u00e9 a Cambridge Econometrics friss elemz\u00e9se szerint. A kutat\u00f3int\u00e9zet 3,2 sz\u00e1zal\u00e9kos GDP visszaes\u00e9ssel sz\u00e1mol Magyarorsz\u00e1gon a koronav\u00edrus okozta sokk miatt, amely alacsonyabb a glob\u00e1lis hat\u00e1sn\u00e1l, \u00e9s korm\u00e1nyzati int\u00e9zked\u00e9sekkel ak\u00e1r 2,9 sz\u00e1zal\u00e9kra is cs\u00f6kkenthet\u0151. Az int\u00e9zet szerint ehhez t\u00f6bbek k\u00f6z\u00f6tt c\u00e9lzottan kell t\u00e1mogat\u00e1sokat ford\u00edtani a hazai \u00e9p\u00fclet\u00e1llom\u00e1ny energetikai korszer\u0171s\u00edt\u00e9s\u00e9re, a &#8230;<\/p>\n","protected":false},"author":1001006,"featured_media":0,"comment_status":"closed","ping_status":"open","sticky":false,"template":"","format":"standard","meta":[],"categories":[19,246],"tags":[],"_links":{"self":[{"href":"https:\/\/gazdasagportal.hu\/index.php\/wp-json\/wp\/v2\/posts\/127054"}],"collection":[{"href":"https:\/\/gazdasagportal.hu\/index.php\/wp-json\/wp\/v2\/posts"}],"about":[{"href":"https:\/\/gazdasagportal.hu\/index.php\/wp-json\/wp\/v2\/types\/post"}],"author":[{"embeddable":true,"href":"https:\/\/gazdasagportal.hu\/index.php\/wp-json\/wp\/v2\/users\/1001006"}],"replies":[{"embeddable":true,"href":"https:\/\/gazdasagportal.hu\/index.php\/wp-json\/wp\/v2\/comments?post=127054"}],"version-history":[{"count":1,"href":"https:\/\/gazdasagportal.hu\/index.php\/wp-json\/wp\/v2\/posts\/127054\/revisions"}],"predecessor-version":[{"id":127055,"href":"https:\/\/gazdasagportal.hu\/index.php\/wp-json\/wp\/v2\/posts\/127054\/revisions\/127055"}],"wp:attachment":[{"href":"https:\/\/gazdasagportal.hu\/index.php\/wp-json\/wp\/v2\/media?parent=127054"}],"wp:term":[{"taxonomy":"category","embeddable":true,"href":"https:\/\/gazdasagportal.hu\/index.php\/wp-json\/wp\/v2\/categories?post=127054"},{"taxonomy":"post_tag","embeddable":true,"href":"https:\/\/gazdasagportal.hu\/index.php\/wp-json\/wp\/v2\/tags?post=127054"}],"curies":[{"name":"wp","href":"https:\/\/api.w.org\/{rel}","templated":true}]}}