{"id":127039,"date":"2020-06-08T11:47:38","date_gmt":"2020-06-08T09:47:38","guid":{"rendered":"http:\/\/gazdasagportal.hu\/?p=127039"},"modified":"2020-06-08T11:47:38","modified_gmt":"2020-06-08T09:47:38","slug":"koronavirus-meghalt-ket-beteg-es-4014-re-emelkedett-a-fertozottek-szama-magyarorszagon","status":"publish","type":"post","link":"https:\/\/gazdasagportal.hu\/index.php\/koronavirus-meghalt-ket-beteg-es-4014-re-emelkedett-a-fertozottek-szama-magyarorszagon\/","title":{"rendered":"Koronav\u00edrus &#8211; Meghalt k\u00e9t beteg \u00e9s 4014-re emelkedett a fert\u0151z\u00f6ttek sz\u00e1ma Magyarorsz\u00e1gon"},"content":{"rendered":"<p><strong>Meghalt k\u00e9t id\u0151s, kr\u00f3nikus beteg \u00e9s hattal, 4014-re emelkedett az azonos\u00edtott koronav\u00edrus-fert\u0151z\u00f6ttek sz\u00e1ma Magyarorsz\u00e1gon &#8211; k\u00f6z\u00f6lte a <a href=\"https:\/\/koronavirus.gov.hu\/\" target=\"_blank\" rel=\"noopener noreferrer\">koronavirus.gov.hu<\/a> h\u00e9tf\u0151n.<\/strong><!--more--><\/p>\n<div class=\"ads-in-post1\"><div id=\"gazdasagportal.hu_fullbanner_wideboard\"><\/div>\r\n<\/div>\n<p>A korm\u00e1nyzati port\u00e1lon azt \u00edrt\u00e1k: \u00fajabb magyar \u00e1llampolg\u00e1rokn\u00e1l mutatt\u00e1k ki a koronav\u00edrus-fert\u0151z\u00e9st. Az elhunytak sz\u00e1ma 548-ra n\u0151tt. 2284-en m\u00e1r meggy\u00f3gyultak.<br \/>\nAz akt\u00edv fert\u0151z\u00f6ttek sz\u00e1ma 1182. Az akt\u00edv fert\u0151z\u00f6ttek 41 sz\u00e1zal\u00e9ka, az elhunytak 60 sz\u00e1zal\u00e9ka, a gy\u00f3gyultak 48 sz\u00e1zal\u00e9ka budapesti. 385 koronav\u00edrusos beteget \u00e1polnak k\u00f3rh\u00e1zban, k\u00f6z\u00fcl\u00fck 21-en vannak l\u00e9legeztet\u0151g\u00e9pen.<br \/>\nAz oldal adatai szerint 9665-en vannak hat\u00f3s\u00e1gi h\u00e1zi karant\u00e9nban. A mintav\u00e9telek sz\u00e1ma 210 749.<br \/>\nKiemelt\u00e9k: a v\u00e9dekez\u00e9s m\u00e1sodik szakasz\u00e1ban vagyunk. Ez nem a j\u00e1rv\u00e1ny v\u00e9g\u00e9t jelenti, hiszen a j\u00e1rv\u00e1nyvesz\u00e9ly nem m\u00falt el. Az a c\u00e9l, hogy fokozatosan, szigor\u00fa menetrend szerint \u00fajraind\u00edts\u00e1k az \u00e9letet. Tov\u00e1bbra is fontos az \u00e1ltal\u00e1nos \u00f3vint\u00e9zked\u00e9sek, k\u00fcl\u00f6n\u00f6sen a v\u00e9d\u0151t\u00e1vols\u00e1g betart\u00e1sa.<br \/>\n<div class=\"ads-in-post2\"><script async src=\"https:\/\/pagead2.googlesyndication.com\/pagead\/js\/adsbygoogle.js\"><\/script>\r\n<ins class=\"adsbygoogle\"\r\n     style=\"display:block\"\r\n     data-ad-format=\"fluid\"\r\n     data-ad-layout-key=\"-6t+ed+2i-1n-4w\"\r\n     data-ad-client=\"ca-pub-1959107119989764\"\r\n     data-ad-slot=\"4008251320\"><\/ins>\r\n<script>\r\n     (adsbygoogle = window.adsbygoogle || []).push({});\r\n<\/script><\/div>\nEml\u00e9keztettek: a parlament megkezdte a vesz\u00e9lyhelyzet megsz\u00fcntet\u00e9s\u00e9r\u0151l \u00e9s a j\u00e1rv\u00e1ny\u00fcgyi k\u00e9sz\u00fclts\u00e9g fenntart\u00e1s\u00e1r\u00f3l sz\u00f3l\u00f3 t\u00f6rv\u00e9nyjavaslatok vit\u00e1j\u00e1t. A vesz\u00e9lyhelyzet megsz\u00fcntet\u00e9s\u00e9t az teszi lehet\u0151v\u00e9, hogy a sikeres v\u00e9dekez\u00e9snek k\u00f6sz\u00f6nhet\u0151en a t\u00f6meges megbeteged\u00e9seket el tudt\u00e1k ker\u00fclni \u00e9s fokozatosan cs\u00f6kken az akt\u00edv fert\u0151z\u00f6ttek sz\u00e1ma, ugyanakkor a j\u00e1rv\u00e1ny\u00fcgyi k\u00e9sz\u00fclts\u00e9g fenntart\u00e1s\u00e1ra sz\u00fcks\u00e9g van, hiszen a koronav\u00edrus tov\u00e1bbra is itt van \u00e9s fert\u0151z &#8211; \u00edrt\u00e1k.<br \/>\n<div class=\"ads-in-post1\"><div id=\"gazdasagportal.hu_fullbanner_wideboard\"><\/div>\r\n<\/div>\nAz oldal t\u00e9rk\u00e9pe alapj\u00e1n tov\u00e1bbra is Budapesten (1906) \u00e9s Pest megy\u00e9ben (584) van a legt\u00f6bb fert\u0151z\u00f6tt. Ezt k\u00f6veti Fej\u00e9r (374), Kom\u00e1rom-Esztergom (283), Zala (259) \u00e9s Csongr\u00e1d-Csan\u00e1d megye (115). B\u00e9k\u00e9s megy\u00e9ben van a legkevesebb fert\u0151z\u00f6tt (11).<br \/>\n(MTI)<\/p>\n","protected":false},"excerpt":{"rendered":"<p>Meghalt k\u00e9t id\u0151s, kr\u00f3nikus beteg \u00e9s hattal, 4014-re emelkedett az azonos\u00edtott koronav\u00edrus-fert\u0151z\u00f6ttek sz\u00e1ma Magyarorsz\u00e1gon &#8211; k\u00f6z\u00f6lte a koronavirus.gov.hu h\u00e9tf\u0151n.<\/p>\n","protected":false},"author":1001006,"featured_media":123871,"comment_status":"closed","ping_status":"open","sticky":false,"template":"","format":"standard","meta":[],"categories":[146,4,427],"tags":[428],"_links":{"self":[{"href":"https:\/\/gazdasagportal.hu\/index.php\/wp-json\/wp\/v2\/posts\/127039"}],"collection":[{"href":"https:\/\/gazdasagportal.hu\/index.php\/wp-json\/wp\/v2\/posts"}],"about":[{"href":"https:\/\/gazdasagportal.hu\/index.php\/wp-json\/wp\/v2\/types\/post"}],"author":[{"embeddable":true,"href":"https:\/\/gazdasagportal.hu\/index.php\/wp-json\/wp\/v2\/users\/1001006"}],"replies":[{"embeddable":true,"href":"https:\/\/gazdasagportal.hu\/index.php\/wp-json\/wp\/v2\/comments?post=127039"}],"version-history":[{"count":2,"href":"https:\/\/gazdasagportal.hu\/index.php\/wp-json\/wp\/v2\/posts\/127039\/revisions"}],"predecessor-version":[{"id":127041,"href":"https:\/\/gazdasagportal.hu\/index.php\/wp-json\/wp\/v2\/posts\/127039\/revisions\/127041"}],"wp:featuredmedia":[{"embeddable":true,"href":"https:\/\/gazdasagportal.hu\/index.php\/wp-json\/wp\/v2\/media\/123871"}],"wp:attachment":[{"href":"https:\/\/gazdasagportal.hu\/index.php\/wp-json\/wp\/v2\/media?parent=127039"}],"wp:term":[{"taxonomy":"category","embeddable":true,"href":"https:\/\/gazdasagportal.hu\/index.php\/wp-json\/wp\/v2\/categories?post=127039"},{"taxonomy":"post_tag","embeddable":true,"href":"https:\/\/gazdasagportal.hu\/index.php\/wp-json\/wp\/v2\/tags?post=127039"}],"curies":[{"name":"wp","href":"https:\/\/api.w.org\/{rel}","templated":true}]}}