{"id":127009,"date":"2020-06-06T16:55:16","date_gmt":"2020-06-06T14:55:16","guid":{"rendered":"http:\/\/gazdasagportal.hu\/?p=127009"},"modified":"2020-06-06T11:19:21","modified_gmt":"2020-06-06T09:19:21","slug":"iden-is-tobb-ezer-palyazat-erkezett-a-magyar-falu-programra","status":"publish","type":"post","link":"https:\/\/gazdasagportal.hu\/index.php\/iden-is-tobb-ezer-palyazat-erkezett-a-magyar-falu-programra\/","title":{"rendered":"Id\u00e9n is t\u00f6bb ezer p\u00e1ly\u00e1zat \u00e9rkezett a Magyar falu programra"},"content":{"rendered":"<p><strong>Id\u00e9n eddig t\u00f6bb mint \u00f6tezer k\u00e9relmet ny\u00fajtottak be a kistelep\u00fcl\u00e9si \u00f6nkorm\u00e1nyzatok \u00e9s a t\u00f6rt\u00e9nelmi egyh\u00e1zak a Magyar falu programnak a helyi \u00e9letmin\u0151s\u00e9g jav\u00edt\u00e1s\u00e1t c\u00e9lz\u00f3 p\u00e1ly\u00e1zati ki\u00edr\u00e1saira &#8211; k\u00f6z\u00f6lte a modern telep\u00fcl\u00e9sek fejleszt\u00e9s\u00e9\u00e9rt felel\u0151s korm\u00e1nybiztos szombaton az MTI-vel.<\/strong><!--more--><br \/>\n<div class=\"ads-in-post1\"><div id=\"gazdasagportal.hu_fullbanner_wideboard\"><\/div>\r\n<\/div>\n<p>    Gyop\u00e1ros Alp\u00e1r k\u00f6zlem\u00e9nye szerint a program a koronav\u00edrus-j\u00e1rv\u00e1ny ellen\u00e9re is t\u00f6retlen n\u00e9pszer\u0171s\u00e9gnek \u00f6rvend, egyes elemei ir\u00e1nt hatalmas az \u00e9rdekl\u0151d\u00e9s.<br \/>\n    A program keret\u00e9ben eddig hat p\u00e1ly\u00e1zati ki\u00edr\u00e1s z\u00e1rult le. Orvosi rendel\u0151k fejleszt\u00e9s\u00e9re \u00e9s orvosi eszk\u00f6z\u00f6k beszerz\u00e9s\u00e9re t\u00f6bb mint ezer, \u00f6nkorm\u00e1nyzati tulajdon\u00fa \u00fat, h\u00edd, j\u00e1rda \u00e9p\u00edt\u00e9s\u00e9re \u00e9s fel\u00faj\u00edt\u00e1s\u00e1ra t\u00f6bb mint k\u00e9tezer k\u00e9relem \u00e9rkezett. El\u0151bbire 4, ut\u00f3bbira 10 milli\u00e1rd forintot biztos\u00edt az \u00e1llam. Az 5-5 milli\u00e1rd forint keret\u00f6sszeg\u0171 k\u00f6z\u00f6ss\u00e9gi terek fejleszt\u00e9s\u00e9re \u00e9s k\u00f6z\u00f6ss\u00e9gszervez\u0151k foglalkoztat\u00e1s\u00e1nak t\u00e1mogat\u00e1s\u00e1ra is t\u00f6bb mint k\u00e9tezer k\u00e9relem \u00e9rkezett &#8211; \u00edrta.<br \/>\n<div class=\"ads-in-post2\"><script async src=\"https:\/\/pagead2.googlesyndication.com\/pagead\/js\/adsbygoogle.js\"><\/script>\r\n<ins class=\"adsbygoogle\"\r\n     style=\"display:block\"\r\n     data-ad-format=\"fluid\"\r\n     data-ad-layout-key=\"-6t+ed+2i-1n-4w\"\r\n     data-ad-client=\"ca-pub-1959107119989764\"\r\n     data-ad-slot=\"4008251320\"><\/ins>\r\n<script>\r\n     (adsbygoogle = window.adsbygoogle || []).push({});\r\n<\/script><\/div>\n    Tudatta, hogy k\u00e9t p\u00e1ly\u00e1zati ki\u00edr\u00e1s jelenleg is nyitva \u00e1ll: \u00f3vodai j\u00e1tsz\u00f3udvar \u00e9s k\u00f6zter\u00fcleti j\u00e1tsz\u00f3t\u00e9r fejleszt\u00e9s\u00e9nek t\u00e1mogat\u00e1s\u00e1ra, valamint k\u00f6zter\u00fclet karbantart\u00e1s\u00e1t c\u00e9lz\u00f3 eszk\u00f6zbeszerz\u00e9sre j\u00fanius 19-ig lehet a k\u00e9relmeket beny\u00fajtani. A k\u00e9t programra \u00f6sszesen 5 milli\u00e1rd forint \u00e1ll rendelkez\u00e9sre.<br \/>\n    A k\u00f6zelj\u00f6v\u0151ben tov\u00e1bbi k\u00e9t p\u00e1ly\u00e1zati ki\u00edr\u00e1s v\u00e1rhat\u00f3 &#8211; tette hozz\u00e1.<br \/>\n    A k\u00f6zlem\u00e9ny szerint a Magyar falu programnak k\u00f6sz\u00f6nhet\u0151en a tavalyi \u00e9vben mintegy 150 milli\u00e1rd forint \u00e9rt\u00e9k\u0171 fejleszt\u00e9s val\u00f3sulhatott meg a hazai kistelep\u00fcl\u00e9seken. 2020-ban pedig megk\u00f6zel\u00edt\u0151leg 170 milli\u00e1rd forint t\u00e1mogat\u00e1st biztos\u00edt a korm\u00e1ny a falvakban \u00e9l\u0151k \u00e9letk\u00f6r\u00fclm\u00e9nyeinek jav\u00edt\u00e1s\u00e1ra.(MTI)<\/p>\n","protected":false},"excerpt":{"rendered":"<p>Id\u00e9n eddig t\u00f6bb mint \u00f6tezer k\u00e9relmet ny\u00fajtottak be a kistelep\u00fcl\u00e9si \u00f6nkorm\u00e1nyzatok \u00e9s a t\u00f6rt\u00e9nelmi egyh\u00e1zak a Magyar falu programnak a helyi \u00e9letmin\u0151s\u00e9g jav\u00edt\u00e1s\u00e1t c\u00e9lz\u00f3 p\u00e1ly\u00e1zati ki\u00edr\u00e1saira &#8211; k\u00f6z\u00f6lte a modern telep\u00fcl\u00e9sek fejleszt\u00e9s\u00e9\u00e9rt felel\u0151s korm\u00e1nybiztos szombaton az MTI-vel.<\/p>\n","protected":false},"author":1001006,"featured_media":0,"comment_status":"closed","ping_status":"open","sticky":false,"template":"","format":"standard","meta":[],"categories":[19],"tags":[],"_links":{"self":[{"href":"https:\/\/gazdasagportal.hu\/index.php\/wp-json\/wp\/v2\/posts\/127009"}],"collection":[{"href":"https:\/\/gazdasagportal.hu\/index.php\/wp-json\/wp\/v2\/posts"}],"about":[{"href":"https:\/\/gazdasagportal.hu\/index.php\/wp-json\/wp\/v2\/types\/post"}],"author":[{"embeddable":true,"href":"https:\/\/gazdasagportal.hu\/index.php\/wp-json\/wp\/v2\/users\/1001006"}],"replies":[{"embeddable":true,"href":"https:\/\/gazdasagportal.hu\/index.php\/wp-json\/wp\/v2\/comments?post=127009"}],"version-history":[{"count":1,"href":"https:\/\/gazdasagportal.hu\/index.php\/wp-json\/wp\/v2\/posts\/127009\/revisions"}],"predecessor-version":[{"id":127010,"href":"https:\/\/gazdasagportal.hu\/index.php\/wp-json\/wp\/v2\/posts\/127009\/revisions\/127010"}],"wp:attachment":[{"href":"https:\/\/gazdasagportal.hu\/index.php\/wp-json\/wp\/v2\/media?parent=127009"}],"wp:term":[{"taxonomy":"category","embeddable":true,"href":"https:\/\/gazdasagportal.hu\/index.php\/wp-json\/wp\/v2\/categories?post=127009"},{"taxonomy":"post_tag","embeddable":true,"href":"https:\/\/gazdasagportal.hu\/index.php\/wp-json\/wp\/v2\/tags?post=127009"}],"curies":[{"name":"wp","href":"https:\/\/api.w.org\/{rel}","templated":true}]}}