{"id":126997,"date":"2020-06-05T18:38:03","date_gmt":"2020-06-05T16:38:03","guid":{"rendered":"http:\/\/gazdasagportal.hu\/?p=126997"},"modified":"2020-06-05T17:47:24","modified_gmt":"2020-06-05T15:47:24","slug":"eroteljesen-nott-a-foglalkoztatottsag-az-egyesult-allamokban-majusban","status":"publish","type":"post","link":"https:\/\/gazdasagportal.hu\/index.php\/eroteljesen-nott-a-foglalkoztatottsag-az-egyesult-allamokban-majusban\/","title":{"rendered":"Er\u0151teljesen n\u0151tt a foglalkoztatotts\u00e1g az Egyes\u00fclt \u00c1llamokban m\u00e1jusban"},"content":{"rendered":"<p><strong>Az elemz\u0151i v\u00e1rakoz\u00e1sokra r\u00e1c\u00e1folva nem zuhant, hanem er\u0151teljesen n\u0151tt a foglalkoztatottak sz\u00e1ma az Egyes\u00fclt \u00c1llamokban m\u00e1jusban, amikor is a koronav\u00edrus-j\u00e1rv\u00e1ny megf\u00e9kez\u00e9s\u00e9t c\u00e9lz\u00f3 int\u00e9zked\u00e9sek laz\u00edt\u00e1s\u00e1val p\u00e1rhuzamosan r\u00e9szben \u00fajraindult a gazdas\u00e1g.<\/strong><!--more--><\/p>\n<div class=\"ads-in-post1\"><div id=\"gazdasagportal.hu_fullbanner_wideboard\"><\/div>\r\n<\/div>\n<p>    A washingtoni munka\u00fcgyi miniszt\u00e9rium p\u00e9nteken nyilv\u00e1noss\u00e1gra hozott adatai szerint a nem mez\u0151gazdas\u00e1gi \u00e1gazatokban foglalkoztatottak sz\u00e1ma 2 milli\u00f3 509 ezerrel emelkedett m\u00e1jusban. Elemz\u0151k nyolcmilli\u00f3s cs\u00f6kken\u00e9sre sz\u00e1m\u00edtottak az \u00e1prilisban m\u00e9rt 20 milli\u00f3 687 ezres, illetve a m\u00e1rciusi 1 milli\u00f3 373 ezres cs\u00f6kken\u00e9s ut\u00e1n.<br \/>\n    A gyorsan terjed\u0151 j\u00e1rv\u00e1ny \u00e9s a megf\u00e9kez\u00e9s\u00e9t c\u00e9lz\u00f3 int\u00e9zked\u00e9sek m\u00e1rciusban minden \u00e1tmenet n\u00e9lk\u00fcl vetettek v\u00e9get a foglalkoztatotts\u00e1g rekordhossz\u00fa, 113 h\u00f3napig tart\u00f3 n\u00f6veked\u00e9s\u00e9nek, miut\u00e1n sorra \u00e1ll\u00edtott\u00e1k le tev\u00e9kenys\u00e9g\u00fcket a v\u00e1llalatok \u00e9s a v\u00e1llalkoz\u00e1sok az ipar \u00e9s a szolg\u00e1ltat\u00e1sok ter\u00fclet\u00e9n is.<br \/>\n    A munkan\u00e9lk\u00fclis\u00e9gi r\u00e1ta az el\u0151z\u0151 havi 14,7 sz\u00e1zal\u00e9kr\u00f3l 13,3 sz\u00e1zal\u00e9kra m\u00e9rs\u00e9kl\u0151d\u00f6tt m\u00e1jusban, ami ugyancsak sokkal kedvez\u0151bb az elemz\u0151k \u00e1ltal v\u00e1rt 19,8 sz\u00e1zal\u00e9kn\u00e1l. A munkan\u00e9lk\u00fcliek sz\u00e1ma 2,1 milli\u00f3val 21,0 milli\u00f3ra esett.<br \/>\n<div class=\"ads-in-post2\"><script async src=\"https:\/\/pagead2.googlesyndication.com\/pagead\/js\/adsbygoogle.js\"><\/script>\r\n<ins class=\"adsbygoogle\"\r\n     style=\"display:block\"\r\n     data-ad-format=\"fluid\"\r\n     data-ad-layout-key=\"-6t+ed+2i-1n-4w\"\r\n     data-ad-client=\"ca-pub-1959107119989764\"\r\n     data-ad-slot=\"4008251320\"><\/ins>\r\n<script>\r\n     (adsbygoogle = window.adsbygoogle || []).push({});\r\n<\/script><\/div>\n    M\u00e1rciusban 50 \u00e9ves m\u00e9lypontr\u00f3l, 3,5 sz\u00e1zal\u00e9kr\u00f3l ugrott azonnal 4,4 sz\u00e1zal\u00e9kra a munkan\u00e9lk\u00fclis\u00e9gi r\u00e1ta. Az el\u0151z\u0151 h\u00f3naphoz k\u00e9pest ilyen nagy m\u00e9rt\u00e9k\u0171, 0,9 sz\u00e1zal\u00e9kpontos emelked\u00e9st 1975 janu\u00e1rja \u00f3ta nem m\u00e9rtek.<br \/>\n    A munkak\u00e9pes kor\u00fa n\u00e9pess\u00e9gben a gazdas\u00e1gilag akt\u00edv szerepl\u0151k ar\u00e1nya 0,6 sz\u00e1zal\u00e9kponttal, 60,8 sz\u00e1zal\u00e9kra k\u00faszott fel m\u00e1jusban az el\u0151z\u0151 havi 60,2 sz\u00e1zal\u00e9kr\u00f3l.<br \/>\n    Az \u00e1tlagos \u00f3rab\u00e9rek az el\u0151z\u0151 h\u00f3naphoz k\u00e9pest 1 sz\u00e1zal\u00e9kkal cs\u00f6kkentek m\u00e1jusban. Elemz\u0151k 1 sz\u00e1zal\u00e9kos n\u00f6veked\u00e9st v\u00e1rtak az \u00e1prilisi 4,7 sz\u00e1zal\u00e9kos emelked\u00e9s ut\u00e1n. \u00c9ves \u00f6sszevet\u00e9sben 6,7 sz\u00e1zal\u00e9kkal emelkedtek az \u00f3rab\u00e9rek, m\u00edg elemz\u0151k 8,5 sz\u00e1zal\u00e9kot v\u00e1rtak az \u00e1prilisi 8,0 sz\u00e1zal\u00e9kos ugr\u00e1s ut\u00e1n.<br \/>\n    Az \u00e1tlagos heti munkaid\u0151 34,7 \u00f3r\u00e1ra emelkedett az \u00e1prilisi 34,2 \u00f3r\u00e1r\u00f3l. Elemz\u0151k gyeng\u00e9bb adatra, 34,3 \u00f3r\u00e1ra sz\u00e1m\u00edtottak m\u00e1jusr\u00f3l.<br \/>\n<div class=\"ads-in-post1\"><div id=\"gazdasagportal.hu_fullbanner_wideboard\"><\/div>\r\n<\/div>\n    A friss foglalkoztatotts\u00e1gi jelent\u00e9s az eddigi legegy\u00e9rtelm\u0171bb jelz\u00e9s arra, hogy a j\u00e1rv\u00e1ny \u00e1ltal kirobbantott v\u00e1ls\u00e1g val\u00f3sz\u00edn\u0171leg v\u00e9get \u00e9rt, de a fellend\u00fcl\u00e9shez vezet\u0151 \u00fat hossz\u00fara ny\u00falhat. Az el\u0151z\u0151 napokban k\u00f6z\u00f6lt adatok ugyancsak arr\u00f3l tan\u00faskodtak, hogy stabiliz\u00e1l\u00f3dik a fogyaszt\u00f3k bizalma, a feldolgoz\u00f3ipar \u00e9s a szolg\u00e1ltat\u00e1si szektor tev\u00e9kenys\u00e9ge. A gazdas\u00e1gi felt\u00e9telek jelent\u0151sen javultak, ahogy a v\u00e1llalatok fokozatosan \u00fajraind\u00edtott\u00e1k a munk\u00e1t.<br \/>\n    Az Egyes\u00fclt \u00c1llamok gazdas\u00e1g\u00e1ban megszak\u00edt\u00e1s n\u00e9lk\u00fcl 129. h\u00f3napja tartott a n\u00f6veked\u00e9s f\u00e1zisa febru\u00e1rban, ami rekord hossz\u00fas\u00e1gi id\u0151t jelent. A 2008-2009-es p\u00e9nz\u00fcgyi \u00e9s gazdas\u00e1gi vil\u00e1gv\u00e1ls\u00e1got maga m\u00f6g\u00f6tt hagyva az amerikai gazdas\u00e1g 2009 j\u00fanius\u00e1ban l\u00e9pett a fellend\u00fcl\u00e9s \u00fatj\u00e1ra. Ennek a j\u00e1rv\u00e1ny egy csap\u00e1sra v\u00e9get vetett m\u00e1rciusban.(MTI)<\/p>\n","protected":false},"excerpt":{"rendered":"<p>Az elemz\u0151i v\u00e1rakoz\u00e1sokra r\u00e1c\u00e1folva nem zuhant, hanem er\u0151teljesen n\u0151tt a foglalkoztatottak sz\u00e1ma az Egyes\u00fclt \u00c1llamokban m\u00e1jusban, amikor is a koronav\u00edrus-j\u00e1rv\u00e1ny megf\u00e9kez\u00e9s\u00e9t c\u00e9lz\u00f3 int\u00e9zked\u00e9sek laz\u00edt\u00e1s\u00e1val p\u00e1rhuzamosan r\u00e9szben \u00fajraindult a gazdas\u00e1g.<\/p>\n","protected":false},"author":1001006,"featured_media":60643,"comment_status":"closed","ping_status":"open","sticky":false,"template":"","format":"standard","meta":[],"categories":[146,13,246],"tags":[],"_links":{"self":[{"href":"https:\/\/gazdasagportal.hu\/index.php\/wp-json\/wp\/v2\/posts\/126997"}],"collection":[{"href":"https:\/\/gazdasagportal.hu\/index.php\/wp-json\/wp\/v2\/posts"}],"about":[{"href":"https:\/\/gazdasagportal.hu\/index.php\/wp-json\/wp\/v2\/types\/post"}],"author":[{"embeddable":true,"href":"https:\/\/gazdasagportal.hu\/index.php\/wp-json\/wp\/v2\/users\/1001006"}],"replies":[{"embeddable":true,"href":"https:\/\/gazdasagportal.hu\/index.php\/wp-json\/wp\/v2\/comments?post=126997"}],"version-history":[{"count":1,"href":"https:\/\/gazdasagportal.hu\/index.php\/wp-json\/wp\/v2\/posts\/126997\/revisions"}],"predecessor-version":[{"id":126998,"href":"https:\/\/gazdasagportal.hu\/index.php\/wp-json\/wp\/v2\/posts\/126997\/revisions\/126998"}],"wp:featuredmedia":[{"embeddable":true,"href":"https:\/\/gazdasagportal.hu\/index.php\/wp-json\/wp\/v2\/media\/60643"}],"wp:attachment":[{"href":"https:\/\/gazdasagportal.hu\/index.php\/wp-json\/wp\/v2\/media?parent=126997"}],"wp:term":[{"taxonomy":"category","embeddable":true,"href":"https:\/\/gazdasagportal.hu\/index.php\/wp-json\/wp\/v2\/categories?post=126997"},{"taxonomy":"post_tag","embeddable":true,"href":"https:\/\/gazdasagportal.hu\/index.php\/wp-json\/wp\/v2\/tags?post=126997"}],"curies":[{"name":"wp","href":"https:\/\/api.w.org\/{rel}","templated":true}]}}