{"id":126929,"date":"2020-06-03T12:22:28","date_gmt":"2020-06-03T10:22:28","guid":{"rendered":"http:\/\/gazdasagportal.hu\/?p=126929"},"modified":"2020-06-03T12:02:11","modified_gmt":"2020-06-03T10:02:11","slug":"magyarorszag-a-gazdasagi-novekedes-visszafogasa-nelkul-valhat-klimasemlegesse","status":"publish","type":"post","link":"https:\/\/gazdasagportal.hu\/index.php\/magyarorszag-a-gazdasagi-novekedes-visszafogasa-nelkul-valhat-klimasemlegesse\/","title":{"rendered":"Magyarorsz\u00e1g a gazdas\u00e1gi n\u00f6veked\u00e9s visszafog\u00e1sa n\u00e9lk\u00fcl v\u00e1lhat kl\u00edmasemlegess\u00e9"},"content":{"rendered":"<p><strong>Magyarorsz\u00e1g az uni\u00f3s \u00e9lmez\u0151nybe tartozik a v\u00e1llalt kibocs\u00e1t\u00e1s-cs\u00f6kkent\u00e9si c\u00e9lok el\u00e9r\u00e9se ter\u00e9n, 2030-ra v\u00e1rhat\u00f3an az egyike lesz annak a n\u00e9h\u00e1ny tag\u00e1llamnak, amelyek nemcsak el\u00e9rik az emisszi\u00f3-kereskedelmi rendszeren k\u00edv\u00fcli \u00e1gazatok, mint a k\u00f6zleked\u00e9s, az \u00e9p\u00fcletenergetika, a hullad\u00e9kgazd\u00e1lkod\u00e1s \u00e9s a mez\u0151gazdas\u00e1g c\u00e9ljait, hanem ak\u00e1r m\u00e9g t\u00fal is teljes\u00edthetik azokat &#8211; jelentette ki az MTI-nek Kaderj\u00e1k P\u00e9ter, az Innov\u00e1ci\u00f3s \u00e9s Technol\u00f3giai Miniszt\u00e9rium (ITM) energia- \u00e9s kl\u00edmapolitik\u00e1\u00e9rt felel\u0151s \u00e1llamtitk\u00e1ra, miut\u00e1n a parlament megszavazta a kl\u00edmav\u00e9delemr\u0151l sz\u00f3l\u00f3 t\u00f6rv\u00e9nyt.<\/strong><!--more--><\/p>\n<div class=\"ads-in-post1\"><div id=\"gazdasagportal.hu_fullbanner_wideboard\"><\/div>\r\n<\/div>\n<p>    A t\u00f6rv\u00e9ny elfogad\u00e1sa meger\u0151s\u00edtette, hogy a korm\u00e1ny cselekszik az \u00e9ghajlatv\u00e1ltoz\u00e1s elleni k\u00fczdelemben, teremtett vil\u00e1gunk meg\u00f3v\u00e1s\u00e1\u00e9rt, ezt bizony\u00edtj\u00e1k az eddigi int\u00e9zked\u00e9sei \u00e9s idei \u00e9vben elfogadott energia- \u00e9s kl\u00edmapolitikai strat\u00e9gia, valamint a minisztereln\u00f6k \u00e1ltal meghirdetett Kl\u00edma- \u00e9s term\u00e9szetv\u00e9delmi akci\u00f3terv.<br \/>\n    Magyarorsz\u00e1g a kl\u00edmav\u00e1ltoz\u00e1s elleni k\u00fczdelemben eddig is a kiemelked\u0151 teljes\u00edtm\u00e9nyt ny\u00fajt\u00f3 \u00e1llamok k\u00f6z\u00f6tt volt, kell\u0151en nagyra t\u00f6r\u0151 int\u00e9zked\u00e9si tervekkel. Az elm\u00falt h\u00e1rom \u00e9vtized kiv\u00e1l\u00f3 magyar kl\u00edmateljes\u00edtm\u00e9nye arra tan\u00edt, hogy a k\u00f6rnyezetv\u00e9delem, a gazdas\u00e1gi fejl\u0151d\u00e9s \u00e9s az energiabiztons\u00e1g c\u00e9ljai egym\u00e1ssal \u00f6sszeegyeztethet\u0151, s\u0151t egym\u00e1st er\u0151s\u00edt\u0151 c\u00e9lok. \u00c9ppen ez\u00e9rt k\u00fcl\u00f6n\u00f6sen \u00f6rvendetes, hogy a szerd\u00e1n elfogad\u00e1sra javasolt t\u00f6rv\u00e9ny- \u00e9s hat\u00e1rozati javaslatok meger\u0151s\u00edtik a korm\u00e1ny azon tavalyi d\u00f6nt\u00e9s\u00e9t, amely szerint Magyarorsz\u00e1g t\u00e1mogatja a teljes kl\u00edmasemlegess\u00e9g el\u00e9r\u00e9s\u00e9t 2050-re, hangs\u00falyozta az \u00e1llamtitk\u00e1r.<br \/>\n<div class=\"ads-in-post2\"><script async src=\"https:\/\/pagead2.googlesyndication.com\/pagead\/js\/adsbygoogle.js\"><\/script>\r\n<ins class=\"adsbygoogle\"\r\n     style=\"display:block\"\r\n     data-ad-format=\"fluid\"\r\n     data-ad-layout-key=\"-6t+ed+2i-1n-4w\"\r\n     data-ad-client=\"ca-pub-1959107119989764\"\r\n     data-ad-slot=\"4008251320\"><\/ins>\r\n<script>\r\n     (adsbygoogle = window.adsbygoogle || []).push({});\r\n<\/script><\/div>\n    Kaderj\u00e1k P\u00e9ter meggy\u0151z\u0151d\u00e9s\u00e9t fejezte ki, hogy ezzel Magyarorsz\u00e1g a m\u00falt helyett a j\u00f6v\u0151, azaz a kl\u00edmav\u00e9delem, az energiaszuverenit\u00e1s \u00e9s a z\u00f6ld gazdas\u00e1gi n\u00f6veked\u00e9s \u00fatj\u00e1t v\u00e1lasztja.<br \/>\n    Az \u00e1llamtitk\u00e1r kiemelte, a magyar teljes\u00edtm\u00e9ny a bizony\u00edt\u00e9k arra, hogy a gazdas\u00e1g fejleszt\u00e9se \u00e9s a kl\u00edmav\u00e9delem nem ellent\u00e9tes, hanem egym\u00e1st er\u0151s\u00edt\u0151 c\u00e9lok. A kedvez\u0151 folyamatot a 2018-as kibocs\u00e1t\u00e1si adatok is meger\u0151s\u00edtik: m\u00edg a GDP-n\u00f6veked\u00e9s 5,1 sz\u00e1zal\u00e9kos volt, az \u00fcvegh\u00e1zg\u00e1z kibocs\u00e1t\u00e1s k\u00f6zel 0,9 sz\u00e1zal\u00e9kkal cs\u00f6kkent.<br \/>\n    Kaderj\u00e1k P\u00e9ter szerint fontos, hogy a kl\u00edmasemleges gazdas\u00e1g k\u00f6lts\u00e9geit a nagy szennyez\u0151k fizess\u00e9k meg. Azt sem tartja elfogadhat\u00f3nak, hogy az Eur\u00f3pai Uni\u00f3 a k\u00f6vetkez\u0151 h\u00e9t\u00e9ves k\u00f6lts\u00e9gvet\u00e9s\u00e9ben a koh\u00e9zi\u00f3s alapokb\u00f3l csoportos\u00edtson \u00e1t p\u00e9nzt a kl\u00edmav\u00e9delemre, nem szabad a szeg\u00e9nyebb orsz\u00e1gokt\u00f3l a p\u00e9nzt elvenni &#8211; mondta.<br \/>\n    A kl\u00edmav\u00e1ltoz\u00e1s elleni k\u00fczdelemhez szint\u00e9n hozz\u00e1j\u00e1rulnak az id\u00e9n tavasszal meghirdetett Kl\u00edma- \u00e9s term\u00e9szetv\u00e9delmi akci\u00f3terv int\u00e9zked\u00e9sei. Ennek \u00e9rtelm\u00e9ben p\u00e9ld\u00e1ul a korm\u00e1ny a k\u00f6vetkez\u0151 k\u00e9t \u00e9vben 32 milli\u00e1rd forinttal t\u00e1mogatja a kis- \u00e9s k\u00f6z\u00e9pv\u00e1llalkoz\u00e1sok meg\u00fajul\u00f3 energiatermel\u00e9s\u00e9t. A k\u00f6vetkez\u0151 t\u00edz \u00e9vben meghatszorozza a naper\u0151m\u0171vek kapacit\u00e1s\u00e1t, ami nemcsak k\u00f6rnyezetbar\u00e1t, hanem olcs\u00f3 energi\u00e1t is biztos\u00edt majd a magyar csal\u00e1dok sz\u00e1m\u00e1ra. A korm\u00e1ny t\u00e1mogatja az olcs\u00f3 elektromos aut\u00f3k megjelen\u00e9s\u00e9t \u00e9s haszn\u00e1lat\u00e1t, az ezzel kapcsolatos p\u00e1ly\u00e1zatra j\u00fanius 15-t\u0151l lehet beny\u00fajtani a t\u00e1mogat\u00e1si k\u00e9relmeket. 2022-t\u0151l pedig csak elektromos buszok forgalomba \u00e1ll\u00edt\u00e1sa lesz megengedett a v\u00e1rosi k\u00f6zleked\u00e9sben &#8211; eml\u00e9keztetett Kaderj\u00e1k P\u00e9ter.<br \/>\n<div class=\"ads-in-post1\"><div id=\"gazdasagportal.hu_fullbanner_wideboard\"><\/div>\r\n<\/div>\n    A korm\u00e1ny c\u00e9lja, hogy a magyar villamosenergia-termel\u00e9s legnagyobb r\u00e9sze atomenergi\u00e1b\u00f3l \u00e9s meg\u00fajul\u00f3 energi\u00e1b\u00f3l, els\u0151sorban naper\u0151m\u0171vekb\u0151l sz\u00e1rmazzon. Ezek nem egym\u00e1st kiv\u00e1lt\u00f3 vagy kiz\u00e1r\u00f3 technol\u00f3gi\u00e1k, hanem egym\u00e1st t\u00e1mogat\u00f3 megold\u00e1sok. A nap- \u00e9s az atomenergia egy\u00fcttes haszn\u00e1lat\u00e1val 2030-ra a magyarorsz\u00e1gi \u00e1ramtermel\u00e9s 90 sz\u00e1zal\u00e9ka sz\u00e9n-dioxid-mentes lehet.<br \/>\n    Magyarorsz\u00e1g a korm\u00e1ny \u00e1ltal elfogadott hossz\u00fa-, k\u00f6z\u00e9p- \u00e9s r\u00f6vid t\u00e1v\u00fa strat\u00e9gi\u00e1k, akci\u00f3tervek ment\u00e9n fokozatosan, 2050-ig kl\u00edmasemleges orsz\u00e1gg\u00e1 v\u00e1lhat an\u00e9lk\u00fcl, hogy az \u00e1tmenet a gazdas\u00e1gi n\u00f6veked\u00e9st vesz\u00e9lyeztetn\u00e9, k\u00f6lts\u00e9gei a magyar csal\u00e1dokat terheln\u00e9 &#8211; tette hozz\u00e1 Kaderj\u00e1k P\u00e9ter.(MTI)<\/p>\n","protected":false},"excerpt":{"rendered":"<p>Magyarorsz\u00e1g az uni\u00f3s \u00e9lmez\u0151nybe tartozik a v\u00e1llalt kibocs\u00e1t\u00e1s-cs\u00f6kkent\u00e9si c\u00e9lok el\u00e9r\u00e9se ter\u00e9n, 2030-ra v\u00e1rhat\u00f3an az egyike lesz annak a n\u00e9h\u00e1ny tag\u00e1llamnak, amelyek nemcsak el\u00e9rik az emisszi\u00f3-kereskedelmi rendszeren k\u00edv\u00fcli \u00e1gazatok, mint a k\u00f6zleked\u00e9s, az \u00e9p\u00fcletenergetika, a hullad\u00e9kgazd\u00e1lkod\u00e1s \u00e9s a mez\u0151gazdas\u00e1g c\u00e9ljait, hanem ak\u00e1r m\u00e9g t\u00fal is teljes\u00edthetik azokat &#8211; jelentette ki az MTI-nek Kaderj\u00e1k P\u00e9ter, az Innov\u00e1ci\u00f3s &#8230;<\/p>\n","protected":false},"author":1001006,"featured_media":0,"comment_status":"closed","ping_status":"open","sticky":false,"template":"","format":"standard","meta":[],"categories":[19],"tags":[],"_links":{"self":[{"href":"https:\/\/gazdasagportal.hu\/index.php\/wp-json\/wp\/v2\/posts\/126929"}],"collection":[{"href":"https:\/\/gazdasagportal.hu\/index.php\/wp-json\/wp\/v2\/posts"}],"about":[{"href":"https:\/\/gazdasagportal.hu\/index.php\/wp-json\/wp\/v2\/types\/post"}],"author":[{"embeddable":true,"href":"https:\/\/gazdasagportal.hu\/index.php\/wp-json\/wp\/v2\/users\/1001006"}],"replies":[{"embeddable":true,"href":"https:\/\/gazdasagportal.hu\/index.php\/wp-json\/wp\/v2\/comments?post=126929"}],"version-history":[{"count":1,"href":"https:\/\/gazdasagportal.hu\/index.php\/wp-json\/wp\/v2\/posts\/126929\/revisions"}],"predecessor-version":[{"id":126930,"href":"https:\/\/gazdasagportal.hu\/index.php\/wp-json\/wp\/v2\/posts\/126929\/revisions\/126930"}],"wp:attachment":[{"href":"https:\/\/gazdasagportal.hu\/index.php\/wp-json\/wp\/v2\/media?parent=126929"}],"wp:term":[{"taxonomy":"category","embeddable":true,"href":"https:\/\/gazdasagportal.hu\/index.php\/wp-json\/wp\/v2\/categories?post=126929"},{"taxonomy":"post_tag","embeddable":true,"href":"https:\/\/gazdasagportal.hu\/index.php\/wp-json\/wp\/v2\/tags?post=126929"}],"curies":[{"name":"wp","href":"https:\/\/api.w.org\/{rel}","templated":true}]}}