{"id":126925,"date":"2020-06-03T10:53:40","date_gmt":"2020-06-03T08:53:40","guid":{"rendered":"http:\/\/gazdasagportal.hu\/?p=126925"},"modified":"2020-06-03T10:53:40","modified_gmt":"2020-06-03T08:53:40","slug":"mikrovallalkozasoknak-kinal-tamogatast-nagykanizsa-onkormanyzata","status":"publish","type":"post","link":"https:\/\/gazdasagportal.hu\/index.php\/mikrovallalkozasoknak-kinal-tamogatast-nagykanizsa-onkormanyzata\/","title":{"rendered":"Mikrov\u00e1llalkoz\u00e1soknak k\u00edn\u00e1l t\u00e1mogat\u00e1st Nagykanizsa \u00f6nkorm\u00e1nyzata"},"content":{"rendered":"<p><strong>Munkahelyek megtart\u00e1s\u00e1ra, illetve vissza\u00e1ll\u00edt\u00e1s\u00e1ra k\u00edn\u00e1l t\u00e1mogat\u00e1si lehet\u0151s\u00e9get Nagykanizsa \u00f6nkorm\u00e1nyzata olyan mikrov\u00e1llalkoz\u00e1soknak, amelyeknek m\u0171k\u00f6d\u00e9s\u00e9t a vesz\u00e9lyhelyzeti rendelkez\u00e9sek akad\u00e1lyozt\u00e1k.<\/strong><!--more--><\/p>\n<div class=\"ads-in-post1\"><div id=\"gazdasagportal.hu_fullbanner_wideboard\"><\/div>\r\n<\/div>\n<p>    Balogh L\u00e1szl\u00f3 polg\u00e1rmester (Fidesz-KDNP) a k\u00f6z\u00f6ss\u00e9gi oldal\u00e1n szerd\u00e1n arr\u00f3l adott t\u00e1j\u00e9koztat\u00e1st, hogy az \u00e1llami t\u00e1mogat\u00e1si lehet\u0151s\u00e9gek, illetve a v\u00e1ros \u00f6nkorm\u00e1nyzata \u00e1ltal eddig biztos\u00edtott 70 sz\u00e1zal\u00e9kos b\u00e9rletid\u00edj-kedvezm\u00e9ny mellett \u00faj v\u00e1llalkoz\u00e1st\u00e1mogat\u00f3 lehet\u0151s\u00e9get biztos\u00edt a v\u00e1ros, amennyiben a T\u00e1mogat\u00e1sokat Vizsg\u00e1l\u00f3 Iroda enged\u00e9lyezi ezt az \u00faj form\u00e1t.<br \/>\n    A n\u00e9h\u00e1ny f\u0151s v\u00e1llalkoz\u00e1sok k\u00f6z\u00fcl azok p\u00e1ly\u00e1zhatnak egy munkav\u00e1llal\u00f3 ut\u00e1n 75 ezer forintos t\u00e1mogat\u00e1sra &#8211; \u00f6sszesen legfeljebb 300 ezer forintos hat\u00e1rig -, amelyek a vesz\u00e9lyhelyzet kihirdet\u00e9s\u00e9t\u0151l kezdve az ig\u00e9nyl\u00e9s beny\u00fajt\u00e1s\u00e1ig nem sz\u00fcntett\u00e9k meg egyetlen munkav\u00e1llal\u00f3juk munkaviszony\u00e1t sem. Felt\u00e9tel m\u00e9g, hogy legal\u00e1bb napi n\u00e9gy\u00f3r\u00e1s munkaid\u0151nek megfelel\u0151 minim\u00e1lb\u00e9rt fizettek, illetve a fizet\u00e9s n\u00e9lk\u00fcli szabads\u00e1gnapok sz\u00e1ma \u00f6sszesen nem haladta meg a 15 napot.<br \/>\n<div class=\"ads-in-post2\"><script async src=\"https:\/\/pagead2.googlesyndication.com\/pagead\/js\/adsbygoogle.js\"><\/script>\r\n<ins class=\"adsbygoogle\"\r\n     style=\"display:block\"\r\n     data-ad-format=\"fluid\"\r\n     data-ad-layout-key=\"-6t+ed+2i-1n-4w\"\r\n     data-ad-client=\"ca-pub-1959107119989764\"\r\n     data-ad-slot=\"4008251320\"><\/ins>\r\n<script>\r\n     (adsbygoogle = window.adsbygoogle || []).push({});\r\n<\/script><\/div>\n    A megsz\u0171nt munkahelyek vissza\u00e1ll\u00edt\u00e1s\u00e1t seg\u00edt\u0151 \u00f6nkorm\u00e1nyzati t\u00e1mogat\u00e1s keret\u00e9ben legfeljebb k\u00e9t munkav\u00e1llal\u00f3 ut\u00e1n dolgoz\u00f3nk\u00e9nt 100 ezer forintra p\u00e1ly\u00e1zhatnak azok a v\u00e1llalkoz\u00e1sok, amelyek a vesz\u00e9lyhelyzet kihirdet\u00e9s\u00e9t k\u00f6vet\u0151 h\u00e1rom h\u00f3napon bel\u00fcl bocs\u00e1tottak el dolgoz\u00f3kat. A felt\u00e9telek k\u00f6z\u00f6tt szerepel, hogy a p\u00e1ly\u00e1z\u00f3nak a megsz\u0171nt munkahelyeket a vesz\u00e9lyhelyzet kihirdet\u00e9s\u00e9t\u0151l sz\u00e1m\u00edtott hat h\u00f3napon bel\u00fcl \u00fajra be kell t\u00f6ltenie, \u00e9s a visszavett alkalmazottakat legal\u00e1bb k\u00e9t h\u00f3napon kereszt\u00fcl foglalkoztatja.<br \/>\n    Bizzer Andr\u00e1s alpolg\u00e1rmester (Fidesz-KDNP) az MTI \u00e9rdekl\u0151d\u00e9s\u00e9re elmondta: az \u00f6nkorm\u00e1nyzat k\u00f6lts\u00e9gvet\u00e9s\u00e9ben 25 milli\u00f3 forintot k\u00fcl\u00f6n\u00edtettek el erre a t\u00e1mogat\u00e1si form\u00e1ra, de a k\u00f6zgy\u0171l\u00e9s majd d\u00f6nthet \u00fagy, hogy ezt a keretet kib\u0151v\u00edti. Sz\u00e1m\u00edt\u00e1saik szerint Nagykanizs\u00e1n t\u00f6bb sz\u00e1z mikrov\u00e1llalkoz\u00e1s lehet jogosult a munkahelymegtart\u00f3 vagy -vissza\u00e1ll\u00edt\u00f3 t\u00e1mogat\u00e1sra.(MTI)<\/p>\n","protected":false},"excerpt":{"rendered":"<p>Munkahelyek megtart\u00e1s\u00e1ra, illetve vissza\u00e1ll\u00edt\u00e1s\u00e1ra k\u00edn\u00e1l t\u00e1mogat\u00e1si lehet\u0151s\u00e9get Nagykanizsa \u00f6nkorm\u00e1nyzata olyan mikrov\u00e1llalkoz\u00e1soknak, amelyeknek m\u0171k\u00f6d\u00e9s\u00e9t a vesz\u00e9lyhelyzeti rendelkez\u00e9sek akad\u00e1lyozt\u00e1k.<\/p>\n","protected":false},"author":1001006,"featured_media":0,"comment_status":"closed","ping_status":"open","sticky":false,"template":"","format":"standard","meta":[],"categories":[19],"tags":[],"_links":{"self":[{"href":"https:\/\/gazdasagportal.hu\/index.php\/wp-json\/wp\/v2\/posts\/126925"}],"collection":[{"href":"https:\/\/gazdasagportal.hu\/index.php\/wp-json\/wp\/v2\/posts"}],"about":[{"href":"https:\/\/gazdasagportal.hu\/index.php\/wp-json\/wp\/v2\/types\/post"}],"author":[{"embeddable":true,"href":"https:\/\/gazdasagportal.hu\/index.php\/wp-json\/wp\/v2\/users\/1001006"}],"replies":[{"embeddable":true,"href":"https:\/\/gazdasagportal.hu\/index.php\/wp-json\/wp\/v2\/comments?post=126925"}],"version-history":[{"count":1,"href":"https:\/\/gazdasagportal.hu\/index.php\/wp-json\/wp\/v2\/posts\/126925\/revisions"}],"predecessor-version":[{"id":126926,"href":"https:\/\/gazdasagportal.hu\/index.php\/wp-json\/wp\/v2\/posts\/126925\/revisions\/126926"}],"wp:attachment":[{"href":"https:\/\/gazdasagportal.hu\/index.php\/wp-json\/wp\/v2\/media?parent=126925"}],"wp:term":[{"taxonomy":"category","embeddable":true,"href":"https:\/\/gazdasagportal.hu\/index.php\/wp-json\/wp\/v2\/categories?post=126925"},{"taxonomy":"post_tag","embeddable":true,"href":"https:\/\/gazdasagportal.hu\/index.php\/wp-json\/wp\/v2\/tags?post=126925"}],"curies":[{"name":"wp","href":"https:\/\/api.w.org\/{rel}","templated":true}]}}