{"id":12690,"date":"2013-07-30T09:33:59","date_gmt":"2013-07-30T07:33:59","guid":{"rendered":"http:\/\/stockportal.hu\/?p=12690"},"modified":"2013-07-30T09:34:43","modified_gmt":"2013-07-30T07:34:43","slug":"osztol-karcsusithat-a-fed-a-politikajan","status":"publish","type":"post","link":"https:\/\/gazdasagportal.hu\/index.php\/osztol-karcsusithat-a-fed-a-politikajan\/","title":{"rendered":"\u0150szt\u0151l karcs\u00fas\u00edthat a Fed a politik\u00e1j\u00e1n"},"content":{"rendered":"<p><strong>Mindenki a ma kezd\u0151d\u0151 Fed \u00fcl\u00e9sre v\u00e1r, d\u00f6nt\u00e9s azonban csak szerd\u00e1n v\u00e1rhat\u00f3. Val\u00f3sz\u00edn\u0171 se a kamatpolitik\u00e1ban, se a QE3 kapcs\u00e1n nem lesz v\u00e1ltoz\u00e1s. Egyre t\u00f6bb t\u00e9nyez\u0151 azt mutatja viszont, hogy valamilyen karcs\u00fas\u00edt\u00e1s lesz \u0151szt\u0151l a jegybankn\u00e1l. Itthon ingerszeg\u00e9ny a piac.<!--more--><\/strong><\/p>\n<p>&nbsp;<br \/>\n<object width=\"480\" height=\"270\" data=\"http:\/\/gazdasagtv.hu\/embed\/?id=5437\" type=\"application\/x-shockwave-flash\"><param value=\"http:\/\/gazdasagtv.hu\/embed\/?id=5437\" name=\"data\"><param value=\"http:\/\/gazdasagtv.hu\/embed\/?id=5437\" name=\"src\"><param value=\"false\" name=\"menu\"><param value=\"high\" name=\"quality\"><param value=\"#000000\" name=\"bgcolor\"><param value=\"transparent\" name=\"wmode\"><param value=\"file=http:\/\/88.151.99.192\/video\/2013-07-30\/gtv-tozsdelive-equilor-20130730.mp4&#038;image=http:\/\/88.151.99.192\/image\/gen\/2013-07-30\/5437.jpg&#038;showdigits=true&#038;autostart=false&#038;repeat=false&#038;dock=true&#038;controlbar=over&#038;plugins=http:\/\/plugins.longtailvideo.com\/yourlytics-1.swf,timeslidertooltipplugin-2&#038;skin=http:\/\/gazdasagtv.hu\/swf\/skin.zip\" name=\"flashvars\"><\/object><br \/>Forr\u00e1s: <a href=\"http:\/\/gazdasagtv.hu\" style=\"color: #df1100; font-weight: bold; text-decoration: none;\" target=\"_blank\" rel=\"noopener\">Gazdas\u00e1gTV.hu<\/a><\/p>\n","protected":false},"excerpt":{"rendered":"<p>Mindenki a ma kezd\u0151d\u0151 Fed \u00fcl\u00e9sre v\u00e1r, d\u00f6nt\u00e9s azonban csak szerd\u00e1n v\u00e1rhat\u00f3. Val\u00f3sz\u00edn\u0171 se a kamatpolitik\u00e1ban, se a QE3 kapcs\u00e1n nem lesz v\u00e1ltoz\u00e1s. Egyre t\u00f6bb t\u00e9nyez\u0151 azt mutatja viszont, hogy valamilyen karcs\u00fas\u00edt\u00e1s lesz \u0151szt\u0151l a jegybankn\u00e1l. Itthon ingerszeg\u00e9ny a piac.<\/p>\n","protected":false},"author":1,"featured_media":0,"comment_status":"open","ping_status":"closed","sticky":false,"template":"","format":"standard","meta":[],"categories":[8,7],"tags":[],"_links":{"self":[{"href":"https:\/\/gazdasagportal.hu\/index.php\/wp-json\/wp\/v2\/posts\/12690"}],"collection":[{"href":"https:\/\/gazdasagportal.hu\/index.php\/wp-json\/wp\/v2\/posts"}],"about":[{"href":"https:\/\/gazdasagportal.hu\/index.php\/wp-json\/wp\/v2\/types\/post"}],"author":[{"embeddable":true,"href":"https:\/\/gazdasagportal.hu\/index.php\/wp-json\/wp\/v2\/users\/1"}],"replies":[{"embeddable":true,"href":"https:\/\/gazdasagportal.hu\/index.php\/wp-json\/wp\/v2\/comments?post=12690"}],"version-history":[{"count":2,"href":"https:\/\/gazdasagportal.hu\/index.php\/wp-json\/wp\/v2\/posts\/12690\/revisions"}],"predecessor-version":[{"id":12693,"href":"https:\/\/gazdasagportal.hu\/index.php\/wp-json\/wp\/v2\/posts\/12690\/revisions\/12693"}],"wp:attachment":[{"href":"https:\/\/gazdasagportal.hu\/index.php\/wp-json\/wp\/v2\/media?parent=12690"}],"wp:term":[{"taxonomy":"category","embeddable":true,"href":"https:\/\/gazdasagportal.hu\/index.php\/wp-json\/wp\/v2\/categories?post=12690"},{"taxonomy":"post_tag","embeddable":true,"href":"https:\/\/gazdasagportal.hu\/index.php\/wp-json\/wp\/v2\/tags?post=12690"}],"curies":[{"name":"wp","href":"https:\/\/api.w.org\/{rel}","templated":true}]}}