{"id":126876,"date":"2020-05-31T11:51:02","date_gmt":"2020-05-31T09:51:02","guid":{"rendered":"http:\/\/gazdasagportal.hu\/?p=126876"},"modified":"2020-05-31T12:13:34","modified_gmt":"2020-05-31T10:13:34","slug":"heti-tozsdei-osszefoglalo-novekvo-forgalom-mellett-emelkedett-a-bux-a-heten-6","status":"publish","type":"post","link":"https:\/\/gazdasagportal.hu\/index.php\/heti-tozsdei-osszefoglalo-novekvo-forgalom-mellett-emelkedett-a-bux-a-heten-6\/","title":{"rendered":"Heti t\u0151zsdei \u00f6sszefoglal\u00f3 &#8211; N\u00f6vekv\u0151 forgalom mellett emelkedett a BUX a h\u00e9ten"},"content":{"rendered":"<p><strong>Emelkedett a Budapesti \u00c9rt\u00e9kt\u0151zsde (B\u00c9T) r\u00e9szv\u00e9nyindexe az elm\u00falt h\u00e9ten, a BUX 35 875,71 ponton z\u00e1rt p\u00e9nteken, 824,79 ponttal, 2,35 sz\u00e1zal\u00e9kkal magasabban el\u0151z\u0151 heti z\u00e1r\u00f3\u00e9rt\u00e9k\u00e9n\u00e9l. A r\u00e9szv\u00e9nypiac forgalma a h\u00e9ten 94,02 milli\u00e1rd forint volt az el\u0151z\u0151 heti 60,40 milli\u00e1rd forintos ad\u00e1sv\u00e9tel ut\u00e1n.  <\/strong><!--more--><\/p>\n<div class=\"ads-in-post1\"><div id=\"gazdasagportal.hu_fullbanner_wideboard\"><\/div>\r\n<\/div>\n<p>    A Mol kiv\u00e9tel\u00e9vel valamennyi vezet\u0151 r\u00e9szv\u00e9ny er\u0151s\u00f6d\u00f6tt, a legnagyobb m\u00e9rt\u00e9kben az OTP, 6,69 sz\u00e1zal\u00e9kkal.<br \/>\n    Az Equilor Befektet\u00e9si Zrt. MTI-nek k\u00fcld\u00f6tt elemz\u00e9se szerint az Egyes\u00fclt \u00c1llamok \u00fajranyit\u00e1sa miatt pozit\u00edv befektet\u0151i hangulat jellemezte a hetet, ami p\u00e9ntekre bizonytalanra fordult: a piac Donald Trump bejelent\u00e9s\u00e9re v\u00e1rt K\u00edn\u00e1val kapcsolatban, miut\u00e1n a k\u00ednai parlament cs\u00fct\u00f6rt\u00f6k\u00f6n elfogadta a Hongkongra vonatkoz\u00f3, vitatott nemzetbiztons\u00e1gi t\u00f6rv\u00e9nyt.<br \/>\n    A forint a h\u00e9ten tov\u00e1bb er\u0151s\u00f6d\u00f6tt, a doll\u00e1r gyeng\u00fcl\u00e9s\u00e9nek k\u00f6sz\u00f6nhet\u0151en a doll\u00e1r-forint \u00e1rfolyam a 315 forintos szint al\u00e1 esett.<br \/>\n    A makroh\u00edrek k\u00f6z\u00fcl kiemelik, hogy a korm\u00e1ny az idei visszaes\u00e9st k\u00f6vet\u0151en j\u00f6v\u0151re 4,8 sz\u00e1zal\u00e9kos GDP-n\u00f6veked\u00e9st v\u00e1r, az infl\u00e1ci\u00f3 3 sz\u00e1zal\u00e9kon maradhat, a k\u00f6lts\u00e9gvet\u00e9si hi\u00e1ny id\u00e9n 3,8 sz\u00e1zal\u00e9k, j\u00f6v\u0151re 2,9 sz\u00e1zal\u00e9k lehet. Az elemz\u0151i konszenzus id\u00e9n 5 sz\u00e1zal\u00e9kos deficitet v\u00e1r.<br \/>\n    A h\u00e9ten &#8211; a hivatalos k\u00f6zlem\u00e9ny szerint m\u00e1s fontos vezet\u0151i megb\u00edzat\u00e1sa miatt &#8211; lemondott posztj\u00e1r\u00f3l Nagy M\u00e1rton, az MNB aleln\u00f6ke. A monet\u00e1ris politik\u00e1val kapcsolatos feladatokat Vir\u00e1g Barnab\u00e1s, m\u00edg az nhp \u00e9s nkp programok vezet\u00e9s\u00e9t Patai Mih\u00e1ly veszi \u00e1t. Nagy M\u00e1rton dolgozta ki t\u00f6bbek k\u00f6z\u00f6tt a lakoss\u00e1gi devizahitelek forintra v\u00e1lt\u00e1s\u00e1nak konstrukci\u00f3j\u00e1t, illetve gyakran reag\u00e1lt a piaci folyamatokra a nyilv\u00e1noss\u00e1g el\u0151tt. Megsz\u00f3lal\u00e1sai \u00e1ltal\u00e1ban piacmozgat\u00f3 hat\u00e1ssal b\u00edrtak, mivel a szerepl\u0151k meghat\u00e1roz\u00f3 strat\u00e9gak\u00e9nt tekintettek r\u00e1 a jegybankon bel\u00fcl &#8211; \u00edrja elemz\u00e9s\u00e9ben az Equilor.<br \/>\n<div class=\"ads-in-post2\"><script async src=\"https:\/\/pagead2.googlesyndication.com\/pagead\/js\/adsbygoogle.js\"><\/script>\r\n<ins class=\"adsbygoogle\"\r\n     style=\"display:block\"\r\n     data-ad-format=\"fluid\"\r\n     data-ad-layout-key=\"-6t+ed+2i-1n-4w\"\r\n     data-ad-client=\"ca-pub-1959107119989764\"\r\n     data-ad-slot=\"4008251320\"><\/ins>\r\n<script>\r\n     (adsbygoogle = window.adsbygoogle || []).push({});\r\n<\/script><\/div>\n    A monet\u00e1ris tan\u00e1cs keddi kamatd\u00f6nt\u0151 \u00fcl\u00e9s\u00e9n nem v\u00e1ltoztak a kamatszintek, \u00e9s nem volt \u00faj bejelent\u00e9s sem. Az egyhetes bet\u00e9ti eszk\u00f6z 0,9 sz\u00e1zal\u00e9kos szintj\u00e9t megfelel\u0151nek tartja a jegybank. A k\u00f6zlem\u00e9ny utols\u00f3 bekezd\u00e9se tartalm\u00e1ban megfelelt az \u00e1prilisi k\u00f6zlem\u00e9nynek. Eszerint az eszk\u00f6zt\u00e1r \u00e1talak\u00edt\u00e1s\u00e1val \u00e9s kib\u0151v\u00edt\u00e9s\u00e9vel az MNB megn\u00f6velte monet\u00e1ris politikai mozg\u00e1ster\u00e9t, biztos\u00edtva, hogy a rendk\u00edv\u00fcli kih\u00edv\u00e1sokra a tov\u00e1bbiakban is minden r\u00e9szpiacon gyors \u00e9s sz\u00fcks\u00e9ges m\u00e9rt\u00e9k\u0171 v\u00e1laszokat adhasson. Az MNB t\u00f6rv\u00e9nyi mand\u00e1tum\u00e1nak megfelel\u0151en minden rendelkez\u00e9s\u00e9re \u00e1ll\u00f3 eszk\u00f6zt alkalmaz az \u00e1rstabilit\u00e1s el\u00e9r\u00e9se \u00e9s a magyar gazdas\u00e1gi \u00e9s p\u00e9nz\u00fcgyi rendszer t\u00e1mogat\u00e1sa \u00e9rdek\u00e9ben.<br \/>\n    A forint a kamatd\u00f6nt\u00e9s napj\u00e1n m\u00e1r d\u00e9lel\u0151tt er\u0151s\u00f6d\u00f6tt, majd d\u00e9lut\u00e1n folytat\u00f3dott a mozg\u00e1s, az elemz\u00e9s szerint n\u00e9h\u00e1ny piaci szerepl\u0151 arra sz\u00e1m\u00edthatott, hogy a d\u00f6nt\u00e9shoz\u00f3k utal\u00e1sokat tesznek egy k\u00e9s\u0151bbi monet\u00e1ris laz\u00edt\u00e1sra.<br \/>\n    A horv\u00e1t \u00e1llam tov\u00e1bbra is vissza szeretn\u00e9 v\u00e1s\u00e1rolni az INA-t. Tomislav Coric horv\u00e1t k\u00f6rnyezetv\u00e9delmi \u00e9s energia\u00fcgyi miniszter \u00fajs\u00e1g\u00edr\u00f3knak elmondta, hogy a Lazard tan\u00e1csad\u00f3 c\u00e9g j\u00fanius 10-ig k\u00e9sz\u00fcl el az el\u0151zetes becsl\u00e9sekkel, illetve az \u00e9rt\u00e9kel\u00e9ssel, ezt k\u00f6vet\u0151en a korm\u00e1ny \u00e9rdemi d\u00f6nt\u00e9st hozhat az \u00fcgyben. Kor\u00e1bban \u00e1prilis k\u00f6zep\u00e9re \u00edg\u00e9rt\u00e9k az aj\u00e1nlatot, azonban a koronav\u00edrus-j\u00e1rv\u00e1ny kit\u00f6r\u00e9se, illetve egy\u00e9b okok miatt nem siker\u00fclt id\u0151ben elk\u00e9sz\u00fclni.<br \/>\n    A h\u00e9ten bejelentett\u00e9k, hogy a Budapest Bank is csatlakozik az MKB Bank \u00e9s a Takar\u00e9kbank k\u00f6z\u00f6tt nemr\u00e9g l\u00e9trej\u00f6tt egy\u00fcttm\u0171k\u00f6d\u00e9shez, a t\u00e1vlati c\u00e9l a h\u00e1rom p\u00e9nzint\u00e9zet egyes\u00fcl\u00e9s\u00e9vel egy \u00faj bankcsoport l\u00e9trehoz\u00e1sa, mely az OTP m\u00f6g\u00f6tt a m\u00e1sodik legnagyobb szerepl\u0151 lenne. A Magyar Bankholding Zrt. leend\u0151 vez\u00e9rigazgat\u00f3ja Vida J\u00f3zsef lesz.<br \/>\n<div class=\"ads-in-post2\"><script async src=\"https:\/\/pagead2.googlesyndication.com\/pagead\/js\/adsbygoogle.js\"><\/script>\r\n<ins class=\"adsbygoogle\"\r\n     style=\"display:block\"\r\n     data-ad-format=\"fluid\"\r\n     data-ad-layout-key=\"-6t+ed+2i-1n-4w\"\r\n     data-ad-client=\"ca-pub-1959107119989764\"\r\n     data-ad-slot=\"4008251320\"><\/ins>\r\n<script>\r\n     (adsbygoogle = window.adsbygoogle || []).push({});\r\n<\/script><\/div>\n    A h\u00e9ten az OTP-r\u00e9szv\u00e9nyek \u00e1ra 6,69 sz\u00e1zal\u00e9kkal emelkedett, p\u00e9nteken 10 370 forinton z\u00e1rt a pap\u00edr, heti forgalma meghaladta az 53,82 milli\u00e1rd forintot.<br \/>\n    A Richter 0,74 sz\u00e1zal\u00e9kkal er\u0151s\u00f6d\u00f6tt, a h\u00e9t utols\u00f3 keresked\u00e9si napj\u00e1n 6810 forinton z\u00e1rt, heti forgalma t\u00f6bb mint 10,07 milli\u00e1rd forint volt.<br \/>\n    A Mol 1,50 sz\u00e1zal\u00e9kkal gyeng\u00fclt a h\u00e9ten, p\u00e9nteken 1970 forinton fejezte be a keresked\u00e9st, heti forgalma mintegy 12,18 milli\u00e1rd forint volt.<br \/>\n    A Magyar Telekom \u00e1rfolyama 2,34 sz\u00e1zal\u00e9kkal emelkedett, p\u00e9nteki z\u00e1r\u00f3\u00e1ra 393 forint volt, heti forgalma k\u00f6zel 1,03 milli\u00e1rd forintot tett ki.<br \/>\n    A kis- \u00e9s k\u00f6zepes r\u00e9szv\u00e9nyek indexe, a BUMIX 3546,92 ponton z\u00e1rt p\u00e9nteken, az el\u0151z\u0151 h\u00e9thez k\u00e9pest 64,62 ponttal, 1,86 sz\u00e1zal\u00e9kkal magasabban.(MTI)<\/p>\n","protected":false},"excerpt":{"rendered":"<p>Emelkedett a Budapesti \u00c9rt\u00e9kt\u0151zsde (B\u00c9T) r\u00e9szv\u00e9nyindexe az elm\u00falt h\u00e9ten, a BUX 35 875,71 ponton z\u00e1rt p\u00e9nteken, 824,79 ponttal, 2,35 sz\u00e1zal\u00e9kkal magasabban el\u0151z\u0151 heti z\u00e1r\u00f3\u00e9rt\u00e9k\u00e9n\u00e9l. A r\u00e9szv\u00e9nypiac forgalma a h\u00e9ten 94,02 milli\u00e1rd forint volt az el\u0151z\u0151 heti 60,40 milli\u00e1rd forintos ad\u00e1sv\u00e9tel ut\u00e1n.<\/p>\n","protected":false},"author":1001006,"featured_media":83060,"comment_status":"closed","ping_status":"open","sticky":false,"template":"","format":"standard","meta":[],"categories":[146,7],"tags":[],"_links":{"self":[{"href":"https:\/\/gazdasagportal.hu\/index.php\/wp-json\/wp\/v2\/posts\/126876"}],"collection":[{"href":"https:\/\/gazdasagportal.hu\/index.php\/wp-json\/wp\/v2\/posts"}],"about":[{"href":"https:\/\/gazdasagportal.hu\/index.php\/wp-json\/wp\/v2\/types\/post"}],"author":[{"embeddable":true,"href":"https:\/\/gazdasagportal.hu\/index.php\/wp-json\/wp\/v2\/users\/1001006"}],"replies":[{"embeddable":true,"href":"https:\/\/gazdasagportal.hu\/index.php\/wp-json\/wp\/v2\/comments?post=126876"}],"version-history":[{"count":1,"href":"https:\/\/gazdasagportal.hu\/index.php\/wp-json\/wp\/v2\/posts\/126876\/revisions"}],"predecessor-version":[{"id":126877,"href":"https:\/\/gazdasagportal.hu\/index.php\/wp-json\/wp\/v2\/posts\/126876\/revisions\/126877"}],"wp:featuredmedia":[{"embeddable":true,"href":"https:\/\/gazdasagportal.hu\/index.php\/wp-json\/wp\/v2\/media\/83060"}],"wp:attachment":[{"href":"https:\/\/gazdasagportal.hu\/index.php\/wp-json\/wp\/v2\/media?parent=126876"}],"wp:term":[{"taxonomy":"category","embeddable":true,"href":"https:\/\/gazdasagportal.hu\/index.php\/wp-json\/wp\/v2\/categories?post=126876"},{"taxonomy":"post_tag","embeddable":true,"href":"https:\/\/gazdasagportal.hu\/index.php\/wp-json\/wp\/v2\/tags?post=126876"}],"curies":[{"name":"wp","href":"https:\/\/api.w.org\/{rel}","templated":true}]}}