{"id":126870,"date":"2020-05-31T09:45:50","date_gmt":"2020-05-31T07:45:50","guid":{"rendered":"http:\/\/gazdasagportal.hu\/?p=126870"},"modified":"2020-05-31T09:45:50","modified_gmt":"2020-05-31T07:45:50","slug":"koronavirus-mar-csak-9-uj-fertozott-magyarorszagon","status":"publish","type":"post","link":"https:\/\/gazdasagportal.hu\/index.php\/koronavirus-mar-csak-9-uj-fertozott-magyarorszagon\/","title":{"rendered":"Koronav\u00edrus &#8211; M\u00e1r csak 9 \u00faj fert\u0151z\u00f6tt Magyarorsz\u00e1gon"},"content":{"rendered":"<p><strong>Meghalt 2 id\u0151s, kr\u00f3nikus beteg, \u00e9s 9-cel, 3876-ra emelkedett az azonos\u00edtott koronav\u00edrus-fert\u0151z\u00f6ttek sz\u00e1ma Magyarorsz\u00e1gon &#8211; k\u00f6z\u00f6lte a <a href=\"https:\/\/koronavirus.gov.hu\/\" target=\"_blank\" rel=\"noopener noreferrer\">koronavirus.gov.hu<\/a> vas\u00e1rnap reggel.<\/strong><!--more--><br \/>\n<div class=\"ads-in-post1\"><div id=\"gazdasagportal.hu_fullbanner_wideboard\"><\/div>\r\n<\/div>\n<p>A korm\u00e1nyzati port\u00e1lon azt \u00edrt\u00e1k: \u00fajabb magyar \u00e1llampolg\u00e1rokn\u00e1l mutatt\u00e1k ki a koronav\u00edrus-fert\u0151z\u00e9st. Az elhunytak sz\u00e1ma 526-ra emelkedett, 2147-en pedig m\u00e1r meggy\u00f3gyultak.<br \/>\nAz akt\u00edv fert\u0151z\u00f6ttek sz\u00e1ma 1203-ra cs\u00f6kkent. Az akt\u00edv fert\u0151z\u00f6ttek 41 sz\u00e1zal\u00e9ka, az elhunytak 59 sz\u00e1zal\u00e9ka, a gy\u00f3gyultak 48 sz\u00e1zal\u00e9ka budapesti. K\u00f6z\u00f6lt\u00e9k: 419 koronav\u00edrusos beteget \u00e1polnak k\u00f3rh\u00e1zban, k\u00f6z\u00fcl\u00fck 25-en vannak l\u00e9legeztet\u0151g\u00e9pen.<br \/>\nAz oldal adatai szerint jelenleg 11 540-en vannak hat\u00f3s\u00e1gi h\u00e1zi karant\u00e9nban. A mintav\u00e9telek sz\u00e1ma 185 980.<br \/>\nKiemelt\u00e9k: a v\u00e9dekez\u00e9s m\u00e1sodik szakasz\u00e1ban vagyunk. Ez nem a j\u00e1rv\u00e1ny v\u00e9g\u00e9t jelenti, hiszen a j\u00e1rv\u00e1nyvesz\u00e9ly nem m\u00falt el. Az a c\u00e9l, hogy fokozatosan, szigor\u00fa menetrend szerint \u00fajraind\u00edts\u00e1k az \u00e9letet. Tov\u00e1bbra is fontos az \u00e1ltal\u00e1nos \u00f3vint\u00e9zked\u00e9sek, k\u00fcl\u00f6n\u00f6sen a v\u00e9d\u0151t\u00e1vols\u00e1g betart\u00e1sa. M\u00e1r Budapesten is megnyithattak az \u00e9ttermek, a vend\u00e9gl\u00e1t\u00f3helyek, \u00e9s m\u00e1r l\u00e1togathat\u00f3k a szabadt\u00e9ri kultur\u00e1lis \u00e9s sportrendezv\u00e9nyek.<br \/>\n<div class=\"ads-in-post1\"><div id=\"gazdasagportal.hu_fullbanner_wideboard\"><\/div>\r\n<\/div>\nEml\u00e9keztettek, hogy a korm\u00e1ny az Orsz\u00e1ggy\u0171l\u00e9s el\u00e9 terjesztette a k\u00fcl\u00f6nleges jogrend visszavon\u00e1s\u00e1r\u00f3l sz\u00f3l\u00f3 javaslatot. Azt \u00edrt\u00e1k: a k\u00fcl\u00f6nleges jogrendnek az elm\u00falt hetekben jelent\u0151s szerepe volt a sikeres v\u00e9dekez\u00e9sben, mert lehet\u0151v\u00e9 tette a gyors d\u00f6nt\u00e9seket \u00e9s a gyors cselekv\u00e9st. \u00cdgy m\u00e1s orsz\u00e1gokkal ellent\u00e9tben Magyarorsz\u00e1gon el tudt\u00e1k ker\u00fclni a j\u00e1rv\u00e1ny berobban\u00e1s\u00e1t, a t\u00f6meges megbeteged\u00e9seket, a t\u00f6bb ezer hal\u00e1lesetet. A j\u00e1rv\u00e1nyvesz\u00e9ly azonban nem m\u00falt el, ez\u00e9rt a j\u00e1rv\u00e1ny\u00fcgyi k\u00e9sz\u00fclts\u00e9get a vesz\u00e9lyhelyzet ut\u00e1n is fenn kell tartani &#8211; hangs\u00falyozt\u00e1k.<br \/>\n<div class=\"ads-in-post2\"><script async src=\"https:\/\/pagead2.googlesyndication.com\/pagead\/js\/adsbygoogle.js\"><\/script>\r\n<ins class=\"adsbygoogle\"\r\n     style=\"display:block\"\r\n     data-ad-format=\"fluid\"\r\n     data-ad-layout-key=\"-6t+ed+2i-1n-4w\"\r\n     data-ad-client=\"ca-pub-1959107119989764\"\r\n     data-ad-slot=\"4008251320\"><\/ins>\r\n<script>\r\n     (adsbygoogle = window.adsbygoogle || []).push({});\r\n<\/script><\/div>\nAz oldal t\u00e9rk\u00e9pe alapj\u00e1n tov\u00e1bbra is Budapesten (1841) \u00e9s Pest megy\u00e9ben (552) van a legt\u00f6bb fert\u0151z\u00f6tt. Ezt k\u00f6veti Fej\u00e9r (371), Kom\u00e1rom-Esztergom (259), Zala (253), majd Csongr\u00e1d megye (115). A legkevesebb fert\u0151z\u00f6tt B\u00e9k\u00e9s (11) \u00e9s Heves megy\u00e9ben (14) van Magyarorsz\u00e1gon.(MTI)<\/p>\n","protected":false},"excerpt":{"rendered":"<p>Meghalt 2 id\u0151s, kr\u00f3nikus beteg, \u00e9s 9-cel, 3876-ra emelkedett az azonos\u00edtott koronav\u00edrus-fert\u0151z\u00f6ttek sz\u00e1ma Magyarorsz\u00e1gon &#8211; k\u00f6z\u00f6lte a koronavirus.gov.hu vas\u00e1rnap reggel.<\/p>\n","protected":false},"author":1001006,"featured_media":126083,"comment_status":"closed","ping_status":"open","sticky":false,"template":"","format":"standard","meta":[],"categories":[146,4],"tags":[428],"_links":{"self":[{"href":"https:\/\/gazdasagportal.hu\/index.php\/wp-json\/wp\/v2\/posts\/126870"}],"collection":[{"href":"https:\/\/gazdasagportal.hu\/index.php\/wp-json\/wp\/v2\/posts"}],"about":[{"href":"https:\/\/gazdasagportal.hu\/index.php\/wp-json\/wp\/v2\/types\/post"}],"author":[{"embeddable":true,"href":"https:\/\/gazdasagportal.hu\/index.php\/wp-json\/wp\/v2\/users\/1001006"}],"replies":[{"embeddable":true,"href":"https:\/\/gazdasagportal.hu\/index.php\/wp-json\/wp\/v2\/comments?post=126870"}],"version-history":[{"count":1,"href":"https:\/\/gazdasagportal.hu\/index.php\/wp-json\/wp\/v2\/posts\/126870\/revisions"}],"predecessor-version":[{"id":126873,"href":"https:\/\/gazdasagportal.hu\/index.php\/wp-json\/wp\/v2\/posts\/126870\/revisions\/126873"}],"wp:featuredmedia":[{"embeddable":true,"href":"https:\/\/gazdasagportal.hu\/index.php\/wp-json\/wp\/v2\/media\/126083"}],"wp:attachment":[{"href":"https:\/\/gazdasagportal.hu\/index.php\/wp-json\/wp\/v2\/media?parent=126870"}],"wp:term":[{"taxonomy":"category","embeddable":true,"href":"https:\/\/gazdasagportal.hu\/index.php\/wp-json\/wp\/v2\/categories?post=126870"},{"taxonomy":"post_tag","embeddable":true,"href":"https:\/\/gazdasagportal.hu\/index.php\/wp-json\/wp\/v2\/tags?post=126870"}],"curies":[{"name":"wp","href":"https:\/\/api.w.org\/{rel}","templated":true}]}}