{"id":126842,"date":"2020-05-30T16:31:08","date_gmt":"2020-05-30T14:31:08","guid":{"rendered":"http:\/\/gazdasagportal.hu\/?p=126842"},"modified":"2020-05-30T16:31:08","modified_gmt":"2020-05-30T14:31:08","slug":"washington-megszunteti-kapcsolatait-a-who-val-es-visszavonja-hongkong-kulonleges-kereskedelmi-statusat","status":"publish","type":"post","link":"https:\/\/gazdasagportal.hu\/index.php\/washington-megszunteti-kapcsolatait-a-who-val-es-visszavonja-hongkong-kulonleges-kereskedelmi-statusat\/","title":{"rendered":"Washington megsz\u00fcnteti kapcsolatait a WHO-val \u00e9s visszavonja Hongkong k\u00fcl\u00f6nleges kereskedelmi st\u00e1tus\u00e1t"},"content":{"rendered":"<p><strong>Washington megsz\u00fcnteti minden kapcsolat\u00e1t az Eg\u00e9szs\u00e9g\u00fcgyi Vil\u00e1gszervezettel (WHO), valamint a k\u00ednai jogs\u00e9rt\u00e9s miatt visszavonja Hongkong k\u00fcl\u00f6nleges kereskedelmi st\u00e1tus\u00e1t &#8211; jelentette be az amerikai eln\u00f6k a Feh\u00e9r H\u00e1z R\u00f3zsakertj\u00e9ben p\u00e9nteken.<\/strong><!--more--><br \/>\n<div class=\"ads-in-post1\"><div id=\"gazdasagportal.hu_fullbanner_wideboard\"><\/div>\r\n<\/div>\n<p>    R\u00f6vid nyilatkozat\u00e1ban Donald Trump hangs\u00falyozta, hogy a WHO nem hozta meg a koronav\u00edrus-j\u00e1rv\u00e1ny miatt sz\u00fcks\u00e9gess\u00e9 v\u00e1lt reformokat, ez\u00e9rt szak\u00edtanak meg vele minden kapcsolatot. K\u00f6z\u00f6lte: a szervezet m\u0171k\u00f6d\u00e9s\u00e9hez biztos\u00edtott eddigi amerikai hozz\u00e1j\u00e1rul\u00e1s \u00f6sszeg\u00e9t Washington m\u00e1s szervezetekhez ir\u00e1ny\u00edtja \u00e1t.<br \/>\n    Trump egy\u00fattal ism\u00e9t elmarasztalta K\u00edn\u00e1t az eg\u00e9sz vil\u00e1got s\u00fajt\u00f3 j\u00e1rv\u00e1ny kezel\u00e9s\u00e9\u00e9rt.<br \/>\n    Er\u0151teljesen b\u00edr\u00e1lta az \u00e1zsiai orsz\u00e1got a Hongkonggal kapcsolatos politik\u00e1ja miatt is, mondv\u00e1n, hogy megs\u00e9rtett\u00e9k a Hongkongra vonatkoz\u00f3 brit-k\u00ednai k\u00e9toldal\u00fa nyilatkozatban foglaltakat, amelyek a t\u00f6bbi k\u00f6z\u00f6tt k\u00f6telezik Pekinget Hongkong auton\u00f3mi\u00e1j\u00e1nak tiszteletben tart\u00e1s\u00e1ra.<br \/>\n<div class=\"ads-in-post2\"><script async src=\"https:\/\/pagead2.googlesyndication.com\/pagead\/js\/adsbygoogle.js\"><\/script>\r\n<ins class=\"adsbygoogle\"\r\n     style=\"display:block\"\r\n     data-ad-format=\"fluid\"\r\n     data-ad-layout-key=\"-6t+ed+2i-1n-4w\"\r\n     data-ad-client=\"ca-pub-1959107119989764\"\r\n     data-ad-slot=\"4008251320\"><\/ins>\r\n<script>\r\n     (adsbygoogle = window.adsbygoogle || []).push({});\r\n<\/script><\/div>\n    &#8222;Megszegt\u00e9k a vil\u00e1gnak adott szavukat Hongkong auton\u00f3mi\u00e1j\u00e1nak biztos\u00edt\u00e1s\u00e1t illet\u0151en&#8221; &#8211; fogalmazott, \u00e9s az eg\u00e9sz vil\u00e1g sz\u00e1m\u00e1ra &#8222;trag\u00e9di\u00e1nak&#8221; nevezte a k\u00ednai nemzetbiztons\u00e1gi t\u00f6rv\u00e9nyt.<br \/>\n    &#8222;Arra utas\u00edtom korm\u00e1nyzatomat, hogy kezdje meg azon politikai kedvezm\u00e9nyek megsz\u00fcntet\u00e9s\u00e9nek folyamat\u00e1t, amelyek egy sor ter\u00fcleten k\u00fcl\u00f6nleges elb\u00edr\u00e1l\u00e1st biztos\u00edtottak Hongkongnak&#8221; &#8211; mondta.<br \/>\n    Konkr\u00e9tan Hongkong k\u00fcl\u00f6nleges kereskedelmi st\u00e1tus\u00e1nak visszavon\u00e1s\u00e1t eml\u00edtette meg, de k\u00f6z\u00f6lte, hogy az amerikai int\u00e9zked\u00e9sek \u00e9rintik majd a Hongkonggal k\u00f6t\u00f6tt meg\u00e1llapod\u00e1sok eg\u00e9sz sor\u00e1t. Lesz\u00f6gezte, hogy Hongkong imm\u00e1r &#8222;nem megfelel\u0151 m\u00e9rt\u00e9kben auton\u00f3m&#8221; ahhoz, hogy \u00e9lvezhesse az amerikai t\u00f6rv\u00e9nyek \u00e1ltal biztos\u00edtott kedvezm\u00e9nyeket.<br \/>\n<div class=\"ads-in-post1\"><div id=\"gazdasagportal.hu_fullbanner_wideboard\"><\/div>\r\n<\/div>\n    Az eln\u00f6k bejelentette, hogy munkacsoport fogja vizsg\u00e1lni a k\u00ednai v\u00e1llalatok amerikai t\u0151zsdei &#8211; ahogyan fogalmazott &#8211; &#8222;praktik\u00e1it&#8221;. K\u00f6z\u00f6lte azt is: a korm\u00e1nyzat felf\u00fcggeszti &#8222;egyes k\u00ednai \u00e1llampolg\u00e1rok&#8221; amerikai beutaz\u00e1s\u00e1nak enged\u00e9lyez\u00e9s\u00e9t, azok\u00e9it, akikr\u0151l &#8222;meg\u00e1llap\u00edtottuk, hogy lehets\u00e9ges biztons\u00e1gi kock\u00e1zatot jelentenek sz\u00e1munkra&#8221;. Nem fejtette ki, hogy a tilt\u00e1s mennyi ideig lesz \u00e9rv\u00e9nyben, de azt mondta, hogy az int\u00e9zked\u00e9s az amerikai egyetemekre \u00e9s kutat\u00f3int\u00e9zetekbe \u00e9rkez\u0151 k\u00ednaiakat \u00e9rinti majd. Err\u0151l k\u00e9s\u0151bb k\u00fcl\u00f6n nyilatkozatban rendelkezik &#8211; tette hozz\u00e1.(MTI)<\/p>\n","protected":false},"excerpt":{"rendered":"<p>Washington megsz\u00fcnteti minden kapcsolat\u00e1t az Eg\u00e9szs\u00e9g\u00fcgyi Vil\u00e1gszervezettel (WHO), valamint a k\u00ednai jogs\u00e9rt\u00e9s miatt visszavonja Hongkong k\u00fcl\u00f6nleges kereskedelmi st\u00e1tus\u00e1t &#8211; jelentette be az amerikai eln\u00f6k a Feh\u00e9r H\u00e1z R\u00f3zsakertj\u00e9ben p\u00e9nteken.<\/p>\n","protected":false},"author":1001006,"featured_media":0,"comment_status":"closed","ping_status":"open","sticky":false,"template":"","format":"standard","meta":[],"categories":[13,427,246],"tags":[428],"_links":{"self":[{"href":"https:\/\/gazdasagportal.hu\/index.php\/wp-json\/wp\/v2\/posts\/126842"}],"collection":[{"href":"https:\/\/gazdasagportal.hu\/index.php\/wp-json\/wp\/v2\/posts"}],"about":[{"href":"https:\/\/gazdasagportal.hu\/index.php\/wp-json\/wp\/v2\/types\/post"}],"author":[{"embeddable":true,"href":"https:\/\/gazdasagportal.hu\/index.php\/wp-json\/wp\/v2\/users\/1001006"}],"replies":[{"embeddable":true,"href":"https:\/\/gazdasagportal.hu\/index.php\/wp-json\/wp\/v2\/comments?post=126842"}],"version-history":[{"count":1,"href":"https:\/\/gazdasagportal.hu\/index.php\/wp-json\/wp\/v2\/posts\/126842\/revisions"}],"predecessor-version":[{"id":126843,"href":"https:\/\/gazdasagportal.hu\/index.php\/wp-json\/wp\/v2\/posts\/126842\/revisions\/126843"}],"wp:attachment":[{"href":"https:\/\/gazdasagportal.hu\/index.php\/wp-json\/wp\/v2\/media?parent=126842"}],"wp:term":[{"taxonomy":"category","embeddable":true,"href":"https:\/\/gazdasagportal.hu\/index.php\/wp-json\/wp\/v2\/categories?post=126842"},{"taxonomy":"post_tag","embeddable":true,"href":"https:\/\/gazdasagportal.hu\/index.php\/wp-json\/wp\/v2\/tags?post=126842"}],"curies":[{"name":"wp","href":"https:\/\/api.w.org\/{rel}","templated":true}]}}