{"id":126730,"date":"2020-05-27T11:14:27","date_gmt":"2020-05-27T09:14:27","guid":{"rendered":"http:\/\/gazdasagportal.hu\/?p=126730"},"modified":"2020-05-27T06:41:32","modified_gmt":"2020-05-27T04:41:32","slug":"koronavirus-pentektol-ujra-nyitva-a-buki-gyogy-es-termalfurdo","status":"publish","type":"post","link":"https:\/\/gazdasagportal.hu\/index.php\/koronavirus-pentektol-ujra-nyitva-a-buki-gyogy-es-termalfurdo\/","title":{"rendered":"Koronav\u00edrus &#8211; P\u00e9ntekt\u0151l \u00fajra nyitva a b\u00fcki gy\u00f3gy- \u00e9s term\u00e1lf\u00fcrd\u0151"},"content":{"rendered":"<p><strong>Ism\u00e9t fogadja vend\u00e9geit B\u00fck\u00f6n a gy\u00f3gy- \u00e9s term\u00e1lf\u00fcrd\u0151 p\u00e9ntekt\u0151l, a f\u00fcrd\u0151z\u0151knek azonban a koronav\u00edrus-j\u00e1rv\u00e1ny miatt sz\u00e1mos eg\u00e9szs\u00e9g\u00fcgyi el\u0151\u00edr\u00e1st kell majd betartaniuk &#8211; k\u00f6z\u00f6lte a B\u00fcki Gy\u00f3gyf\u00fcrd\u0151 Zrt. az MTI-vel.<\/strong><!--more--><\/p>\n<div class=\"ads-in-post1\"><div id=\"gazdasagportal.hu_fullbanner_wideboard\"><\/div>\r\n<\/div>\n<p>    Keddi k\u00f6zlem\u00e9ny\u00fck szerint a f\u00fcrd\u0151gy\u00f3gy\u00e1szati r\u00e9szleg \u00e9s a Medical Wellness csak korl\u00e1tozott sz\u00e1m\u00fa szolg\u00e1ltat\u00e1st ny\u00fajt majd, de Magyarorsz\u00e1gon B\u00fckf\u00fcrd\u0151 azon kev\u00e9s f\u00fcrd\u0151k k\u00f6z\u00e9 tartozik, amely hat\u00f3s\u00e1gi enged\u00e9llyel rendelkezik a gy\u00f3gymedenc\u00e9k fert\u0151tlen\u00edt\u00e9s\u00e9re, \u00edgy a t\u00edz forgatott viz\u0171 medence mellett \u00f6t gy\u00f3gyvizes medenc\u00e9t is \u00fczemeltetnek a p\u00fcnk\u00f6sdi h\u00e9tv\u00e9g\u00e9t\u0151l.<br \/>\n    Hozz\u00e1f\u0171zt\u00e9k: egym\u00e1st\u00f3l elk\u00fcl\u00f6n\u00edtett pihen\u0151szektorokat alak\u00edtottak ki a senior koroszt\u00e1ly, a csal\u00e1dosok \u00e9s a gyermek n\u00e9lk\u00fcl \u00e9rkez\u0151 feln\u0151ttek sz\u00e1m\u00e1ra, a medenc\u00e9kben val\u00f3 egyidej\u0171 tart\u00f3zkod\u00e1st a f\u00fcrd\u0151z\u0151k megsz\u00e1mol\u00e1sa helyett egyedi m\u00f3dszerrel oldj\u00e1k meg: minden medenc\u00e9n\u00e9l fert\u0151tlen\u00edtett szilikonkark\u00f6t\u0151ket helyeznek el, annyit, ah\u00e1ny vend\u00e9g bemehet az adott medenc\u00e9be.<br \/>\n<div class=\"ads-in-post2\"><script async src=\"https:\/\/pagead2.googlesyndication.com\/pagead\/js\/adsbygoogle.js\"><\/script>\r\n<ins class=\"adsbygoogle\"\r\n     style=\"display:block\"\r\n     data-ad-format=\"fluid\"\r\n     data-ad-layout-key=\"-6t+ed+2i-1n-4w\"\r\n     data-ad-client=\"ca-pub-1959107119989764\"\r\n     data-ad-slot=\"4008251320\"><\/ins>\r\n<script>\r\n     (adsbygoogle = window.adsbygoogle || []).push({});\r\n<\/script><\/div>\n    B\u00fckf\u00fcrd\u0151n a sz\u00e1llod\u00e1k \u00e9s panzi\u00f3k tulajdonosai &#8211; noha jelent\u0151s vesztes\u00e9geket k\u00f6nyveltek el a koronav\u00edrus-j\u00e1rv\u00e1ny miatt &#8211; megtartott\u00e1k dolgoz\u00f3ikat, a k\u00e9nyszer\u0171 \u00fczemsz\u00fcnetet pedig fel\u00faj\u00edt\u00e1ssal, karbantart\u00e1ssal t\u00f6lt\u00f6tt\u00e9k. B\u00edznak abban, hogy \u00fajra\u00e9led a belf\u00f6ldi turizmus, a &#8222;Maradj otthon!&#8221; \u00fczenetet pedig a &#8222;Nyaralj itthon!&#8221; \u00fczenet v\u00e1ltja fel &#8211; \u00e1ll a k\u00f6zlem\u00e9nyben.(MTI)<\/p>\n","protected":false},"excerpt":{"rendered":"<p>Ism\u00e9t fogadja vend\u00e9geit B\u00fck\u00f6n a gy\u00f3gy- \u00e9s term\u00e1lf\u00fcrd\u0151 p\u00e9ntekt\u0151l, a f\u00fcrd\u0151z\u0151knek azonban a koronav\u00edrus-j\u00e1rv\u00e1ny miatt sz\u00e1mos eg\u00e9szs\u00e9g\u00fcgyi el\u0151\u00edr\u00e1st kell majd betartaniuk &#8211; k\u00f6z\u00f6lte a B\u00fcki Gy\u00f3gyf\u00fcrd\u0151 Zrt. az MTI-vel.<\/p>\n","protected":false},"author":1001006,"featured_media":0,"comment_status":"closed","ping_status":"open","sticky":false,"template":"","format":"standard","meta":[],"categories":[4,427],"tags":[428],"_links":{"self":[{"href":"https:\/\/gazdasagportal.hu\/index.php\/wp-json\/wp\/v2\/posts\/126730"}],"collection":[{"href":"https:\/\/gazdasagportal.hu\/index.php\/wp-json\/wp\/v2\/posts"}],"about":[{"href":"https:\/\/gazdasagportal.hu\/index.php\/wp-json\/wp\/v2\/types\/post"}],"author":[{"embeddable":true,"href":"https:\/\/gazdasagportal.hu\/index.php\/wp-json\/wp\/v2\/users\/1001006"}],"replies":[{"embeddable":true,"href":"https:\/\/gazdasagportal.hu\/index.php\/wp-json\/wp\/v2\/comments?post=126730"}],"version-history":[{"count":1,"href":"https:\/\/gazdasagportal.hu\/index.php\/wp-json\/wp\/v2\/posts\/126730\/revisions"}],"predecessor-version":[{"id":126731,"href":"https:\/\/gazdasagportal.hu\/index.php\/wp-json\/wp\/v2\/posts\/126730\/revisions\/126731"}],"wp:attachment":[{"href":"https:\/\/gazdasagportal.hu\/index.php\/wp-json\/wp\/v2\/media?parent=126730"}],"wp:term":[{"taxonomy":"category","embeddable":true,"href":"https:\/\/gazdasagportal.hu\/index.php\/wp-json\/wp\/v2\/categories?post=126730"},{"taxonomy":"post_tag","embeddable":true,"href":"https:\/\/gazdasagportal.hu\/index.php\/wp-json\/wp\/v2\/tags?post=126730"}],"curies":[{"name":"wp","href":"https:\/\/api.w.org\/{rel}","templated":true}]}}