{"id":126728,"date":"2020-05-27T10:39:14","date_gmt":"2020-05-27T08:39:14","guid":{"rendered":"http:\/\/gazdasagportal.hu\/?p=126728"},"modified":"2020-05-27T06:40:06","modified_gmt":"2020-05-27T04:40:06","slug":"koltsegvetes-penzugyminiszterium-a-fovarosnak-is-hozza-kell-jarulnia-az-allamhaztartas-kiadasaihoz","status":"publish","type":"post","link":"https:\/\/gazdasagportal.hu\/index.php\/koltsegvetes-penzugyminiszterium-a-fovarosnak-is-hozza-kell-jarulnia-az-allamhaztartas-kiadasaihoz\/","title":{"rendered":"K\u00f6lts\u00e9gvet\u00e9s &#8211; P\u00e9nz\u00fcgyminiszt\u00e9rium: a f\u0151v\u00e1rosnak is hozz\u00e1 kell j\u00e1rulnia az \u00e1llamh\u00e1ztart\u00e1s kiad\u00e1saihoz"},"content":{"rendered":"<p><strong>A f\u0151v\u00e1ros az egyik legjobb anyagi helyzetben l\u00e9v\u0151 \u00f6nkorm\u00e1nyzat, m\u00e1s \u00f6nkorm\u00e1nyzatokhoz hasonl\u00f3an, hozz\u00e1 kell j\u00e1rulnia az \u00e1llamh\u00e1ztart\u00e1s kiad\u00e1saihoz &#8211; reag\u00e1lt Banai P\u00e9ter Ben\u0151, a P\u00e9nz\u00fcgyminiszt\u00e9rium \u00e1llamh\u00e1ztart\u00e1s\u00e9rt felel\u0151s \u00e1llamtitk\u00e1ra kedden este a H\u00edr Tv Magyarorsz\u00e1g \u00e9l\u0151ben c\u00edm\u0171 m\u0171sor\u00e1ban a f\u0151polg\u00e1rmester \u00e1ll\u00edt\u00e1saira.<\/strong><!--more--><\/p>\n<div class=\"ads-in-post1\"><div id=\"gazdasagportal.hu_fullbanner_wideboard\"><\/div>\r\n<\/div>\n<p>    Kar\u00e1csony Gergely a kedden beny\u00fajtott k\u00f6lts\u00e9gvet\u00e9si javaslatr\u00f3l azt mondta, k\u00e9t olyan v\u00e1ltoz\u00e1s is van a t\u00f6rv\u00e9nyjavaslatban, amelyek dr\u00e1mai m\u00e9rt\u00e9kben lehetetlen\u00edtik el az \u00f6nkorm\u00e1nyzatokat. Az egyik a g\u00e9pj\u00e1rm\u0171ad\u00f3 \u00e1tcsoportos\u00edt\u00e1sa, amelynek fele r\u00e9sze eddig az \u00f6nkorm\u00e1nyzatok bev\u00e9tel\u00e9t er\u0151s\u00edtette. A m\u00e1sik az \u00fagynevezett szolidarit\u00e1si hozz\u00e1j\u00e1rul\u00e1s \u00f6sszeg\u00e9nek megemel\u00e9se. Sz\u00e1m\u00edt\u00e1saik szerint az idei 10 milli\u00e1rd forint helyett j\u00f6v\u0151re ennek k\u00f6zel n\u00e9gyszeres\u00e9t kell majd a f\u0151v\u00e1rosnak ad\u00f3 form\u00e1j\u00e1ban befizetnie a k\u00f6zponti k\u00f6lts\u00e9gvet\u00e9sbe. Hozz\u00e1tette: mindezt olyan helyzetben, amikor dr\u00e1maian cs\u00f6kkentek a t\u00f6megk\u00f6zleked\u00e9s jegybev\u00e9telei, \u00e9s v\u00e1rhat\u00f3an dr\u00e1maian cs\u00f6kkenni fog az \u00f6nkorm\u00e1nyzat legfontosabb bev\u00e9teli forr\u00e1sa, a helyi ipar\u0171z\u00e9si ad\u00f3b\u00f3l (hipa) befoly\u00f3 \u00f6sszeg is.<br \/>\n    Banai P\u00e9ter Ben\u0151 kifejtette: val\u00f3ban n\u0151 a f\u0151v\u00e1ros \u00e1ltal fizetend\u0151 szolidarit\u00e1si hozz\u00e1j\u00e1rul\u00e1s \u00f6sszege. A f\u0151v\u00e1ros azonban egy j\u00f3 anyagi helyzetben l\u00e9v\u0151 \u00f6nkorm\u00e1nyzat, ipar\u0171z\u00e9siad\u00f3-bev\u00e9tele tavaly k\u00f6zel 164 milli\u00e1rd forintot tett ki. A f\u0151v\u00e1rosi \u00f6nkorm\u00e1nyzat \u00fagynevezett ad\u00f3er\u0151k\u00e9pess\u00e9ge nagyj\u00e1b\u00f3l h\u00e1romszorosa egy \u00e1tlagos magyar telep\u00fcl\u00e9s\u00e9nek.<br \/>\n<div class=\"ads-in-post2\"><script async src=\"https:\/\/pagead2.googlesyndication.com\/pagead\/js\/adsbygoogle.js\"><\/script>\r\n<ins class=\"adsbygoogle\"\r\n     style=\"display:block\"\r\n     data-ad-format=\"fluid\"\r\n     data-ad-layout-key=\"-6t+ed+2i-1n-4w\"\r\n     data-ad-client=\"ca-pub-1959107119989764\"\r\n     data-ad-slot=\"4008251320\"><\/ins>\r\n<script>\r\n     (adsbygoogle = window.adsbygoogle || []).push({});\r\n<\/script><\/div>\n    Az \u00e1llamtitk\u00e1r hangs\u00falyozta, a f\u0151v\u00e1rosnak m\u00e1s \u00f6nkorm\u00e1nyzatokhoz hasonl\u00f3an hozz\u00e1 kell j\u00e1rulnia az \u00e1llamh\u00e1ztart\u00e1s kiad\u00e1saihoz. Hozz\u00e1tette, a szolidarit\u00e1si hozz\u00e1j\u00e1rul\u00e1s \u00f6sszeg\u00e9t az \u00f6nkorm\u00e1nyzatok ad\u00f3er\u0151k\u00e9pess\u00e9ge, anyagi helyzete alapj\u00e1n egy k\u00e9plet hat\u00e1rozza meg, \u00e9s mindenkinek egys\u00e9ges szab\u00e1lyok szerint kell fizetnie. Egy kiv\u00e9tel van, a f\u0151v\u00e1ros, amelynek csak a k\u00e9pletb\u0151l ad\u00f3d\u00f3 befizet\u00e9s 85 sz\u00e1zal\u00e9k\u00e1t kell teljes\u00edtenie. Ezt a f\u0151polg\u00e1rmester nem eml\u00edtette, de ha ez alapj\u00e1n sz\u00e1mol &#8211; m\u00e1rpedig ez egy t\u00f6rv\u00e9nyben l\u00e9v\u0151 rendelkez\u00e9s &#8211; akkor m\u00e1s eredm\u00e9nyt fog kapni &#8211; mondta.<br \/>\n    A f\u0151polg\u00e1rmester azt sem eml\u00edtette, hogy nemcsak a szolidarit\u00e1si hozz\u00e1j\u00e1rul\u00e1s n\u0151, hanem a k\u00f6telez\u0151 \u00f6nkorm\u00e1nyzati feladatokra, a k\u00f6zponti k\u00f6lts\u00e9gvet\u00e9sb\u0151l ny\u00fajtott t\u00e1mogat\u00e1s is n\u0151 7 milli\u00e1rd forinttal. Megjegyezte, j\u00f6v\u0151re gazdas\u00e1gi n\u00f6veked\u00e9ssel kalkul\u00e1lnak, teh\u00e1t t\u00f6bb bev\u00e9tele lesz az \u00f6nkorm\u00e1nyzatnak a hip\u00e1b\u00f3l, mint id\u00e9n.(MTI)<\/p>\n","protected":false},"excerpt":{"rendered":"<p>A f\u0151v\u00e1ros az egyik legjobb anyagi helyzetben l\u00e9v\u0151 \u00f6nkorm\u00e1nyzat, m\u00e1s \u00f6nkorm\u00e1nyzatokhoz hasonl\u00f3an, hozz\u00e1 kell j\u00e1rulnia az \u00e1llamh\u00e1ztart\u00e1s kiad\u00e1saihoz &#8211; reag\u00e1lt Banai P\u00e9ter Ben\u0151, a P\u00e9nz\u00fcgyminiszt\u00e9rium \u00e1llamh\u00e1ztart\u00e1s\u00e9rt felel\u0151s \u00e1llamtitk\u00e1ra kedden este a H\u00edr Tv Magyarorsz\u00e1g \u00e9l\u0151ben c\u00edm\u0171 m\u0171sor\u00e1ban a f\u0151polg\u00e1rmester \u00e1ll\u00edt\u00e1saira.<\/p>\n","protected":false},"author":1001006,"featured_media":0,"comment_status":"closed","ping_status":"open","sticky":false,"template":"","format":"standard","meta":[],"categories":[19],"tags":[],"_links":{"self":[{"href":"https:\/\/gazdasagportal.hu\/index.php\/wp-json\/wp\/v2\/posts\/126728"}],"collection":[{"href":"https:\/\/gazdasagportal.hu\/index.php\/wp-json\/wp\/v2\/posts"}],"about":[{"href":"https:\/\/gazdasagportal.hu\/index.php\/wp-json\/wp\/v2\/types\/post"}],"author":[{"embeddable":true,"href":"https:\/\/gazdasagportal.hu\/index.php\/wp-json\/wp\/v2\/users\/1001006"}],"replies":[{"embeddable":true,"href":"https:\/\/gazdasagportal.hu\/index.php\/wp-json\/wp\/v2\/comments?post=126728"}],"version-history":[{"count":1,"href":"https:\/\/gazdasagportal.hu\/index.php\/wp-json\/wp\/v2\/posts\/126728\/revisions"}],"predecessor-version":[{"id":126729,"href":"https:\/\/gazdasagportal.hu\/index.php\/wp-json\/wp\/v2\/posts\/126728\/revisions\/126729"}],"wp:attachment":[{"href":"https:\/\/gazdasagportal.hu\/index.php\/wp-json\/wp\/v2\/media?parent=126728"}],"wp:term":[{"taxonomy":"category","embeddable":true,"href":"https:\/\/gazdasagportal.hu\/index.php\/wp-json\/wp\/v2\/categories?post=126728"},{"taxonomy":"post_tag","embeddable":true,"href":"https:\/\/gazdasagportal.hu\/index.php\/wp-json\/wp\/v2\/tags?post=126728"}],"curies":[{"name":"wp","href":"https:\/\/api.w.org\/{rel}","templated":true}]}}