{"id":126719,"date":"2020-05-27T06:35:33","date_gmt":"2020-05-27T04:35:33","guid":{"rendered":"http:\/\/gazdasagportal.hu\/?p=126719"},"modified":"2020-05-27T06:33:02","modified_gmt":"2020-05-27T04:33:02","slug":"washington-ismet-figyelmeztette-kinat-hongkong-elveszitheti-nemzetkozi-penzugyi-szerepet","status":"publish","type":"post","link":"https:\/\/gazdasagportal.hu\/index.php\/washington-ismet-figyelmeztette-kinat-hongkong-elveszitheti-nemzetkozi-penzugyi-szerepet\/","title":{"rendered":"Washington ism\u00e9t figyelmeztette K\u00edn\u00e1t: Hongkong elvesz\u00edtheti nemzetk\u00f6zi p\u00e9nz\u00fcgyi szerep\u00e9t"},"content":{"rendered":"<p><strong>Hongkong elvesz\u00edtheti nemzetk\u00f6zi p\u00e9nz\u00fcgyi szerep\u00e9t &#8211; figyelmeztette Kayleigh McEnany, a Feh\u00e9r H\u00e1z sz\u00f3viv\u0151je K\u00edn\u00e1t a kedden tartott sajt\u00f3konferenci\u00e1j\u00e1n.<\/strong><!--more--><br \/>\n<div class=\"ads-in-post1\"><div id=\"gazdasagportal.hu_fullbanner_wideboard\"><\/div>\r\n<\/div>\n<p>    McEnany kifejtette: az Egyes\u00fclt \u00c1llamok eln\u00f6ke, Donald Trump &#8222;el\u00e9gedetlen&#8221; azzal, hogy &#8211; szerinte &#8211; K\u00edna meg akarja fosztani Hongkongot az auton\u00f3mi\u00e1j\u00e1t\u00f3l.<br \/>\n    &#8222;Neh\u00e9z elk\u00e9pzelni, hogyan maradhatna Hongkong tov\u00e1bbra is p\u00e9nz\u00fcgyi k\u00f6zpont, ha K\u00edna veszi \u00e1t felette az ellen\u0151rz\u00e9st&#8221; &#8211; fogalmazta meg a Feh\u00e9r H\u00e1z \u00e1ll\u00e1spontj\u00e1t a sz\u00f3viv\u0151n\u0151.<br \/>\n    Trump k\u00e9s\u0151bb &#8211; m\u00e1r j\u00f3val a sajt\u00f3konferencia ut\u00e1n &#8211; \u00fajs\u00e1g\u00edr\u00f3knak azt mondta: az amerikai korm\u00e1ny m\u00e9g a h\u00e9ten d\u00f6nt\u00e9st hoz a K\u00edna elleni l\u00e9p\u00e9sekr\u0151l. Arra a k\u00e9rd\u00e9sre, hogy a korm\u00e1nyzat vajon szankci\u00f3kat tervez-e K\u00edn\u00e1val szemben, az eln\u00f6k azt v\u00e1laszolta: &#8222;azt hiszem, nagyon \u00e9rdekesnek fogj\u00e1k tal\u00e1lni. De most m\u00e9g nem akarok besz\u00e9lni r\u00f3la.&#8221;<br \/>\n    Az eln\u00f6k gazdas\u00e1gi f\u0151tan\u00e1csad\u00f3ja, Larry Kudlow a Fox telev\u00edzi\u00f3nak kedden este azt nyilatkozta: &#8222;K\u00edna nagyon nagy hib\u00e1t k\u00f6vet el&#8221;. Egy\u00fattal lesz\u00f6gezte, hogy az Egyes\u00fclt \u00c1llamok sz\u00edvesen l\u00e1tja b\u00e1rmelyik amerikai c\u00e9get, amely visszatelep\u00fclne Hongkongb\u00f3l vagy K\u00edn\u00e1b\u00f3l.<br \/>\n<div class=\"ads-in-post2\"><script async src=\"https:\/\/pagead2.googlesyndication.com\/pagead\/js\/adsbygoogle.js\"><\/script>\r\n<ins class=\"adsbygoogle\"\r\n     style=\"display:block\"\r\n     data-ad-format=\"fluid\"\r\n     data-ad-layout-key=\"-6t+ed+2i-1n-4w\"\r\n     data-ad-client=\"ca-pub-1959107119989764\"\r\n     data-ad-slot=\"4008251320\"><\/ins>\r\n<script>\r\n     (adsbygoogle = window.adsbygoogle || []).push({});\r\n<\/script><\/div>\n    &#8222;Mindent megtesz\u00fcnk az\u00e9rt, hogy megt\u00e9r\u00edts\u00fck a visszat\u00e9r\u00e9s\u00fck teljes k\u00f6lts\u00e9g\u00e9t&#8221; &#8211; tette hozz\u00e1.<br \/>\n    Az amerikai korm\u00e1nyzat nem el\u0151sz\u00f6r fejezte ki el\u00e9gedetlens\u00e9g\u00e9t a k\u00ednai parlamentben p\u00e9nteken el\u0151terjesztett, Hongkongra vonatkoz\u00f3 nemzetbiztons\u00e1gi t\u00f6rv\u00e9nytervezet miatt, s nem el\u0151sz\u00f6r figyelmeztette K\u00edn\u00e1t, hogy a t\u00f6rv\u00e9ny elfogad\u00e1sa eset\u00e9n Hongkong auton\u00f3mi\u00e1ja csorbulna, ez pedig k\u00f6vetkezm\u00e9nyekkel j\u00e1rna az amerikai-k\u00ednai viszonyra is.<br \/>\n    A pekingi parlament p\u00e9nteken megkezd\u0151d\u00f6tt \u00fcl\u00e9sszak\u00e1n terjesztett\u00e9k el\u0151 azt a t\u00f6rv\u00e9nyt, amely betiltan\u00e1 a l\u00e1zad\u00e1st, az elszakad\u00e1si t\u00f6rekv\u00e9sek hangoztat\u00e1s\u00e1t \u00e9s a k\u00f6zponti korm\u00e1nyzat ellen ir\u00e1nyul\u00f3, &#8222;felforgat\u00f3nak&#8221; min\u0151s\u00edtett cselekm\u00e9nyeket. A t\u00f6rv\u00e9nytervezetet v\u00e1rhat\u00f3an cs\u00fct\u00f6rt\u00f6k\u00f6n fogadja el a k\u00ednai parlament, megker\u00fclve a hongkongi t\u00f6rv\u00e9nyhoz\u00e1st. Hongkongban vas\u00e1rnap ugyan ezrek tiltakoztak a jogszab\u00e1ly ellen, azt skand\u00e1lva, hogy &#8222;Hongkong f\u00fcggetlens\u00e9ge az egyetlen j\u00e1rhat\u00f3 \u00fat&#8221;, de t\u00f6bb hongkongi tiszts\u00e9gvisel\u0151 is v\u00e9delm\u00e9be vette a v\u00e1rhat\u00f3 t\u00f6rv\u00e9nyt, azt hangoztatva, hogy &#8222;terrorvesz\u00e9ly&#8221; miatt van r\u00e1 sz\u00fcks\u00e9g.<br \/>\n    Carrie Lam hongkongi korm\u00e1nyz\u00f3 is Peking mell\u00e9 \u00e1llt az \u00fcgyben, \u00e9s \u00fagy \u00edt\u00e9lte meg, hogy alaptalanok a helyb\u00e9liek \u00e9s a k\u00fclf\u00f6ldi beruh\u00e1z\u00f3k aggodalmai.<br \/>\n<div class=\"ads-in-post1\"><div id=\"gazdasagportal.hu_fullbanner_wideboard\"><\/div>\r\n<\/div>\n    &#8222;Hongkongban a szabads\u00e1gjogokat meg fogjuk \u0151rizni, dinamizmusa, a jog\u00e1llamis\u00e1ggal, az igazs\u00e1gszolg\u00e1ltat\u00e1s f\u00fcggetlens\u00e9g\u00e9vel \u00e9s a szabads\u00e1gjogokkal kapcsolatos \u00e9rt\u00e9krendje v\u00e1ltozatlan marad&#8221; &#8211; jelentette ki Lam, hozz\u00e1t\u00e9ve, hogy a t\u00f6rv\u00e9ny &#8222;csak maroknyi b\u0171n\u00f6z\u0151 ellen ir\u00e1nyul, \u00e9s a lakoss\u00e1g els\u00f6pr\u0151 t\u00f6bbs\u00e9g\u00e9nek v\u00e9delm\u00e9t szolg\u00e1lja&#8221;.<br \/>\n    Az amerikai korm\u00e1nyzat \u00e1ll\u00e1spontja szerint azonban ez nem \u00edgy van. Vas\u00e1rnap Robert O&#8217;Brien nemzetbiztons\u00e1gi tan\u00e1csad\u00f3, \u0151t megel\u0151z\u0151en pedig Mike Pompeo k\u00fcl\u00fcgyminiszter eml\u00e9keztette K\u00edn\u00e1t a Hongkonggal kapcsolatos &#8211; az 1984-ben al\u00e1\u00edrt brit-k\u00ednai nyilatkozatban r\u00f6gz\u00edtett &#8211; k\u00f6telezetts\u00e9gv\u00e1llal\u00e1sainak betart\u00e1s\u00e1ra.<br \/>\n<div class=\"ads-in-post2\"><script async src=\"https:\/\/pagead2.googlesyndication.com\/pagead\/js\/adsbygoogle.js\"><\/script>\r\n<ins class=\"adsbygoogle\"\r\n     style=\"display:block\"\r\n     data-ad-format=\"fluid\"\r\n     data-ad-layout-key=\"-6t+ed+2i-1n-4w\"\r\n     data-ad-client=\"ca-pub-1959107119989764\"\r\n     data-ad-slot=\"4008251320\"><\/ins>\r\n<script>\r\n     (adsbygoogle = window.adsbygoogle || []).push({});\r\n<\/script><\/div>\n    Pompeo egy m\u00falt heti sajt\u00f3konferenci\u00e1j\u00e1n egyenesen \u00fagy fogalmazott: a t\u00f6rv\u00e9ny elfogad\u00e1sa a &#8222;l\u00e9lekharang&#8221; megkond\u00edt\u00e1s\u00e1t jelenten\u00e9 Hongkong sz\u00e1m\u00e1ra. Az amerikai diplom\u00e1cia ir\u00e1ny\u00edt\u00f3ja fel is sz\u00f3l\u00edtotta Pekinget &#8222;v\u00e9gzetes javaslata&#8221; \u00e1tgondol\u00e1s\u00e1ra, valamint nemzetk\u00f6zi k\u00f6telezetts\u00e9geinek, Hongkong magas szint\u0171 auton\u00f3mi\u00e1j\u00e1nak \u00e9s demokratikus int\u00e9zm\u00e9nyrendszer\u00e9nek tiszteletben tart\u00e1s\u00e1ra.(MTI)<\/p>\n","protected":false},"excerpt":{"rendered":"<p>Hongkong elvesz\u00edtheti nemzetk\u00f6zi p\u00e9nz\u00fcgyi szerep\u00e9t &#8211; figyelmeztette Kayleigh McEnany, a Feh\u00e9r H\u00e1z sz\u00f3viv\u0151je K\u00edn\u00e1t a kedden tartott sajt\u00f3konferenci\u00e1j\u00e1n.<\/p>\n","protected":false},"author":1001006,"featured_media":0,"comment_status":"closed","ping_status":"open","sticky":false,"template":"","format":"standard","meta":[],"categories":[13,14,246],"tags":[],"_links":{"self":[{"href":"https:\/\/gazdasagportal.hu\/index.php\/wp-json\/wp\/v2\/posts\/126719"}],"collection":[{"href":"https:\/\/gazdasagportal.hu\/index.php\/wp-json\/wp\/v2\/posts"}],"about":[{"href":"https:\/\/gazdasagportal.hu\/index.php\/wp-json\/wp\/v2\/types\/post"}],"author":[{"embeddable":true,"href":"https:\/\/gazdasagportal.hu\/index.php\/wp-json\/wp\/v2\/users\/1001006"}],"replies":[{"embeddable":true,"href":"https:\/\/gazdasagportal.hu\/index.php\/wp-json\/wp\/v2\/comments?post=126719"}],"version-history":[{"count":2,"href":"https:\/\/gazdasagportal.hu\/index.php\/wp-json\/wp\/v2\/posts\/126719\/revisions"}],"predecessor-version":[{"id":126721,"href":"https:\/\/gazdasagportal.hu\/index.php\/wp-json\/wp\/v2\/posts\/126719\/revisions\/126721"}],"wp:attachment":[{"href":"https:\/\/gazdasagportal.hu\/index.php\/wp-json\/wp\/v2\/media?parent=126719"}],"wp:term":[{"taxonomy":"category","embeddable":true,"href":"https:\/\/gazdasagportal.hu\/index.php\/wp-json\/wp\/v2\/categories?post=126719"},{"taxonomy":"post_tag","embeddable":true,"href":"https:\/\/gazdasagportal.hu\/index.php\/wp-json\/wp\/v2\/tags?post=126719"}],"curies":[{"name":"wp","href":"https:\/\/api.w.org\/{rel}","templated":true}]}}