{"id":126695,"date":"2020-05-26T11:14:27","date_gmt":"2020-05-26T09:14:27","guid":{"rendered":"http:\/\/gazdasagportal.hu\/?p=126695"},"modified":"2020-05-26T11:14:27","modified_gmt":"2020-05-26T09:14:27","slug":"adocsokkentesrol-dontott-a-cseh-kormany","status":"publish","type":"post","link":"https:\/\/gazdasagportal.hu\/index.php\/adocsokkentesrol-dontott-a-cseh-kormany\/","title":{"rendered":"Ad\u00f3cs\u00f6kkent\u00e9sr\u0151l d\u00f6nt\u00f6tt a cseh korm\u00e1ny"},"content":{"rendered":"<p>\u00dajabb gazdas\u00e1gi k\u00f6nny\u00edt\u00e9sekr\u0151l, els\u0151sorban ad\u00f3cs\u00f6kkent\u00e9sr\u0151l \u00e9s kedvez\u0151bb vesztes\u00e9gle\u00edr\u00e1sr\u00f3l d\u00f6nt\u00f6tt h\u00e9tf\u0151n este a cseh korm\u00e1ny a koronav\u00edrus-j\u00e1rv\u00e1ny k\u00f6vetkezm\u00e9nyeinek enyh\u00edt\u00e9se c\u00e9lj\u00e1b\u00f3l.<!--more--><\/p>\n<div class=\"ads-in-post1\"><div id=\"gazdasagportal.hu_fullbanner_wideboard\"><\/div>\r\n<\/div>\n<p>    Az elfogadott ad\u00f3csomag azzal sz\u00e1mol, hogy a j\u00f6v\u0151ben a jelenlegi 15 sz\u00e1zal\u00e9kr\u00f3l 10 sz\u00e1zal\u00e9kra cs\u00f6kken a sz\u00e1ll\u00e1sad\u00f3i szolg\u00e1ltat\u00e1sokn\u00e1l, a kultur\u00e1lis \u00e9s sportrendezv\u00e9nyek bel\u00e9p\u0151in\u00e9l, illetve m\u00e1s ezekhez hasonl\u00f3 szolg\u00e1ltat\u00e1sokn\u00e1l. Az \u00e1fa-kulcs m\u00e9rs\u00e9kl\u00e9se mellett az idei \u00e9vt\u0151l a 3,5 tonn\u00e1n\u00e1l nagyobb teherg\u00e9pkocsikn\u00e1l 25 sz\u00e1zal\u00e9kkal cs\u00f6kkenne az \u00fatad\u00f3 &#8211; k\u00f6z\u00f6lte a p\u00e9nz\u00fcgyminiszt\u00e9rium. A t\u00e1rca javaslata szerint a parlament gyors\u00edtott elj\u00e1r\u00e1sban t\u00e1rgyaln\u00e1 meg a korm\u00e1ny el\u0151terjeszt\u00e9s\u00e9t.<br \/>\n    Tov\u00e1bbi d\u00f6nt\u00e9s, hogy a c\u00e9geknek k\u00f6nny\u00edten\u00e9k az idei vesztes\u00e9g le\u00edr\u00e1s\u00e1t az ad\u00f3alapb\u00f3l. Jelenleg a vesztes\u00e9ggel az ad\u00f3alapot a k\u00f6vetkez\u0151 \u00e9vben cs\u00f6kkentheti az ad\u00f3z\u00f3, amennyiben m\u00e1r nyeres\u00e9get termel. Az \u00faj javaslat szerint amennyiben az ad\u00f3z\u00f3 vesztes\u00e9get mutat ki 2020-ban, akkor azzal cs\u00f6kkentheti a 2019 \u00e9s 2018-as \u00e9vek ad\u00f3alapj\u00e1t is visszamen\u0151leg.<br \/>\n<div class=\"ads-in-post2\"><script async src=\"https:\/\/pagead2.googlesyndication.com\/pagead\/js\/adsbygoogle.js\"><\/script>\r\n<ins class=\"adsbygoogle\"\r\n     style=\"display:block\"\r\n     data-ad-format=\"fluid\"\r\n     data-ad-layout-key=\"-6t+ed+2i-1n-4w\"\r\n     data-ad-client=\"ca-pub-1959107119989764\"\r\n     data-ad-slot=\"4008251320\"><\/ins>\r\n<script>\r\n     (adsbygoogle = window.adsbygoogle || []).push({});\r\n<\/script><\/div>\n    Az \u00faj ad\u00f3csomag t\u00f6bb lehet\u0151s\u00e9get adna az \u00f6nkorm\u00e1nyzatoknak, pl. az ingatlanad\u00f3 mentes\u00edt\u00e9sre. A most \u00e9rv\u00e9nyes szab\u00e1lyoz\u00e1s szerint csak term\u00e9szeti k\u00e1r eset\u00e9ben mentes\u00edthetnek valakit az ingatlanad\u00f3 al\u00f3l. A j\u00f6v\u0151ben ez azonban m\u00e1s rendk\u00edv\u00fcli esetekben is lehets\u00e9ges lesz. Ezt a rendelkez\u00e9st is alkalmazhatj\u00e1k visszamen\u0151leg.<br \/>\n    Az agr\u00e1riumban ler\u00f6vid\u00edtik az \u00fagynevezett z\u00f6ld g\u00e1zolaj ut\u00e1ni forgalmi ad\u00f3 visszat\u00e9r\u00edt\u00e9s\u00e9nek idej\u00e9t. Jelenleg az ad\u00f3bevall\u00e1s lead\u00e1sa ut\u00e1n 60 napon bel\u00fcl t\u00e9r\u00edtik meg, ezt most 40 napra cs\u00f6kkenten\u00e9k.<br \/>\n    Csehorsz\u00e1gban az \u00e1f\u00e1nak h\u00e1rom s\u00e1vja van: az alaps\u00e1v 25 sz\u00e1zal\u00e9k, a cs\u00f6kkentett pedig 15 sz\u00e1zal\u00e9k, illetve 10 sz\u00e1zal\u00e9k. Tavaly az \u00e1llam \u00e1fabev\u00e9tele 291,3 milli\u00e1rd koron\u00e1t (3,93 milli\u00e1rd forint) tett ki.(MTI)<\/p>\n","protected":false},"excerpt":{"rendered":"<p>\u00dajabb gazdas\u00e1gi k\u00f6nny\u00edt\u00e9sekr\u0151l, els\u0151sorban ad\u00f3cs\u00f6kkent\u00e9sr\u0151l \u00e9s kedvez\u0151bb vesztes\u00e9gle\u00edr\u00e1sr\u00f3l d\u00f6nt\u00f6tt h\u00e9tf\u0151n este a cseh korm\u00e1ny a koronav\u00edrus-j\u00e1rv\u00e1ny k\u00f6vetkezm\u00e9nyeinek enyh\u00edt\u00e9se c\u00e9lj\u00e1b\u00f3l.<\/p>\n","protected":false},"author":1001006,"featured_media":0,"comment_status":"closed","ping_status":"open","sticky":false,"template":"","format":"standard","meta":[],"categories":[12,246],"tags":[],"_links":{"self":[{"href":"https:\/\/gazdasagportal.hu\/index.php\/wp-json\/wp\/v2\/posts\/126695"}],"collection":[{"href":"https:\/\/gazdasagportal.hu\/index.php\/wp-json\/wp\/v2\/posts"}],"about":[{"href":"https:\/\/gazdasagportal.hu\/index.php\/wp-json\/wp\/v2\/types\/post"}],"author":[{"embeddable":true,"href":"https:\/\/gazdasagportal.hu\/index.php\/wp-json\/wp\/v2\/users\/1001006"}],"replies":[{"embeddable":true,"href":"https:\/\/gazdasagportal.hu\/index.php\/wp-json\/wp\/v2\/comments?post=126695"}],"version-history":[{"count":1,"href":"https:\/\/gazdasagportal.hu\/index.php\/wp-json\/wp\/v2\/posts\/126695\/revisions"}],"predecessor-version":[{"id":126696,"href":"https:\/\/gazdasagportal.hu\/index.php\/wp-json\/wp\/v2\/posts\/126695\/revisions\/126696"}],"wp:attachment":[{"href":"https:\/\/gazdasagportal.hu\/index.php\/wp-json\/wp\/v2\/media?parent=126695"}],"wp:term":[{"taxonomy":"category","embeddable":true,"href":"https:\/\/gazdasagportal.hu\/index.php\/wp-json\/wp\/v2\/categories?post=126695"},{"taxonomy":"post_tag","embeddable":true,"href":"https:\/\/gazdasagportal.hu\/index.php\/wp-json\/wp\/v2\/tags?post=126695"}],"curies":[{"name":"wp","href":"https:\/\/api.w.org\/{rel}","templated":true}]}}