{"id":126693,"date":"2020-05-26T10:53:00","date_gmt":"2020-05-26T08:53:00","guid":{"rendered":"http:\/\/gazdasagportal.hu\/?p=126693"},"modified":"2020-05-26T10:53:00","modified_gmt":"2020-05-26T08:53:00","slug":"gfk-enyhen-javult-a-fogyasztoi-hangulat-nemetorszagban","status":"publish","type":"post","link":"https:\/\/gazdasagportal.hu\/index.php\/gfk-enyhen-javult-a-fogyasztoi-hangulat-nemetorszagban\/","title":{"rendered":"GfK: enyh\u00e9n javult a fogyaszt\u00f3i hangulat N\u00e9metorsz\u00e1gban"},"content":{"rendered":"<p><strong>A koronav\u00edrus-j\u00e1rv\u00e1ny okozta sokk ut\u00e1n enyh\u00e9n javult a fogyaszt\u00f3k hangulata m\u00e1jusban N\u00e9metorsz\u00e1gban, a GfK n\u00fcrnbergi gazdas\u00e1gkutat\u00f3 int\u00e9zet felm\u00e9r\u00e9s\u00e9ben felfel\u00e9 mozdultak el a fogyaszt\u00f3k gazdas\u00e1gi \u00e9s j\u00f6vedelmi v\u00e1rakoz\u00e1sai, valamint v\u00e1s\u00e1rl\u00e1si hajland\u00f3s\u00e1ga is, jelezve, hogy Eur\u00f3pa legnagyobb gazdas\u00e1ga lassan kezd fel\u00e9ledni.<\/strong><!--more--><\/p>\n<div class=\"ads-in-post1\"><div id=\"gazdasagportal.hu_fullbanner_wideboard\"><\/div>\r\n<\/div>\n<p>    A koronav\u00edrus-j\u00e1rv\u00e1ny \u00e9s a terjed\u00e9s\u00e9t akad\u00e1lyoz\u00f3 szigor\u00fa int\u00e9zked\u00e9sek kem\u00e9ny csap\u00e1st m\u00e9rtek a fogyaszt\u00f3k hangulat\u00e1ra: a GfK n\u00fcrnbergi gazdas\u00e1gkutat\u00f3 int\u00e9zet fogyaszt\u00f3i hangulatindexe \u00e1prilisban t\u00f6rt\u00e9nelmi m\u00e9lypontra, 23,4 pontra s\u00fcllyedt a k\u00f6vetkez\u0151 havi v\u00e1rakoz\u00e1sokban, \u00e9s a v\u00e9gleges \u00e9rt\u00e9k csak 0,3 ponttal lett jobb az el\u0151zetesn\u00e9l.<br \/>\n    Az int\u00e9zet kedden ismertetett el\u0151rejelz\u00e9se szerint j\u00faniusban 4,2 ponttal &#8211; a m\u00e1jusi m\u00ednusz 23,1 pontr\u00f3l m\u00ednusz 18,9 pontra &#8211; emelkedik a hangulatindex, ez \u00f6sszhangban \u00e1ll az elemz\u0151i v\u00e1rakoz\u00e1sokkal.<br \/>\n    A Gfk 1980-ban ind\u00edtott felm\u00e9r\u00e9s\u00e9nek t\u00f6rt\u00e9net\u00e9ben m\u00e9g soha nem volt ilyen alacsony a fogyaszt\u00f3i hangulatindex \u00e9rt\u00e9ke, mint most \u00e1prilisban \u00e9s m\u00e1jusban.<br \/>\n<div class=\"ads-in-post2\"><script async src=\"https:\/\/pagead2.googlesyndication.com\/pagead\/js\/adsbygoogle.js\"><\/script>\r\n<ins class=\"adsbygoogle\"\r\n     style=\"display:block\"\r\n     data-ad-format=\"fluid\"\r\n     data-ad-layout-key=\"-6t+ed+2i-1n-4w\"\r\n     data-ad-client=\"ca-pub-1959107119989764\"\r\n     data-ad-slot=\"4008251320\"><\/ins>\r\n<script>\r\n     (adsbygoogle = window.adsbygoogle || []).push({});\r\n<\/script><\/div>\n    Egy \u00e9vvel ezel\u0151tt, tavaly \u00e1prilisban \u00e9s m\u00e1jusban egyar\u00e1nt 10,2 ponton \u00e1llt a hangulatindex \u00e9rt\u00e9ke.<br \/>\n    A Gfk metodik\u00e1ja szerint a hangulatindex nulla pont feletti \u00e9rt\u00e9ke azt jelzi, hogy a fogyaszt\u00e1s \u00e9ves \u00f6sszevet\u00e9sben emelkedik, a nulla pont alatti \u00e9rt\u00e9k pedig cs\u00f6kken\u00e9st mutat. A h\u00e1ztart\u00e1sok fogyaszt\u00e1s\u00e1ban \u00e9ves szinten 0,1 sz\u00e1zal\u00e9kos v\u00e1ltoz\u00e1st jelez minden egyes pont.<br \/>\n    A v\u00e1llalkoz\u00e1sok fokozatos \u00fajranyit\u00e1sa nyilv\u00e1nval\u00f3an hozz\u00e1j\u00e1rult ahhoz, hogy nem romlott tov\u00e1bb, hanem enyh\u00e9n javult a fogyaszt\u00f3k hangulata. Mindazon\u00e1ltal jelent\u0151s a bizonytalans\u00e1g a fogyaszt\u00f3k k\u00f6r\u00e9ben &#8211; mutatott r\u00e1 Rolf B\u00fcrkl, a GfK kutat\u00f3ja. Hozz\u00e1tette, hogy a fogyaszt\u00f3k meg\u00edt\u00e9l\u00e9se szerint a n\u00e9met gazdas\u00e1g nincs t\u00fal a nehez\u00e9n, s\u00falyos recesszi\u00f3 v\u00e1rhat\u00f3. Nagy a munkahelyek elveszt\u00e9s\u00e9t\u0151l val\u00f3 f\u00e9lelem, ami jelenleg a fogyaszt\u00e1s legf\u0151bb akad\u00e1lya, a j\u00f6vedelmek cs\u00f6kken\u00e9s\u00e9vel egy\u00fctt.<br \/>\n    A felm\u00e9r\u00e9sben a fogyaszt\u00f3i hangulat alakul\u00e1s\u00e1nak \u00e9rt\u00e9kel\u00e9s\u00e9hez haszn\u00e1lt h\u00e1rom alindex k\u00f6z\u00fcl a fogyaszt\u00f3k gazdas\u00e1gi kil\u00e1t\u00e1sokr\u00f3l alkotott v\u00e9lem\u00e9ny\u00e9t sz\u00e1mszer\u0171s\u00edt\u0151 mutat\u00f3 10 ponttal, a 11 \u00e9ves m\u00e9lypontot jelent\u0151 m\u00ednusz 21,4 pontr\u00f3l m\u00ednusz 10,4 pontra kapaszkodott fel m\u00e1jusban, de \u00edgy is elmarad a nulla pont k\u00f6r\u00fcli hossz\u00fa t\u00e1v\u00fa \u00e1tlagt\u00f3l. Tavaly m\u00e1jusban 1,7 ponton \u00e1llt az alindex \u00e9rt\u00e9ke.<br \/>\n    A fogyaszt\u00f3k j\u00f6vedelmi v\u00e1rakoz\u00e1sait sz\u00e1mszer\u0171s\u00edt\u0151 mutat\u00f3 13,6 ponttal, m\u00ednusz 5,7 pontra emelkedett, de \u00edgy is j\u00f3csk\u00e1n, 63 ponttal marad el a hossz\u00fa t\u00e1v\u00fa \u00e1tlagt\u00f3l. Egy \u00e9ve 57,7 ponton \u00e1llt ez az alindex.<br \/>\n<div class=\"ads-in-post1\"><div id=\"gazdasagportal.hu_fullbanner_wideboard\"><\/div>\r\n<\/div>\n    A munkaid\u0151 cs\u00f6kkent\u00e9se \u00e9s a munkan\u00e9lk\u00fclis\u00e9g emelked\u00e9se miatt jelent\u0151s m\u00e9rt\u00e9k\u0171 j\u00f6vedelem esett ki sz\u00e1mos h\u00e1ztart\u00e1sokban. Sok szabad\u00fasz\u00f3, p\u00e9ld\u00e1ul a kultur\u00e1lis szf\u00e9r\u00e1ban, m\u00e9g nem l\u00e1tja a f\u00e9nyt az alag\u00fat v\u00e9g\u00e9n, az \u0151 j\u00f6vedelmeik teljesen elapadtak. Nem fenyegeti viszont ez a helyzet a nyugd\u00edjasokat, s\u0151t, j\u00faliusban t\u00f6bb mint 3 sz\u00e1zal\u00e9kkal emelkedik az \u00f6regs\u00e9gi nyugd\u00edj.<br \/>\n    Az index v\u00e1s\u00e1rl\u00e1si hajland\u00f3s\u00e1got sz\u00e1mszer\u0171s\u00edt\u0151 \u00f6sszetev\u0151j\u00e9nek \u00e9rt\u00e9ke 10,1 ponttal, 5,5 n\u0151tt m\u00e1jusban. Egy \u00e9vvel ezel\u0151tt 50,5 ponton \u00e1llt az alindex.(MTI)<\/p>\n","protected":false},"excerpt":{"rendered":"<p>A koronav\u00edrus-j\u00e1rv\u00e1ny okozta sokk ut\u00e1n enyh\u00e9n javult a fogyaszt\u00f3k hangulata m\u00e1jusban N\u00e9metorsz\u00e1gban, a GfK n\u00fcrnbergi gazdas\u00e1gkutat\u00f3 int\u00e9zet felm\u00e9r\u00e9s\u00e9ben felfel\u00e9 mozdultak el a fogyaszt\u00f3k gazdas\u00e1gi \u00e9s j\u00f6vedelmi v\u00e1rakoz\u00e1sai, valamint v\u00e1s\u00e1rl\u00e1si hajland\u00f3s\u00e1ga is, jelezve, hogy Eur\u00f3pa legnagyobb gazdas\u00e1ga lassan kezd fel\u00e9ledni.<\/p>\n","protected":false},"author":1001006,"featured_media":0,"comment_status":"closed","ping_status":"open","sticky":false,"template":"","format":"standard","meta":[],"categories":[12,246],"tags":[],"_links":{"self":[{"href":"https:\/\/gazdasagportal.hu\/index.php\/wp-json\/wp\/v2\/posts\/126693"}],"collection":[{"href":"https:\/\/gazdasagportal.hu\/index.php\/wp-json\/wp\/v2\/posts"}],"about":[{"href":"https:\/\/gazdasagportal.hu\/index.php\/wp-json\/wp\/v2\/types\/post"}],"author":[{"embeddable":true,"href":"https:\/\/gazdasagportal.hu\/index.php\/wp-json\/wp\/v2\/users\/1001006"}],"replies":[{"embeddable":true,"href":"https:\/\/gazdasagportal.hu\/index.php\/wp-json\/wp\/v2\/comments?post=126693"}],"version-history":[{"count":1,"href":"https:\/\/gazdasagportal.hu\/index.php\/wp-json\/wp\/v2\/posts\/126693\/revisions"}],"predecessor-version":[{"id":126694,"href":"https:\/\/gazdasagportal.hu\/index.php\/wp-json\/wp\/v2\/posts\/126693\/revisions\/126694"}],"wp:attachment":[{"href":"https:\/\/gazdasagportal.hu\/index.php\/wp-json\/wp\/v2\/media?parent=126693"}],"wp:term":[{"taxonomy":"category","embeddable":true,"href":"https:\/\/gazdasagportal.hu\/index.php\/wp-json\/wp\/v2\/categories?post=126693"},{"taxonomy":"post_tag","embeddable":true,"href":"https:\/\/gazdasagportal.hu\/index.php\/wp-json\/wp\/v2\/tags?post=126693"}],"curies":[{"name":"wp","href":"https:\/\/api.w.org\/{rel}","templated":true}]}}