{"id":12659,"date":"2013-07-30T10:20:15","date_gmt":"2013-07-30T08:20:15","guid":{"rendered":"http:\/\/stockportal.hu\/?p=12659"},"modified":"2013-07-30T10:21:39","modified_gmt":"2013-07-30T08:21:39","slug":"imf-hitel-akk-rovid-tavon-csokkenti-az-allamadossagot-a-vegtorlesztes","status":"publish","type":"post","link":"https:\/\/gazdasagportal.hu\/index.php\/imf-hitel-akk-rovid-tavon-csokkenti-az-allamadossagot-a-vegtorlesztes\/","title":{"rendered":"IMF-hitel &#8211; \u00c1KK: r\u00f6vid t\u00e1von cs\u00f6kkenti az \u00e1llamad\u00f3ss\u00e1got a v\u00e9gt\u00f6rleszt\u00e9s"},"content":{"rendered":"<p><strong>R\u00f6vid t\u00e1von nagyj\u00e1b\u00f3l 2,2 sz\u00e1zal\u00e9kponttal cs\u00f6kkenti a GDP-ar\u00e1nyos \u00e1llamad\u00f3ss\u00e1got az IMF-hitel v\u00e9gt\u00f6rleszt\u00e9se, de \u00f6sszess\u00e9g\u00e9ben nem v\u00e1ltozik \u00e9rdemben az ad\u00f3ss\u00e1g &#8211; mondta Borb\u00e9ly L\u00e1szl\u00f3 Andr\u00e1s, az \u00c1llamad\u00f3ss\u00e1g Kezel\u0151 K\u00f6zpont (\u00c1KK) vez\u00e9rigazgat\u00f3-helyettese az MTI-nek h\u00e9tf\u0151n.<!--more--><\/strong><\/p>\n<p>A Nemzetgazdas\u00e1gi Miniszt\u00e9rium (NGM) h\u00e9tf\u0151n jelentette be, hogy Magyarorsz\u00e1g a lej\u00e1rat el\u0151tt, 2013. augusztus 12-\u00e9ig vissza k\u00edv\u00e1nja fizetni 2008-ban felvett IMF-hitel\u00e9t. A Magyar Nemzeti Bank szint\u00e9n h\u00e9tf\u0151n k\u00f6z\u00f6lte, hogy az \u00e1ltala felvett, kis \u00f6sszeg\u0171 fennmarad\u00f3 IMF-hiteltartoz\u00e1st el\u0151t\u00f6rleszti a korm\u00e1ny hasonl\u00f3 l\u00e9p\u00e9s\u00e9vel p\u00e1rhuzamosan.<br \/>\nAz \u00c1KK vezet\u0151je eml\u00e9keztetett, hogy az els\u0151 negyed\u00e9v v\u00e9g\u00e9n 82 sz\u00e1zal\u00e9k f\u00f6l\u00e9 ugrott az \u00e1llamad\u00f3ss\u00e1g GDP-hez viszony\u00edtott ar\u00e1nya. Hozz\u00e1tette: ennek oka r\u00e9szben, hogy az \u00e9v elej\u00e9n m\u00e1r volt olyan plusz kibocs\u00e1t\u00e1s, amely a mostani hitel-visszafizet\u00e9st finansz\u00edrozza. Az ad\u00f3ss\u00e1got csak egy kor\u00e1bbi kibocs\u00e1t\u00e1sb\u00f3l tudja kifizetni az orsz\u00e1g, ez\u00e9rt nem v\u00e1ltozik \u00f6sszess\u00e9g\u00e9ben az \u00e1llamad\u00f3ss\u00e1g &#8211; magyar\u00e1zta.<br \/>\nElmondta azt is, hogy az \u00c1KK idei kibocs\u00e1t\u00e1si terv\u00e9t \u00e9rdemben nem befoly\u00e1solja a hitel-visszafizet\u00e9s.<br \/>\nEz \u00e9vben gyakorlatilag lej\u00e1rt volna az IMF-hitel, el\u0151t\u00f6rleszt\u00e9s n\u00e9lk\u00fcl j\u00f6v\u0151re 300 milli\u00f3 eur\u00f3 maradt volna h\u00e1tra, ezt kell m\u00e9g az id\u00e9n refinansz\u00edrozni, ennek az \u00f6sszegnek az el\u0151rehoz\u00e1sa azonban \u00e9rdemben nem befoly\u00e1solja az \u00e9ves kibocs\u00e1t\u00e1si tervet &#8211; fejtette ki.<br \/>\nA 2,2 milli\u00e1rd eur\u00f3 visszafizet\u00e9s\u00e9vel az IMF fel\u00e9 fenn\u00e1ll\u00f3 teljes hiteltartoz\u00e1s\u00e1t kifizeti a magyar \u00e1llam a most esed\u00e9kes kamattal egy\u00fctt, teh\u00e1t semmilyen tartoz\u00e1s nem marad fenn a valutaalappal szemben &#8211; mondta Borb\u00e9ly L\u00e1szl\u00f3 Andr\u00e1s.<br \/>\nAz IMF-hitellel egy id\u0151ben, az Eur\u00f3pai Bizotts\u00e1gt\u00f3l felvett hitellel kapcsolatban kijelentette: azt nem lehet el\u0151t\u00f6rleszteni, \u00e9s annak visszafizet\u00e9s\u00e9r\u0151l nincs is sz\u00f3. Hozz\u00e1tette, hogy az egy rendk\u00edv\u00fcl olcs\u00f3 hitel. Abb\u00f3l a hitelb\u0151l j\u00f6v\u0151re 2 milli\u00e1rd eur\u00f3 j\u00e1r le, tov\u00e1bbi 1,5 milli\u00e1rd eur\u00f3 pedig 2016-ban.(MTI)<\/p>\n","protected":false},"excerpt":{"rendered":"<p>R\u00f6vid t\u00e1von nagyj\u00e1b\u00f3l 2,2 sz\u00e1zal\u00e9kponttal cs\u00f6kkenti a GDP-ar\u00e1nyos \u00e1llamad\u00f3ss\u00e1got az IMF-hitel v\u00e9gt\u00f6rleszt\u00e9se, de \u00f6sszess\u00e9g\u00e9ben nem v\u00e1ltozik \u00e9rdemben az ad\u00f3ss\u00e1g &#8211; mondta Borb\u00e9ly L\u00e1szl\u00f3 Andr\u00e1s, az \u00c1llamad\u00f3ss\u00e1g Kezel\u0151 K\u00f6zpont (\u00c1KK) vez\u00e9rigazgat\u00f3-helyettese az MTI-nek h\u00e9tf\u0151n.<\/p>\n","protected":false},"author":1,"featured_media":0,"comment_status":"open","ping_status":"closed","sticky":false,"template":"","format":"standard","meta":[],"categories":[19],"tags":[],"_links":{"self":[{"href":"https:\/\/gazdasagportal.hu\/index.php\/wp-json\/wp\/v2\/posts\/12659"}],"collection":[{"href":"https:\/\/gazdasagportal.hu\/index.php\/wp-json\/wp\/v2\/posts"}],"about":[{"href":"https:\/\/gazdasagportal.hu\/index.php\/wp-json\/wp\/v2\/types\/post"}],"author":[{"embeddable":true,"href":"https:\/\/gazdasagportal.hu\/index.php\/wp-json\/wp\/v2\/users\/1"}],"replies":[{"embeddable":true,"href":"https:\/\/gazdasagportal.hu\/index.php\/wp-json\/wp\/v2\/comments?post=12659"}],"version-history":[{"count":3,"href":"https:\/\/gazdasagportal.hu\/index.php\/wp-json\/wp\/v2\/posts\/12659\/revisions"}],"predecessor-version":[{"id":12702,"href":"https:\/\/gazdasagportal.hu\/index.php\/wp-json\/wp\/v2\/posts\/12659\/revisions\/12702"}],"wp:attachment":[{"href":"https:\/\/gazdasagportal.hu\/index.php\/wp-json\/wp\/v2\/media?parent=12659"}],"wp:term":[{"taxonomy":"category","embeddable":true,"href":"https:\/\/gazdasagportal.hu\/index.php\/wp-json\/wp\/v2\/categories?post=12659"},{"taxonomy":"post_tag","embeddable":true,"href":"https:\/\/gazdasagportal.hu\/index.php\/wp-json\/wp\/v2\/tags?post=12659"}],"curies":[{"name":"wp","href":"https:\/\/api.w.org\/{rel}","templated":true}]}}