{"id":126587,"date":"2020-05-20T17:00:30","date_gmt":"2020-05-20T15:00:30","guid":{"rendered":"http:\/\/gazdasagportal.hu\/?p=126587"},"modified":"2020-05-20T17:00:30","modified_gmt":"2020-05-20T15:00:30","slug":"gyorsjelentes-2020-csokkent-a-zwack-unicum-nyeresege-es-netto-arbevetele","status":"publish","type":"post","link":"https:\/\/gazdasagportal.hu\/index.php\/gyorsjelentes-2020-csokkent-a-zwack-unicum-nyeresege-es-netto-arbevetele\/","title":{"rendered":"Gyorsjelent\u00e9s 2020: Cs\u00f6kkent a Zwack Unicum nyeres\u00e9ge \u00e9s nett\u00f3 \u00e1rbev\u00e9tele"},"content":{"rendered":"<p><strong>A Zwack Unicum Nyrt. 1,69 milli\u00e1rd forint ad\u00f3zott eredm\u00e9nyt \u00e9rt el a 2019-2020-as \u00fczleti \u00e9vben, ami 35,3 sz\u00e1zal\u00e9kkal elmarad az el\u0151z\u0151 \u00fczleti \u00e9vit\u0151l, de t\u00f6bb mint 20 sz\u00e1zal\u00e9kkal meghaladja az \u00e9ves tervet &#8211; der\u00fcl ki a vezet\u0151s\u00e9gi besz\u00e1mol\u00f3b\u00f3l, amelyet a t\u00e1rsas\u00e1g a Budapesti \u00c9rt\u00e9kt\u0151zsde (B\u00c9T) honlapj\u00e1n szerd\u00e1n tett k\u00f6zz\u00e9.<\/strong><!--more--><br \/>\n<div class=\"ads-in-post1\"><div id=\"gazdasagportal.hu_fullbanner_wideboard\"><\/div>\r\n<\/div>\n<p>    A t\u00e1rsas\u00e1g brutt\u00f3 \u00e1rbev\u00e9tele 26,3 milli\u00e1rd forint volt, ami csaknem megegyezik az el\u0151z\u0151 \u00e9ves \u00e1rbev\u00e9tellel, 17 milli\u00f3 forinttal t\u00f6bb ann\u00e1l. A nett\u00f3 \u00e9rt\u00e9kes\u00edt\u00e9s (a j\u00f6ved\u00e9ki- \u00e9s n\u00e9peg\u00e9szs\u00e9g\u00fcgyi term\u00e9kad\u00f3 n\u00e9lk\u00fcli \u00e1rbev\u00e9tel) 13,9 milli\u00e1rd forintot tett ki, 11,3 sz\u00e1zal\u00e9kkal alatta maradt az egy \u00e9vvel kor\u00e1bbi b\u00e1zisnak.<br \/>\n    A brutt\u00f3 \u00e9s a nett\u00f3 \u00e1rbev\u00e9tel v\u00e1ltoz\u00e1sa k\u00f6z\u00f6tti jelent\u0151s elt\u00e9r\u00e9st a n\u00e9peg\u00e9szs\u00e9g\u00fcgyi term\u00e9kad\u00f3 (neta) 2019. janu\u00e1r 1-j\u00e9t\u0151l \u00e9letbe l\u00e9p\u0151 v\u00e1ltoz\u00e1sa okozta &#8211; k\u00f6z\u00f6lte a v\u00e1llalat.<br \/>\n    A m\u00f3dos\u00edt\u00e1ssal minden szeszesitalt megad\u00f3ztattak, az ad\u00f3m\u00e9rt\u00e9kek pedig 20 sz\u00e1zal\u00e9kkal emelkedtek. Az ad\u00f3n\u00f6veked\u00e9st a t\u00e1rsas\u00e1g \u00e9rv\u00e9nyes\u00edtette elad\u00e1si \u00e1raiban, de ez jelent\u0151s volumencs\u00f6kken\u00e9ssel j\u00e1rt egy\u00fctt a besz\u00e1mol\u00f3 szerint.<br \/>\n    A t\u00e1j\u00e9koztat\u00e1s szerint az \u00fczleti \u00e9v utols\u00f3 negyed\u00e9v\u00e9ben (2020 janu\u00e1r-m\u00e1rcius) t\u00f6bb mint 50 sz\u00e1zal\u00e9kkal emelkedett az \u00e1rbev\u00e9tel az el\u0151z\u0151 \u00e9v azonos id\u0151szak\u00e1hoz k\u00e9pest. Ehhez egyebek mellett az is hozz\u00e1j\u00e1rult, hogy a koronav\u00edrus-j\u00e1rv\u00e1ny miatt megv\u00e1ltoztak a nagyobb kiskereskedelmi h\u00e1l\u00f3zatok rendel\u00e9si szok\u00e1sai. N\u00e9h\u00e1nyan m\u00e1rcius utols\u00f3 napjaiban a szok\u00e1sos mennyis\u00e9g t\u00f6bbsz\u00f6r\u00f6s\u00e9t v\u00e1s\u00e1rolt\u00e1k, ami jav\u00edtotta a m\u00e1rciusi \u00e1rbev\u00e9telt, ugyanakkor jelent\u0151sen visszavetette az \u00e1prilisi forgalmat &#8211; k\u00f6z\u00f6lt\u00e9k.<br \/>\n    Az \u00fczleti \u00e9v m\u0171k\u00f6d\u00e9si eredm\u00e9nye 2,1 milli\u00e1rd forint lett, 29,6 sz\u00e1zal\u00e9kkal alacsonyabb az el\u0151z\u0151 \u00e9vin\u00e9l.<br \/>\n<div class=\"ads-in-post2\"><script async src=\"https:\/\/pagead2.googlesyndication.com\/pagead\/js\/adsbygoogle.js\"><\/script>\r\n<ins class=\"adsbygoogle\"\r\n     style=\"display:block\"\r\n     data-ad-format=\"fluid\"\r\n     data-ad-layout-key=\"-6t+ed+2i-1n-4w\"\r\n     data-ad-client=\"ca-pub-1959107119989764\"\r\n     data-ad-slot=\"4008251320\"><\/ins>\r\n<script>\r\n     (adsbygoogle = window.adsbygoogle || []).push({});\r\n<\/script><\/div>\n    A besz\u00e1mol\u00f3 szerint a Zwack Unicum Nyrt. a magyar \u00e9getett szeszesitalpiac legnagyobb szerepl\u0151je. Mivel a t\u00e1rsas\u00e1g bev\u00e9tel\u00e9nek csaknem 90 sz\u00e1zal\u00e9ka a hazai piacr\u00f3l sz\u00e1rmazik, gazd\u00e1lkod\u00e1s\u00e1t alapvet\u0151en meghat\u00e1rozza a belf\u00f6ldi fogyaszt\u00e1s alakul\u00e1sa. A hazai pr\u00e9mium szeszesital-fogyaszt\u00e1s az elm\u00falt n\u00e9h\u00e1ny \u00e9vben b\u0151v\u00fclt Magyarorsz\u00e1gon, de a k\u00f6zelj\u00f6v\u0151ben ennek drasztikus cs\u00f6kken\u00e9se v\u00e1rhat\u00f3 a koronav\u00edrus-j\u00e1rv\u00e1ny miatt &#8211; \u00edrj\u00e1k a jelent\u00e9sben.<br \/>\n    A Zwack Unicum a B\u00c9T honlapj\u00e1n k\u00f6zz\u00e9tette azt is, hogy j\u00fanius 25-\u00e9n tartja \u00e9vi rendes k\u00f6zgy\u0171l\u00e9s\u00e9t, ha a meghirdetett id\u0151pontig megv\u00e1ltoznak a vesz\u00e9lyhelyzeti szab\u00e1lyok, \u00e9s a k\u00f6zgy\u0171l\u00e9s megtarthat\u00f3v\u00e1 v\u00e1lik. Ha a k\u00f6zgy\u0171l\u00e9s megtart\u00e1sa nem lesz lehets\u00e9ges, akkor a vonatkoz\u00f3 korm\u00e1nyrendelet \u00e9rtelm\u00e9ben a t\u00e1rsas\u00e1g igazgat\u00f3s\u00e1ga d\u00f6nt a napirenden szerepl\u0151 k\u00e9rd\u00e9sekben &#8211; \u00e1ll a megh\u00edv\u00f3ban.<br \/>\n<div class=\"ads-in-post2\"><script async src=\"https:\/\/pagead2.googlesyndication.com\/pagead\/js\/adsbygoogle.js\"><\/script>\r\n<ins class=\"adsbygoogle\"\r\n     style=\"display:block\"\r\n     data-ad-format=\"fluid\"\r\n     data-ad-layout-key=\"-6t+ed+2i-1n-4w\"\r\n     data-ad-client=\"ca-pub-1959107119989764\"\r\n     data-ad-slot=\"4008251320\"><\/ins>\r\n<script>\r\n     (adsbygoogle = window.adsbygoogle || []).push({});\r\n<\/script><\/div>\n    A Zwack r\u00e9szv\u00e9nyeivel a B\u00c9T pr\u00e9mium kateg\u00f3ri\u00e1j\u00e1ban kereskednek. A pap\u00edr 16 950 forinton z\u00e1rt kedden. Az elm\u00falt egy \u00e9vben legmagasabb \u00e1rfolyama 18 000 forint, a legalacsonyabb 14 800 forint volt.(MTI)<\/p>\n","protected":false},"excerpt":{"rendered":"<p>A Zwack Unicum Nyrt. 1,69 milli\u00e1rd forint ad\u00f3zott eredm\u00e9nyt \u00e9rt el a 2019-2020-as \u00fczleti \u00e9vben, ami 35,3 sz\u00e1zal\u00e9kkal elmarad az el\u0151z\u0151 \u00fczleti \u00e9vit\u0151l, de t\u00f6bb mint 20 sz\u00e1zal\u00e9kkal meghaladja az \u00e9ves tervet &#8211; der\u00fcl ki a vezet\u0151s\u00e9gi besz\u00e1mol\u00f3b\u00f3l, amelyet a t\u00e1rsas\u00e1g a Budapesti \u00c9rt\u00e9kt\u0151zsde (B\u00c9T) honlapj\u00e1n szerd\u00e1n tett k\u00f6zz\u00e9.<\/p>\n","protected":false},"author":1001006,"featured_media":0,"comment_status":"closed","ping_status":"open","sticky":false,"template":"","format":"standard","meta":[],"categories":[7,34,40],"tags":[],"_links":{"self":[{"href":"https:\/\/gazdasagportal.hu\/index.php\/wp-json\/wp\/v2\/posts\/126587"}],"collection":[{"href":"https:\/\/gazdasagportal.hu\/index.php\/wp-json\/wp\/v2\/posts"}],"about":[{"href":"https:\/\/gazdasagportal.hu\/index.php\/wp-json\/wp\/v2\/types\/post"}],"author":[{"embeddable":true,"href":"https:\/\/gazdasagportal.hu\/index.php\/wp-json\/wp\/v2\/users\/1001006"}],"replies":[{"embeddable":true,"href":"https:\/\/gazdasagportal.hu\/index.php\/wp-json\/wp\/v2\/comments?post=126587"}],"version-history":[{"count":1,"href":"https:\/\/gazdasagportal.hu\/index.php\/wp-json\/wp\/v2\/posts\/126587\/revisions"}],"predecessor-version":[{"id":126588,"href":"https:\/\/gazdasagportal.hu\/index.php\/wp-json\/wp\/v2\/posts\/126587\/revisions\/126588"}],"wp:attachment":[{"href":"https:\/\/gazdasagportal.hu\/index.php\/wp-json\/wp\/v2\/media?parent=126587"}],"wp:term":[{"taxonomy":"category","embeddable":true,"href":"https:\/\/gazdasagportal.hu\/index.php\/wp-json\/wp\/v2\/categories?post=126587"},{"taxonomy":"post_tag","embeddable":true,"href":"https:\/\/gazdasagportal.hu\/index.php\/wp-json\/wp\/v2\/tags?post=126587"}],"curies":[{"name":"wp","href":"https:\/\/api.w.org\/{rel}","templated":true}]}}