{"id":126583,"date":"2020-05-20T14:37:22","date_gmt":"2020-05-20T12:37:22","guid":{"rendered":"http:\/\/gazdasagportal.hu\/?p=126583"},"modified":"2020-05-20T14:37:22","modified_gmt":"2020-05-20T12:37:22","slug":"aprilisban-265-szazalekkal-emelkedett-az-allaskeresok-szama-eves-osszevetesben","status":"publish","type":"post","link":"https:\/\/gazdasagportal.hu\/index.php\/aprilisban-265-szazalekkal-emelkedett-az-allaskeresok-szama-eves-osszevetesben\/","title":{"rendered":"\u00c1prilisban 26,5 sz\u00e1zal\u00e9kkal emelkedett az \u00e1ll\u00e1skeres\u0151k sz\u00e1ma \u00e9ves \u00f6sszevet\u00e9sben"},"content":{"rendered":"<p><strong>Az \u00e1ll\u00e1skeres\u0151k sz\u00e1ma \u00e1prilisban 26,5 sz\u00e1zal\u00e9kkal emelkedett az egy \u00e9vvel kor\u00e1bbihoz k\u00e9pest, \u00edgy a Nemzeti Foglalkoztat\u00e1si Szolg\u00e1lat (NFSZ) nyilv\u00e1ntart\u00e1s\u00e1ban az \u00e1prilisi z\u00e1r\u00f3napon 330 700 \u00e1ll\u00e1skeres\u0151 szerepelt.<\/strong><!--more--><br \/>\n<div class=\"ads-in-post1\"><div id=\"gazdasagportal.hu_fullbanner_wideboard\"><\/div>\r\n<\/div>\n<p>    &#8222;Az \u00e1ll\u00e1skeres\u0151k havi sz\u00e1mait vizsg\u00e1lva az elm\u00falt 10 \u00e9vben jelent\u0151s cs\u00f6kken\u0151 tendencia tapasztalhat\u00f3, amit a jelenleg zajl\u00f3 glob\u00e1lis eg\u00e9szs\u00e9g\u00fcgyi \u00e9s gazdas\u00e1gi v\u00e9szhelyzet az el\u0151rejelz\u00e9seknek megfelel\u0151en megt\u00f6r majd&#8221; &#8211; olvashat\u00f3 az NFSZ a honlapj\u00e1n.<br \/>\n    \u00c1prilisban a nyilv\u00e1ntartott \u00e1ll\u00e1skeres\u0151k ar\u00e1nya a gazdas\u00e1gilag akt\u00edv n\u00e9pess\u00e9ghez viszony\u00edtva 7,1 sz\u00e1zal\u00e9k volt, a munkav\u00e1llal\u00e1si kor\u00fa n\u00e9pess\u00e9ghez m\u00e9rt relat\u00edv r\u00e1ta pedig 5 sz\u00e1zal\u00e9k. A legalacsonyabb ar\u00e1nyt Budapesten m\u00e9rt\u00e9k.<br \/>\n    A m\u00falt h\u00f3napban 72 000 \u00e1ll\u00e1skeres\u0151 k\u00e9rte nyilv\u00e1ntart\u00e1sba v\u00e9tel\u00e9t a j\u00e1r\u00e1si, ker\u00fcleti hivataln\u00e1l, 9,8 sz\u00e1zal\u00e9kuk els\u0151 alkalommal regisztr\u00e1lt. Az \u00faj bel\u00e9p\u0151k sz\u00e1ma az el\u0151z\u0151 \u00e9v azonos id\u0151szak\u00e1hoz k\u00e9pest 89,6 sz\u00e1zal\u00e9kkal n\u0151tt.<br \/>\n    Az \u00e1ll\u00e1skeres\u0151k 7,2 sz\u00e1zal\u00e9ka, 23 600 volt p\u00e1lyakezd\u0151. A legt\u00f6bb \u00e1ll\u00e1skeres\u0151 p\u00e1lyakezd\u0151 fiatalt Borsod-Aba\u00faj-Zempl\u00e9n, Szabolcs-Szatm\u00e1r-Bereg megy\u00e9ben tartott\u00e1k nyilv\u00e1n, de Hajd\u00fa-Bihar \u00e9s J\u00e1sz-Nagykun-Szolnok megy\u00e9ben is jelent\u0151s volt a sz\u00e1muk.<br \/>\n<div class=\"ads-in-post2\"><script async src=\"https:\/\/pagead2.googlesyndication.com\/pagead\/js\/adsbygoogle.js\"><\/script>\r\n<ins class=\"adsbygoogle\"\r\n     style=\"display:block\"\r\n     data-ad-format=\"fluid\"\r\n     data-ad-layout-key=\"-6t+ed+2i-1n-4w\"\r\n     data-ad-client=\"ca-pub-1959107119989764\"\r\n     data-ad-slot=\"4008251320\"><\/ins>\r\n<script>\r\n     (adsbygoogle = window.adsbygoogle || []).push({});\r\n<\/script><\/div>\n    Az \u00e1ll\u00e1skeres\u0151k 22,6 sz\u00e1zal\u00e9ka, 74 700 ember tart\u00f3san, t\u00f6bb mint egy \u00e9ve keresett munk\u00e1t, ez 8,4 sz\u00e1zal\u00e9kpontos n\u00f6veked\u00e9s az egy \u00e9vvel kor\u00e1bbihoz viszony\u00edtva.<br \/>\n    \u00c1prilisban 44 800 volt a 25 \u00e9v alatti \u00e9s 75 100 az 55 \u00e9v feletti \u00e1ll\u00e1skeres\u0151k sz\u00e1ma, ar\u00e1nyuk 13,6, illetve 22,7 sz\u00e1zal\u00e9kot tett ki.<br \/>\n    Az NFSZ adatai szerint \u00e1prilisban 178 400 \u00e1ll\u00e1skeres\u0151 volt jogosult p\u00e9nzbeli ell\u00e1t\u00e1sra, 61,8 sz\u00e1zal\u00e9kuk \u00e1ll\u00e1skeres\u00e9si ell\u00e1t\u00e1sban, a t\u00f6bbiek szoci\u00e1lis jelleg\u0171 t\u00e1mogat\u00e1sban r\u00e9szes\u00fcltek. Az \u00e1ll\u00e1skeres\u0151k 46,0 sz\u00e1zal\u00e9ka semmilyen p\u00e9nzbeli t\u00e1mogat\u00e1st nem kapott.<br \/>\n    Az \u00e9v negyedik h\u00f3napj\u00e1ban a foglalkoztat\u00f3k 15 400 \u00faj bet\u00f6lthet\u0151 \u00e1ll\u00e1shelyet jelentettek be, ezek 60,9 sz\u00e1zal\u00e9k\u00e1hoz ig\u00e9nyeltek t\u00e1mogat\u00e1st. Az \u00fajonnan bejelentett t\u00e1mogatott \u00e1ll\u00e1shelyek sz\u00e1ma 9400 volt, amelynek 61,7 sz\u00e1zal\u00e9ka a k\u00f6zfoglalkoztat\u00e1shoz tartozott.<br \/>\n<div class=\"ads-in-post1\"><div id=\"gazdasagportal.hu_fullbanner_wideboard\"><\/div>\r\n<\/div>\n    \u00c1prilisban 92 400 \u00e1ll\u00e1slehet\u0151s\u00e9g \u00e1llt rendelkez\u00e9sre, amelyb\u0151l 55 900 bet\u00f6ltetlen maradt.<br \/>\n    A foglalkoztat\u00f3k egy h\u00f3nap alatt 5254 munkav\u00e1llal\u00f3 csoportos l\u00e9tsz\u00e1mle\u00e9p\u00edt\u00e9s\u00e9t jelentett\u00e9k be. Az elbocs\u00e1t\u00e1sok a szektorok k\u00f6z\u00fcl els\u0151sorban a sz\u00e1llodai szolg\u00e1ltat\u00e1st, az egy\u00e9b villamos berendez\u00e9s \u00e9s a k\u00f6z\u00fati j\u00e1rm\u0171, j\u00e1rm\u0171motor alkatr\u00e9szeinek gy\u00e1rt\u00e1s\u00e1t, valamint a l\u00e9gi szem\u00e9lysz\u00e1ll\u00edt\u00e1st, a sz\u00e1mviteli, k\u00f6nyvvizsg\u00e1l\u00f3i, ad\u00f3szak\u00e9rt\u0151i tev\u00e9kenys\u00e9get, a k\u00f6nny\u0171f\u00e9m\u00f6nt\u00e9st, az egy\u00e9b elektronikus, villamos vezet\u00e9k, k\u00e1bel gy\u00e1rt\u00e1s\u00e1t \u00e9s a l\u00e1bbeligy\u00e1rt\u00e1st \u00e9rintett\u00e9k, f\u0151k\u00e9nt Budapesten, valamint J\u00e1sz-Nagykun-Szolnok, Borsod-Aba\u00faj-Zempl\u00e9n, Somogy \u00e9s Pest megy\u00e9ben.(MTI)<\/p>\n","protected":false},"excerpt":{"rendered":"<p>Az \u00e1ll\u00e1skeres\u0151k sz\u00e1ma \u00e1prilisban 26,5 sz\u00e1zal\u00e9kkal emelkedett az egy \u00e9vvel kor\u00e1bbihoz k\u00e9pest, \u00edgy a Nemzeti Foglalkoztat\u00e1si Szolg\u00e1lat (NFSZ) nyilv\u00e1ntart\u00e1s\u00e1ban az \u00e1prilisi z\u00e1r\u00f3napon 330 700 \u00e1ll\u00e1skeres\u0151 szerepelt.<\/p>\n","protected":false},"author":1001006,"featured_media":0,"comment_status":"closed","ping_status":"open","sticky":false,"template":"","format":"standard","meta":[],"categories":[19,427],"tags":[428],"_links":{"self":[{"href":"https:\/\/gazdasagportal.hu\/index.php\/wp-json\/wp\/v2\/posts\/126583"}],"collection":[{"href":"https:\/\/gazdasagportal.hu\/index.php\/wp-json\/wp\/v2\/posts"}],"about":[{"href":"https:\/\/gazdasagportal.hu\/index.php\/wp-json\/wp\/v2\/types\/post"}],"author":[{"embeddable":true,"href":"https:\/\/gazdasagportal.hu\/index.php\/wp-json\/wp\/v2\/users\/1001006"}],"replies":[{"embeddable":true,"href":"https:\/\/gazdasagportal.hu\/index.php\/wp-json\/wp\/v2\/comments?post=126583"}],"version-history":[{"count":1,"href":"https:\/\/gazdasagportal.hu\/index.php\/wp-json\/wp\/v2\/posts\/126583\/revisions"}],"predecessor-version":[{"id":126584,"href":"https:\/\/gazdasagportal.hu\/index.php\/wp-json\/wp\/v2\/posts\/126583\/revisions\/126584"}],"wp:attachment":[{"href":"https:\/\/gazdasagportal.hu\/index.php\/wp-json\/wp\/v2\/media?parent=126583"}],"wp:term":[{"taxonomy":"category","embeddable":true,"href":"https:\/\/gazdasagportal.hu\/index.php\/wp-json\/wp\/v2\/categories?post=126583"},{"taxonomy":"post_tag","embeddable":true,"href":"https:\/\/gazdasagportal.hu\/index.php\/wp-json\/wp\/v2\/tags?post=126583"}],"curies":[{"name":"wp","href":"https:\/\/api.w.org\/{rel}","templated":true}]}}