{"id":126547,"date":"2020-05-19T13:53:50","date_gmt":"2020-05-19T11:53:50","guid":{"rendered":"http:\/\/gazdasagportal.hu\/?p=126547"},"modified":"2020-05-19T13:53:50","modified_gmt":"2020-05-19T11:53:50","slug":"meredeken-emelkedett-a-munkanelkulisegi-ellatasert-folyamodok-szama-nagy-britanniaban","status":"publish","type":"post","link":"https:\/\/gazdasagportal.hu\/index.php\/meredeken-emelkedett-a-munkanelkulisegi-ellatasert-folyamodok-szama-nagy-britanniaban\/","title":{"rendered":"Meredeken emelkedett a munkan\u00e9lk\u00fclis\u00e9gi ell\u00e1t\u00e1s\u00e9rt folyamod\u00f3k sz\u00e1ma Nagy-Britanni\u00e1ban"},"content":{"rendered":"<p><strong>Meredeken emelkedett a m\u00falt h\u00f3napban a munkan\u00e9lk\u00fclis\u00e9gi ell\u00e1t\u00e1s\u00e9rt folyamod\u00f3k sz\u00e1ma Nagy-Britanni\u00e1ban, a bet\u00f6lthet\u0151 \u00e1ll\u00e1sok\u00e9 ugyanakkor rekord\u00fctemben cs\u00f6kkent a koronav\u00edrus-j\u00e1rv\u00e1ny gazdas\u00e1gi hat\u00e1sai miatt &#8211; k\u00f6z\u00f6lte kedden a brit statisztikai hivatal (ONS).<\/strong><!--more--><br \/>\n<div class=\"ads-in-post1\"><div id=\"gazdasagportal.hu_fullbanner_wideboard\"><\/div>\r\n<\/div>\n<p>    A negyed\u00e9ves jelent\u00e9s szerint a foglalkoztatotts\u00e1gi r\u00e1ta az idei els\u0151 negyed\u00e9v eg\u00e9sz\u00e9nek \u00e1tlag\u00e1ban m\u00e9g 76,6 sz\u00e1zal\u00e9kos rekordra emelkedett, 0,6 sz\u00e1zal\u00e9kponttal magasabbra \u00e9ves \u00f6sszevet\u00e9sben, \u00e9s a bejegyzett munkan\u00e9lk\u00fcliek ar\u00e1nya &#8211; j\u00f3llehet 0,1 sz\u00e1zal\u00e9kkal n\u0151tt &#8211; m\u00e9g mindig csak 3,9 sz\u00e1zal\u00e9k volt.<br \/>\n    \u00c1prilisban azonban a munkan\u00e9lk\u00fclis\u00e9gi seg\u00e9ly\u00e9rt folyamod\u00f3k sz\u00e1ma csaknem 860 ezerrel 2,1 milli\u00f3ra ugrott; ez 5,8 sz\u00e1zal\u00e9kos munkan\u00e9lk\u00fclis\u00e9gnek felel meg.<br \/>\n    A kimutat\u00e1s szerint a febru\u00e1rt\u00f3l \u00e1prilisig tart\u00f3 h\u00e1rom h\u00f3napban a bet\u00f6lthet\u0151 munkahelyek sz\u00e1ma \u00e1tlagosan 637 ezer volt, 210 ezerrel kevesebb, mint a tavalyi azonos id\u0151szakban \u00e9s 170 ezerrel, 21 sz\u00e1zal\u00e9kkal kevesebb, mint a janu\u00e1rban z\u00e1rult el\u0151z\u0151 mozg\u00f3 h\u00e1romhavi id\u0151szakban.<br \/>\n    Az ONS hangs\u00falyozta, hogy a 21 sz\u00e1zal\u00e9kos negyed\u00e9ves zuhan\u00e1s p\u00e9ld\u00e1tlan az adatok ismertet\u00e9s\u00e9nek kezdete \u00f3ta.<br \/>\n    R\u00e1ad\u00e1sul az id\u0151szak v\u00e9g\u00e9n, m\u00e1rcius m\u00e1sodik het\u00e9t\u0151l a m\u00e1jus 3-\u00e1n z\u00e1rult h\u00e9tig 59 sz\u00e1zal\u00e9kkal volt kevesebb a meghirdetett \u00e1ll\u00e1sok sz\u00e1ma az egy \u00e9vvel kor\u00e1bbi azonos id\u0151szakn\u00e1l.<br \/>\n    Nagy-Britanni\u00e1ban m\u00e1rcius 23-\u00e1n l\u00e9ptek \u00e9rv\u00e9nybe a koronav\u00edrus-j\u00e1rv\u00e1ny megf\u00e9kez\u00e9s\u00e9t c\u00e9lz\u00f3 korl\u00e1toz\u00e1sok. Az el\u0151\u00edr\u00e1sok szerint csak a legsz\u00fcks\u00e9gesebb esetekben &#8211; alapvet\u0151 \u00e9lelmiszerek \u00e9s gy\u00f3gyszerek beszerz\u00e9se, illetve sz\u00fcks\u00e9g eset\u00e9n orvosi ell\u00e1t\u00e1s c\u00e9lj\u00e1b\u00f3l &#8211; lehetett kil\u00e9pni az utc\u00e1ra, emellett napi egy szabadt\u00e9ri testedz\u00e9s volt enged\u00e9lyezett.<br \/>\n    Munk\u00e1ba csak azok utazhattak, akik az eg\u00e9szs\u00e9g\u00fcgyben vagy m\u00e1s, kiemelt fontoss\u00e1g\u00fak\u00e9nt meghat\u00e1rozott ter\u00fcleten dolgoznak, \u00e9s munk\u00e1juk otthonr\u00f3l nem elv\u00e9gezhet\u0151.<br \/>\n<div class=\"ads-in-post2\"><script async src=\"https:\/\/pagead2.googlesyndication.com\/pagead\/js\/adsbygoogle.js\"><\/script>\r\n<ins class=\"adsbygoogle\"\r\n     style=\"display:block\"\r\n     data-ad-format=\"fluid\"\r\n     data-ad-layout-key=\"-6t+ed+2i-1n-4w\"\r\n     data-ad-client=\"ca-pub-1959107119989764\"\r\n     data-ad-slot=\"4008251320\"><\/ins>\r\n<script>\r\n     (adsbygoogle = window.adsbygoogle || []).push({});\r\n<\/script><\/div>\n    A brit korm\u00e1ny a j\u00e1rv\u00e1ny jelent\u0151s enyh\u00fcl\u00e9s\u00e9t mutat\u00f3 legut\u00f3bbi adatok alapj\u00e1n e h\u00e9tt\u0151l enyh\u00edtette a korl\u00e1toz\u00e1sok szigor\u00e1t, \u00edgy most m\u00e1r megk\u00f6t\u00e9sek n\u00e9lk\u00fcl lehet a szabadban tart\u00f3zkodni &#8211; b\u00e1r a nem egy h\u00e1ztart\u00e1sban \u00e9l\u0151k k\u00f6z\u00f6tt tov\u00e1bbra is k\u00f6telez\u0151 k\u00e9t m\u00e9ter t\u00e1vols\u00e1got tartani -, \u00e9s munk\u00e1ba is lehet utazni, de az \u00e9ttermek, a sz\u00e1llod\u00e1k \u00e9s egy\u00e9b szabadid\u0151s szolg\u00e1ltat\u00e1si l\u00e9tes\u00edtm\u00e9nyek m\u00e9g z\u00e1rva tartanak.<br \/>\n    A statisztikai hivatal k\u00fcl\u00f6n felm\u00e9r\u00e9st k\u00e9sz\u00edtett a koronav\u00edrus okozta Covid-19 j\u00e1rv\u00e1ny \u00fczleti aktivit\u00e1si hat\u00e1s\u00e1r\u00f3l, \u00e9s kimutatta, hogy a brit \u00fczleti v\u00e1llalkoz\u00e1sok 23 sz\u00e1zal\u00e9ka felf\u00fcggesztette tev\u00e9kenys\u00e9g\u00e9t a korl\u00e1toz\u00e1sok elrendel\u00e9se \u00f3ta.<br \/>\n    Az \u00e1tlagon bel\u00fcl a sz\u00e1llodai \u00e9s az \u00e9ttermi \u00e1gazat v\u00e1llalatainak 80,6 sz\u00e1zal\u00e9ka, az egy\u00e9b szabadid\u0151s szolg\u00e1ltat\u00e1sokra szakosodott c\u00e9gek 79,5 sz\u00e1zal\u00e9ka \u00e1llt le a m\u00falt h\u00f3napban, \u00e9s a m\u0171k\u00f6d\u0151 c\u00e9gek 57 sz\u00e1zal\u00e9ka jelezte, hogy forgalma 50 sz\u00e1zal\u00e9kn\u00e1l nagyobb m\u00e9rt\u00e9kben zuhant az ilyenkor szok\u00e1soshoz k\u00e9pest.<br \/>\n    Londoni elemz\u0151i el\u0151rejelz\u00e9sek szerint a foglalkoztat\u00e1si adatok r\u00f6vid t\u00e1von v\u00e1rhat\u00f3an jelent\u0151sen tov\u00e1bb romlanak, \u00e9s hosszabb id\u0151t\u00e1vlatban is csak fokozatos javul\u00e1s v\u00e1rhat\u00f3.<br \/>\n    Az egyik tekint\u00e9lyes londoni makrogazdas\u00e1gi elemz\u0151h\u00e1z, a Centre for Economics and Business Research (CEBR) a foglalkoztat\u00e1si statisztika keddi ismertet\u00e9se ut\u00e1ni gyorselemz\u00e9s\u00e9ben k\u00f6z\u00f6lte: v\u00e1rakoz\u00e1sa szerint a nagy-britanniai munkan\u00e9lk\u00fclis\u00e9gi r\u00e1ta 10 sz\u00e1zal\u00e9k k\u00f6r\u00fcli szinten tet\u0151zik a m\u00e1sodik negyed\u00e9vben, \u00e9s a k\u00f6vetkez\u0151 t\u00f6bb mint egy \u00e9vben is 7 sz\u00e1zal\u00e9k felett lesz.<br \/>\n    A CEBR elemz\u0151i szerint am\u00edg nincs sz\u00e9les k\u00f6rben hozz\u00e1f\u00e9rhet\u0151 hat\u00e9kony olt\u00f3anyag az \u00faj koronav\u00edrus ellen, addig val\u00f3sz\u00edn\u0171tlen, hogy a vend\u00e9gl\u00e1t\u00f3 \u00e9s a turisztikai \u00e1gazat foglalkoztat\u00e1si mutat\u00f3i visszat\u00e9rn\u00e9nek a j\u00e1rv\u00e1ny el\u0151tti szintekre.<br \/>\n<div class=\"ads-in-post1\"><div id=\"gazdasagportal.hu_fullbanner_wideboard\"><\/div>\r\n<\/div>\n    A h\u00e1z szerint ugyanakkor jelent\u0151s seg\u00edts\u00e9g a brit korm\u00e1ny \u00e1ltal meghirdetett, okt\u00f3berig sz\u00f3l\u00f3 munkahelymeg\u0151rz\u0151 program, amelynek alapj\u00e1n 7,5 milli\u00f3 k\u00e9nyszerszabads\u00e1gra k\u00fcld\u00f6tt, de tov\u00e1bbra is alkalmaz\u00e1sban \u00e1ll\u00f3 mag\u00e1nszektorbeli munkav\u00e1llal\u00f3 b\u00e9r\u00e9t jelenleg az \u00e1llam fizeti.<br \/>\n    A CEBR sz\u00e1m\u00edt\u00e1sai szerint e program n\u00e9lk\u00fcl m\u00e1r 25 sz\u00e1zal\u00e9k k\u00f6r\u00fcli lenne a brit munkan\u00e9lk\u00fclis\u00e9gi r\u00e1ta.(MTI)<\/p>\n","protected":false},"excerpt":{"rendered":"<p>Meredeken emelkedett a m\u00falt h\u00f3napban a munkan\u00e9lk\u00fclis\u00e9gi ell\u00e1t\u00e1s\u00e9rt folyamod\u00f3k sz\u00e1ma Nagy-Britanni\u00e1ban, a bet\u00f6lthet\u0151 \u00e1ll\u00e1sok\u00e9 ugyanakkor rekord\u00fctemben cs\u00f6kkent a koronav\u00edrus-j\u00e1rv\u00e1ny gazdas\u00e1gi hat\u00e1sai miatt &#8211; k\u00f6z\u00f6lte kedden a brit statisztikai hivatal (ONS).<\/p>\n","protected":false},"author":1001006,"featured_media":60643,"comment_status":"closed","ping_status":"open","sticky":false,"template":"","format":"standard","meta":[],"categories":[146,12,427,246],"tags":[428],"_links":{"self":[{"href":"https:\/\/gazdasagportal.hu\/index.php\/wp-json\/wp\/v2\/posts\/126547"}],"collection":[{"href":"https:\/\/gazdasagportal.hu\/index.php\/wp-json\/wp\/v2\/posts"}],"about":[{"href":"https:\/\/gazdasagportal.hu\/index.php\/wp-json\/wp\/v2\/types\/post"}],"author":[{"embeddable":true,"href":"https:\/\/gazdasagportal.hu\/index.php\/wp-json\/wp\/v2\/users\/1001006"}],"replies":[{"embeddable":true,"href":"https:\/\/gazdasagportal.hu\/index.php\/wp-json\/wp\/v2\/comments?post=126547"}],"version-history":[{"count":1,"href":"https:\/\/gazdasagportal.hu\/index.php\/wp-json\/wp\/v2\/posts\/126547\/revisions"}],"predecessor-version":[{"id":126548,"href":"https:\/\/gazdasagportal.hu\/index.php\/wp-json\/wp\/v2\/posts\/126547\/revisions\/126548"}],"wp:featuredmedia":[{"embeddable":true,"href":"https:\/\/gazdasagportal.hu\/index.php\/wp-json\/wp\/v2\/media\/60643"}],"wp:attachment":[{"href":"https:\/\/gazdasagportal.hu\/index.php\/wp-json\/wp\/v2\/media?parent=126547"}],"wp:term":[{"taxonomy":"category","embeddable":true,"href":"https:\/\/gazdasagportal.hu\/index.php\/wp-json\/wp\/v2\/categories?post=126547"},{"taxonomy":"post_tag","embeddable":true,"href":"https:\/\/gazdasagportal.hu\/index.php\/wp-json\/wp\/v2\/tags?post=126547"}],"curies":[{"name":"wp","href":"https:\/\/api.w.org\/{rel}","templated":true}]}}