{"id":126541,"date":"2020-05-19T12:16:56","date_gmt":"2020-05-19T10:16:56","guid":{"rendered":"http:\/\/gazdasagportal.hu\/?p=126541"},"modified":"2020-05-19T12:16:56","modified_gmt":"2020-05-19T10:16:56","slug":"maszkos-plakatkampanyba-kezd-a-veddahazait","status":"publish","type":"post","link":"https:\/\/gazdasagportal.hu\/index.php\/maszkos-plakatkampanyba-kezd-a-veddahazait\/","title":{"rendered":"Maszkos plak\u00e1tkamp\u00e1nyba kezd a #veddahazait"},"content":{"rendered":"<p><strong>M\u00e1r t\u00f6bb mint \u00f6tven gy\u00e1rt\u00f3 \u00e9s keresked\u0151c\u00e9g csatlakozott a Magyar Term\u00e9k Nonprofit Kft. itthon el\u0151\u00e1ll\u00edtott term\u00e9kek v\u00e1s\u00e1rl\u00e1s\u00e1ra, hazai szolg\u00e1ltat\u00e1sok ig\u00e9nybev\u00e9tel\u00e9re \u00f6szt\u00f6nz\u0151 mozgalm\u00e1hoz. A \u201eVedd a hazait! V\u00e9dd a hazait!\u201d akci\u00f3 most maszkos plak\u00e1tkamp\u00e1nyba kezd 20 c\u00e9g r\u00e9szv\u00e9tel\u00e9vel.<\/strong><!--more--><\/p>\n<div class=\"ads-in-post1\"><div id=\"gazdasagportal.hu_fullbanner_wideboard\"><\/div>\r\n<\/div>\n<p>A j\u00e1rv\u00e1ny okozta gazdas\u00e1gi neh\u00e9zs\u00e9gek miel\u0151bbi lek\u00fczd\u00e9se \u00e9s a munkahelyek meg\u0151rz\u00e9se \u00e9rdek\u00e9ben a Magyar Term\u00e9k v\u00e9djegyrendszert m\u0171k\u00f6dtet\u0151 nonprofit c\u00e9g m\u00e1rcius v\u00e9g\u00e9n ind\u00edtotta \u00fatj\u00e1ra a \u201eVedd a hazait! V\u00e9dd a hazait\u201d mozgalmat. Az akci\u00f3hoz b\u00e1rmelyik gy\u00e1rt\u00f3 \u00e9s keresked\u0151 c\u00e9g csatlakozhat.<\/p>\n<p>Az eltelt egy h\u00f3nap alatt t\u00f6bb mint \u00f6tven t\u00e1rsas\u00e1g kezdte el haszn\u00e1lni \u00e9s n\u00e9pszer\u0171s\u00edteni a #veddahazait akci\u00f3 embl\u00e9m\u00e1j\u00e1t \u00e9s szlogenj\u00e9t, k\u00f6zt\u00fck sz\u00e1mos k\u00f6zismert, meghat\u00e1roz\u00f3 hazai \u00e9lelmiszergy\u00e1rt\u00f3 \u00e9s \u00e1ruh\u00e1zl\u00e1nc. A csatlakoz\u00f3k sz\u00e1ma napr\u00f3l napra gyarapszik, egyre t\u00f6bb c\u00e9g rekl\u00e1mjaiban, term\u00e9kein, honlapj\u00e1n \u00e9s k\u00f6z\u00f6ss\u00e9gi oldal\u00e1n l\u00e1that\u00f3 a #veddahazait, sok mag\u00e1nszem\u00e9ly is t\u00e1mogatja a kezdem\u00e9nyez\u00e9st a Facebook profilk\u00e9pe keret\u00e9nek be\u00e1ll\u00edt\u00e1s\u00e1val \u2013 der\u00fclt ki a Magyar Term\u00e9k Nonprofit Kft. online sajt\u00f3t\u00e1j\u00e9koztat\u00f3j\u00e1n.<\/p><div id=\"gazda-3520944071\" class=\"gazda-tartalomban gazda-entity-placement\"><script async src=\"https:\/\/pagead2.googlesyndication.com\/pagead\/js\/adsbygoogle.js\"><\/script>\r\n<ins class=\"adsbygoogle\"\r\n     style=\"display:block\"\r\n     data-ad-format=\"fluid\"\r\n     data-ad-layout-key=\"-6t+ed+2i-1n-4w\"\r\n     data-ad-client=\"ca-pub-1959107119989764\"\r\n     data-ad-slot=\"4008251320\"><\/ins>\r\n<script>\r\n     (adsbygoogle = window.adsbygoogle || []).push({});\r\n<\/script><\/div>\n<p>&#8211; Sok olyan c\u00e9g is csatlakozott m\u00e1r a kezdem\u00e9nyez\u00e9s\u00fcnkh\u00f6z, akik eddig nem haszn\u00e1lt\u00e1k a Magyar Term\u00e9k v\u00e9djegyeket, ez\u00e9rt b\u00edzom benne, hogy a Vedd a hazait! V\u00e9dd a hazait! akci\u00f3 sz\u00e9les k\u00f6r\u0171 \u00e9s tart\u00f3s \u00f6sszefog\u00e1ss\u00e1 v\u00e1lhat, ezzel is seg\u00edtve a j\u00e1rv\u00e1ny okozta neh\u00e9zs\u00e9gek lek\u00fczd\u00e9s\u00e9t \u2013 \u00e9rt\u00e9kelte az eddig t\u00f6rt\u00e9nteket Benedek Eszter, a Magyar Term\u00e9k Nonprofit Kft. \u00fcgyvezet\u0151je.<\/p>\n<p>A kamp\u00e1ny most 20 c\u00e9g bevon\u00e1s\u00e1val m\u00e9g l\u00e1tv\u00e1nyosabban folytat\u00f3dik. A legforgalmasabb f\u0151v\u00e1rosi meg\u00e1ll\u00f3kban maszkkal fedett plak\u00e1tokon buzd\u00edtanak arra, hogy \u201eVedd a hazait! V\u00e9dd a hazait!\u201d. A citylightokon olyan k\u00f6zismert hazai m\u00e1rk\u00e1k szerepelnek, mint p\u00e9ld\u00e1ul a T\u00f6rley, amelynek pezsg\u0151i 1882 \u00f3ta folyamatosan jelen vannak a magyar emberek \u00e9let\u00e9ben.<\/p>\n<div class=\"ads-in-post2\"><script async src=\"https:\/\/pagead2.googlesyndication.com\/pagead\/js\/adsbygoogle.js\"><\/script>\r\n<ins class=\"adsbygoogle\"\r\n     style=\"display:block\"\r\n     data-ad-format=\"fluid\"\r\n     data-ad-layout-key=\"-6t+ed+2i-1n-4w\"\r\n     data-ad-client=\"ca-pub-1959107119989764\"\r\n     data-ad-slot=\"4008251320\"><\/ins>\r\n<script>\r\n     (adsbygoogle = window.adsbygoogle || []).push({});\r\n<\/script><\/div>\n&#8211; Az ilyen v\u00e1ls\u00e1gos id\u0151szakban kiemelked\u0151en fontosnak tartjuk, hogy a fogyaszt\u00f3ink l\u00e1ss\u00e1k, mely term\u00e9kek megv\u00e1s\u00e1rl\u00e1s\u00e1val adnak lehet\u0151s\u00e9get a hazai munkav\u00e1llal\u00f3knak a folyamatos munkav\u00e9gz\u00e9sre, ezzel a meg\u00e9lhet\u00e9s\u00fck fenntart\u00e1s\u00e1ra. Ehhez ny\u00fajt seg\u00edts\u00e9get a #veddahazait akci\u00f3, amely a hazai gy\u00e1rt\u00e1s\u00fa term\u00e9kek el\u0151\u00e1ll\u00edt\u00f3inak \u00f6sszefog\u00e1s\u00e1val most m\u00e9g jobban kiteljesedik &#8211; emelte ki a sajt\u00f3t\u00e1j\u00e9koztat\u00f3n L\u0151rik Tam\u00e1s m\u00e1rkamenedzser.<\/p>\n<p>Bodrogai Ferenc, a magyar higi\u00e9niai piac meghat\u00e1roz\u00f3 szerepl\u0151jek\u00e9nt professzion\u00e1lis term\u00e9keket, szolg\u00e1ltat\u00e1sokat \u00e9s megold\u00e1sokat k\u00edn\u00e1l\u00f3 Assist-Trend Kft. tulajdonosa arra h\u00edvta fel a figyelmet, hogy a magyar sz\u00e1llod\u00e1k, vend\u00e9gl\u00e1t\u00f3t\u00f3helyek, rendezv\u00e9nyszervez\u0151k k\u00fcl\u00f6n\u00f6sen megszenvedt\u00e9k a j\u00e1rv\u00e1nyt. Ez\u00e9rt nagyon fontosnak tartja, hogy a turisztikai szektor c\u00e9gei higi\u00e9niai szempontb\u00f3l k\u00e9szen \u00e1lljanak a vend\u00e9gek fogad\u00e1s\u00e1ra a korl\u00e1toz\u00e1sok felold\u00e1s\u00e1ig \u00e9s azt k\u00f6vet\u0151en is.<\/p>\n<p>Benedek Eszter elmondta, hogy a #veddahazait kezdem\u00e9nyez\u00e9s tov\u00e1bbra is nyitott, b\u00e1rki csatlakozhat, aki egyet\u00e9rt a c\u00e9ljaival. Arra ugyanakkor a nonprofit c\u00e9g figyel, hogy a term\u00e9keik n\u00e9pszer\u0171s\u00edt\u00e9s\u00e9re csak olyanok haszn\u00e1lhass\u00e1k a #veddahazait szlogenj\u00e9t \u00e9s embl\u00e9m\u00e1j\u00e1t, akik val\u00f3ban hazai gy\u00e1rt\u00e1st, szolg\u00e1ltat\u00e1st folytatnak, illetve t\u00e1mogatj\u00e1k a hazai \u00e1ruk piacra jut\u00e1s\u00e1t.<\/p>\n<div class=\"ads-in-post2\"><script async src=\"https:\/\/pagead2.googlesyndication.com\/pagead\/js\/adsbygoogle.js\"><\/script>\r\n<ins class=\"adsbygoogle\"\r\n     style=\"display:block\"\r\n     data-ad-format=\"fluid\"\r\n     data-ad-layout-key=\"-6t+ed+2i-1n-4w\"\r\n     data-ad-client=\"ca-pub-1959107119989764\"\r\n     data-ad-slot=\"4008251320\"><\/ins>\r\n<script>\r\n     (adsbygoogle = window.adsbygoogle || []).push({});\r\n<\/script><\/div>\nA Magyar Term\u00e9k Nonprofit Kft. \u00fcgyvezet\u0151je szerint a j\u00e1rv\u00e1ny miatt kialakult helyzetben b\u00e1rkinek lehet\u0151s\u00e9ge van seg\u00edteni a m\u00e1sikon, hiszen minden egyes v\u00e1s\u00e1rl\u00e1si d\u00f6nt\u00e9ssel hozz\u00e1j\u00e1rulhatunk ahhoz, hogy k\u00f6z\u00f6ss\u00e9g\u00fcnk tagjai meg\u0151rizhess\u00e9k a munkahely\u00fcket, j\u00f6vedelm\u00fcket.<\/p>\n<p>A csatlakoz\u00e1s egyik m\u00f3dja, ha a t\u00e1mogat\u00f3 mag\u00e1nszem\u00e9lyek \u00e9s c\u00e9gek a Facebook-oldaluk profilk\u00e9p\u00e9n be\u00e1ll\u00edtj\u00e1k a #veddahazait k\u00e9pkeretet. Ehhez az amagyartermek.hu oldalon itt kapnak seg\u00edts\u00e9get:<\/p>\n<p><a href=\"https:\/\/amagyartermek.hu\/hirek\/vedd-a-hazait-vedd-a-hazait-az-itthon-eloallitott-termekek-vasarlasara-osztonoz-uj-kampanyaval-a-magyar-termek-nonprofit-kft\/416\" target=\"_blank\" rel=\"noopener\">https:\/\/amagyartermek.hu\/hirek\/vedd-a-hazait-vedd-a-hazait-az-itthon-eloallitott-termekek-vasarlasara-osztonoz-uj-kampanyaval-a-magyar-termek-nonprofit-kft\/416<\/a><\/p>\n","protected":false},"excerpt":{"rendered":"<p>M\u00e1r t\u00f6bb mint \u00f6tven gy\u00e1rt\u00f3 \u00e9s keresked\u0151c\u00e9g csatlakozott a Magyar Term\u00e9k Nonprofit Kft. itthon el\u0151\u00e1ll\u00edtott term\u00e9kek v\u00e1s\u00e1rl\u00e1s\u00e1ra, hazai szolg\u00e1ltat\u00e1sok ig\u00e9nybev\u00e9tel\u00e9re \u00f6szt\u00f6nz\u0151 mozgalm\u00e1hoz. A \u201eVedd a hazait! V\u00e9dd a hazait!\u201d akci\u00f3 most maszkos plak\u00e1tkamp\u00e1nyba kezd 20 c\u00e9g r\u00e9szv\u00e9tel\u00e9vel.<\/p>\n","protected":false},"author":1001003,"featured_media":0,"comment_status":"closed","ping_status":"open","sticky":false,"template":"","format":"standard","meta":[],"categories":[19],"tags":[],"_links":{"self":[{"href":"https:\/\/gazdasagportal.hu\/index.php\/wp-json\/wp\/v2\/posts\/126541"}],"collection":[{"href":"https:\/\/gazdasagportal.hu\/index.php\/wp-json\/wp\/v2\/posts"}],"about":[{"href":"https:\/\/gazdasagportal.hu\/index.php\/wp-json\/wp\/v2\/types\/post"}],"author":[{"embeddable":true,"href":"https:\/\/gazdasagportal.hu\/index.php\/wp-json\/wp\/v2\/users\/1001003"}],"replies":[{"embeddable":true,"href":"https:\/\/gazdasagportal.hu\/index.php\/wp-json\/wp\/v2\/comments?post=126541"}],"version-history":[{"count":1,"href":"https:\/\/gazdasagportal.hu\/index.php\/wp-json\/wp\/v2\/posts\/126541\/revisions"}],"predecessor-version":[{"id":126542,"href":"https:\/\/gazdasagportal.hu\/index.php\/wp-json\/wp\/v2\/posts\/126541\/revisions\/126542"}],"wp:attachment":[{"href":"https:\/\/gazdasagportal.hu\/index.php\/wp-json\/wp\/v2\/media?parent=126541"}],"wp:term":[{"taxonomy":"category","embeddable":true,"href":"https:\/\/gazdasagportal.hu\/index.php\/wp-json\/wp\/v2\/categories?post=126541"},{"taxonomy":"post_tag","embeddable":true,"href":"https:\/\/gazdasagportal.hu\/index.php\/wp-json\/wp\/v2\/tags?post=126541"}],"curies":[{"name":"wp","href":"https:\/\/api.w.org\/{rel}","templated":true}]}}