{"id":126523,"date":"2020-05-18T21:16:03","date_gmt":"2020-05-18T19:16:03","guid":{"rendered":"http:\/\/gazdasagportal.hu\/?p=126523"},"modified":"2020-05-18T21:16:03","modified_gmt":"2020-05-18T19:16:03","slug":"mar-megkezdodott-az-ellatasi-lancok-attelepulese-magyarorszagra","status":"publish","type":"post","link":"https:\/\/gazdasagportal.hu\/index.php\/mar-megkezdodott-az-ellatasi-lancok-attelepulese-magyarorszagra\/","title":{"rendered":"M\u00e1r megkezd\u0151d\u00f6tt az ell\u00e1t\u00e1si l\u00e1ncok \u00e1ttelep\u00fcl\u00e9se Magyarorsz\u00e1gra"},"content":{"rendered":"<p><strong>K\u00e9t esetben megindult a gy\u00e1rt\u00e1s \u00e1tszervez\u00e9se K\u00edn\u00e1b\u00f3l Magyarorsz\u00e1gra \u2013 mondta el Konkoly-Thege M\u00e1t\u00e9. A Thege Plastic Kft. \u00fcgyvezet\u0151je hozz\u00e1tette, hogy a korm\u00e1nyzati l\u00e9p\u00e9sek is egyre ink\u00e1bb a hazai ipari szerepl\u0151k helyzetbe hoz\u00e1s\u00e1t seg\u00edtik. A fentiek hat\u00e1s\u00e1ra a k\u00f6rnyezetterhel\u00e9s is komolyan visszaeshet, illetve a k\u00f6rk\u00f6r\u00f6s gazdas\u00e1ghoz k\u00f6thet\u0151 beruh\u00e1z\u00e1sok is lend\u00fcletet kaphatnak \u2013 emelte ki.<\/strong><!--more--><br \/>\n<div class=\"ads-in-post1\"><div id=\"gazdasagportal.hu_fullbanner_wideboard\"><\/div>\r\n<\/div>\n<p>Egyre t\u00f6bb term\u00e9k gy\u00e1rt\u00e1s\u00e1ra kaphatnak megb\u00edz\u00e1st azok a hazai besz\u00e1ll\u00edt\u00f3k, akik m\u00e1r most is kapcsolatban vannak a nagy nemzetk\u00f6zi c\u00e9gekkel. A koronav\u00edrust \u00f6vez\u0151 p\u00e1nik hat\u00e1s\u00e1ra az ell\u00e1t\u00e1si l\u00e1ncok ler\u00f6vid\u00fclnek \u00e9s a termel\u00e9s jelent\u0151s r\u00e9sze visszaker\u00fclhet Eur\u00f3p\u00e1ba K\u00edn\u00e1b\u00f3l. Egyes ipar\u00e1gi forr\u00e1sok szerint az els\u0151 ilyen meg\u00e1llapod\u00e1sok m\u00e1r meg is k\u00f6ttettek haz\u00e1nkban, m\u00e9ghozz\u00e1 k\u00e9t aut\u00f3ipari megb\u00edz\u00e1sr\u00f3l tudni \u2013 mondta el az <a href=\"https:\/\/thege-plastic.hu\/index.php\/gyartok\/efort-6-tengelyes-robotok\" target=\"_blank\" rel=\"noopener noreferrer\">ipari robotok<\/a> \u00e9s m\u0171anyagipari g\u00e9pek kereskedelm\u00e9vel \u00e9s szerviz\u00e9vel foglalkoz\u00f3 Thege Plastic Kft. \u00fcgyvezet\u0151je. Tov\u00e1bbi l\u00f6k\u00e9st kaphat az aut\u00f3ipar az elektromos j\u00e1rm\u0171vek hazai gy\u00e1rt\u00e1s\u00e1nak felfut\u00e1s\u00e1val, hiszen ebben az esetben nem kell \u00e1ttelep\u00edteni, a gy\u00e1rt\u00e1si technol\u00f3gi\u00e1kat m\u00e1r egyb\u0151l n\u00e1lunk ind\u00edtj\u00e1k \u2013 tette hozz\u00e1 Konkoly-Thege M\u00e1t\u00e9.<\/p>\n<p>&nbsp;<\/p>\n<p><strong>A legnagyobb k\u00e9rd\u00e9s, hogy lesz-e fizet\u0151k\u00e9pes kereslet<\/strong><\/p><div id=\"gazda-684256500\" class=\"gazda-tartalomban gazda-entity-placement\"><script async src=\"https:\/\/pagead2.googlesyndication.com\/pagead\/js\/adsbygoogle.js\"><\/script>\r\n<ins class=\"adsbygoogle\"\r\n     style=\"display:block\"\r\n     data-ad-format=\"fluid\"\r\n     data-ad-layout-key=\"-6t+ed+2i-1n-4w\"\r\n     data-ad-client=\"ca-pub-1959107119989764\"\r\n     data-ad-slot=\"4008251320\"><\/ins>\r\n<script>\r\n     (adsbygoogle = window.adsbygoogle || []).push({});\r\n<\/script><\/div>\n<p>&nbsp;<\/p>\n<p>\u2013 Att\u00f3l f\u00fcggetlen\u00fcl, hogy milyen lesz a v\u00e1ls\u00e1g kifut\u00e1sa, annyi biztos, hogy hossz\u00fat\u00e1von a hazai \u00e9s eur\u00f3pai gy\u00e1rt\u00e1s n\u00e9mik\u00e9pp dr\u00e1g\u00e1bb lesz, m\u00e9g a sz\u00e1ll\u00edt\u00e1si k\u00f6lts\u00e9g visszaes\u00e9se mellett is. Azt, hogy ez mennyire fogja a k\u00e9sz term\u00e9kek \u00e1r\u00e1t befoly\u00e1solni szinte lehetetlen megj\u00f3solni, hiszen rengeteg a v\u00e1ltoz\u00f3, a m\u0171anyag alapanyagok \u00e1ra p\u00e9ld\u00e1ul \u00e9ppen cs\u00f6kken\u0151ben van. De mindennek a jelent\u0151s\u00e9ge elt\u00f6rp\u00fcl amellett, hogy az uni\u00f3 \u00e9s a nemzeti korm\u00e1nyok a munkahelyek hossz\u00fat\u00e1v\u00fa biztos fennmarad\u00e1s\u00e1t el\u0151 tudj\u00e1k-e seg\u00edteni, \u00edgy biztos\u00edtva a felvev\u0151piacot \u2013 mondta el az \u00fcgyvezet\u0151.<br \/>\n<div class=\"ads-in-post2\"><script async src=\"https:\/\/pagead2.googlesyndication.com\/pagead\/js\/adsbygoogle.js\"><\/script>\r\n<ins class=\"adsbygoogle\"\r\n     style=\"display:block\"\r\n     data-ad-format=\"fluid\"\r\n     data-ad-layout-key=\"-6t+ed+2i-1n-4w\"\r\n     data-ad-client=\"ca-pub-1959107119989764\"\r\n     data-ad-slot=\"4008251320\"><\/ins>\r\n<script>\r\n     (adsbygoogle = window.adsbygoogle || []).push({});\r\n<\/script><\/div>\n<p><strong>A k\u00f6rnyezet h\u00e1l\u00e1lja meg<\/strong><\/p>\n<p>&nbsp;<\/p>\n<p>Azonban az \u00f6r\u00f6mteljes, hogy az \u00e1talak\u00edt\u00e1sok hat\u00e1s\u00e1ra a term\u00e9szetk\u00e1ros\u00edt\u00e1s komolyan vissza fog esni, egyr\u00e9szt a sz\u00e1ll\u00edt\u00e1s igen k\u00f6rnyezetszennyez\u0151, illetve a m\u0171anyagiparban j\u00f3 ideje az \u00fajrafelhaszn\u00e1l\u00e1s n\u00f6vel\u00e9se az els\u0151dleges szempont a g\u00e9pek energiafogyaszt\u00e1s\u00e1nak let\u00f6r\u00e9se mellett. Ut\u00f3bbi haz\u00e1nkban val\u00f3ban komoly el\u0151rel\u00e9p\u00e9st hozhat, hiszen sajnos \u2013 mint az aut\u00f3piacon \u2013 sok a r\u00e9gebbi g\u00e9p, melyeknek nagyobb az energiafogyaszt\u00e1sa, \u00edgy szennyez\u0151bben m\u0171k\u00f6dnek. Egy szeml\u00e9letes p\u00e9ld\u00e1val \u00e9lve, az \u00fajrahasznos\u00edt\u00e1s els\u0151 l\u00e9pcs\u0151fok\u00e1nak sz\u00e1m\u00edt\u00f3 <a href=\"https:\/\/thege-plastic.hu\/index.php\/cikkek\/52-az-uj-generacios-rapid-daralok-a-koergazdasag-alapjat-jelentik-hamar-megteruel-az-olcso-fenntartas\" target=\"_blank\" rel=\"noopener noreferrer\">Rapid m\u0171anyagdar\u00e1l\u00f3k<\/a> leg\u00fajabb sz\u00e9ri\u00e1ja ak\u00e1r 80 sz\u00e1zal\u00e9kkal kevesebb \u00e1ramot haszn\u00e1l, mint a kor\u00e1bbi modellek, pedig a sv\u00e9d gy\u00e1rt\u00f3 eddig is \u00fcgyelt a k\u00f6rnyezetre \u2013 emelte ki Konkoly-Thege M\u00e1t\u00e9.<\/p>\n<p>&nbsp;<\/p>\n<p><strong>Komoly seg\u00edts\u00e9get jelent a hazai iparnak az \u00e1llami t\u00e1mogat\u00e1s<\/strong><\/p>\n<p>&nbsp;<\/p>\n<p>\u2013 A v\u00e1ls\u00e1g megold\u00e1s\u00e1ban komoly szerepe lesz az \u00e1llami beavatkoz\u00e1soknak is, a munkahelyek megtart\u00e1sa mellett az ipar versenyk\u00e9pess\u00e9g\u00e9nek seg\u00edt\u00e9se is elker\u00fclhetetlen, ut\u00f3bbira kiv\u00e1l\u00f3 v\u00e1laszt ad a <a href=\"https:\/\/hipa.hu\/hu_HU\/uj-versenykepesseg-novelo-tamogatasi-program\" target=\"_blank\" rel=\"noopener noreferrer\">HIPA t\u00e1mogat\u00e1sa<\/a>, mely a hazai g\u00e9ppark moderniz\u00e1l\u00e1s\u00e1t is seg\u00edti. C\u00e9g\u00fcnk szak\u00e9rt\u0151i, akik a t\u00e1mogat\u00e1sok leh\u00edv\u00e1s\u00e1nak teljesk\u00f6r\u0171 lebonyol\u00edt\u00e1s\u00e1t is v\u00e1llalj\u00e1k, \u00fagy l\u00e1tj\u00e1k, hogy a foly\u00f3s\u00edt\u00e1sok felgyorsultak, ami kiemelten fontos a v\u00e1ls\u00e1gid\u0151szakban.<br \/>\n<div class=\"ads-in-post2\"><script async src=\"https:\/\/pagead2.googlesyndication.com\/pagead\/js\/adsbygoogle.js\"><\/script>\r\n<ins class=\"adsbygoogle\"\r\n     style=\"display:block\"\r\n     data-ad-format=\"fluid\"\r\n     data-ad-layout-key=\"-6t+ed+2i-1n-4w\"\r\n     data-ad-client=\"ca-pub-1959107119989764\"\r\n     data-ad-slot=\"4008251320\"><\/ins>\r\n<script>\r\n     (adsbygoogle = window.adsbygoogle || []).push({});\r\n<\/script><\/div>\nAz uni\u00f3s \u00e9s nemzeti t\u00f6rekv\u00e9sek f\u00f3kusz\u00e1ban a fentiek mellett a k\u00f6rnyezetv\u00e9delem \u00e1ll (rem\u00e9lhet\u0151leg megfelel\u0151 s\u00fallyal), mely a k\u00f6rk\u00f6r\u00f6s gazdas\u00e1g megteremt\u00e9s\u00e9t kell, hogy jelentse, amiben szint\u00e9n fontos szerepet kapnak az \u00faj g\u00e9pek. A Humusz Sz\u00f6vets\u00e9g \u00e1ltal a <a href=\"https:\/\/humusz.hu\/sites\/default\/files\/Dokumentumok\/szakpolitika\/korf_gazd_csomag_v4_javaslatok.pdf\" target=\"_blank\" rel=\"noopener noreferrer\">k\u00f6zelm\u00faltban k\u00f6zz\u00e9tett<\/a>, az ad\u00f3rendszer \u00e1talak\u00edt\u00e1s\u00e1val az \u00fajrahasznos\u00edt\u00e1st \u00f6szt\u00f6nz\u0151 l\u00e9p\u00e9sek j\u00f3 ir\u00e1nyt jelenthetnek. Szerencs\u00e9re ki lehet jelenteni, hogy egyre t\u00f6bb olyan v\u00e1llalkoz\u00e1s j\u00f6n l\u00e9tre haz\u00e1nkba, ami direktben az \u00fajrafelhaszn\u00e1l\u00e1st seg\u00edti el\u0151 vagy \u00e9ppen olyan term\u00e9keket hoz l\u00e9tre, ami k\u00f6rnyezetszennyez\u0151ket v\u00e1lt ki \u2013 mondta el a Thege Plastic Kft. \u00fcgyvezet\u0151je.<\/p>\n<p>&nbsp;<\/p>\n<p><strong>Kevesebb \u00faj m\u0171anyagra van sz\u00fcks\u00e9ge a modern fr\u00f6ccs\u00f6nt\u0151knek<\/strong><\/p>\n<p>&nbsp;<\/p>\n<p>\u2013 Egy modern m\u0171anyagfr\u00f6ccs\u00f6nt\u0151nek j\u00f3val nagyobb sz\u00e1zal\u00e9knyi \u00fajrahasznos\u00edtott m\u0171anyagot kell tudnia haszn\u00e1lnia. Ebben a fejleszt\u00e9si dimenzi\u00f3ban is \u00e9vek \u00f3ta \u00e1d\u00e1z k\u00fczdelem folyik a gy\u00e1rt\u00f3k k\u00f6z\u00f6tt, \u00e9s ki kell jelenteni, hogy a k\u00ednai c\u00e9gek itt is utol\u00e9rt\u00e9k az eur\u00f3pai \u00e9s jap\u00e1n konkurenci\u00e1t. \u00c9ppen ez\u00e9rt v\u00e1rhat\u00f3an a k\u00ednai g\u00e9pgy\u00e1rt\u00e1s nem s\u00ednyli majd meg a v\u00e1ls\u00e1got, p\u00e9ld\u00e1ul az \u00e1r\u00e9rz\u00e9kenyebb Kelet-Eur\u00f3pai piacok, ahol az olcs\u00f3 munkaer\u0151 tov\u00e1bbi beruh\u00e1z\u00e1sokat hozhat, komoly felvev\u0151piac lehet.<\/p>\n<p>&nbsp;<\/p>\n<p>Partnereink, mint a <a href=\"https:\/\/thege-plastic.hu\/index.php\/bemutatkozas\" target=\"_blank\" rel=\"noopener noreferrer\">m\u0171anyagfr\u00f6ccs\u00f6nt\u0151<\/a> \u00f3ri\u00e1s, a ChenHsong \u00e9s az ipari robotokat gy\u00e1rt\u00f3 Efort, csak hetekre \u00e1llt le a legszigor\u00fabb k\u00ednai l\u00e9p\u00e9sek alatt, de m\u00e9g ez sem okozott kies\u00e9st, alkatr\u00e9szhi\u00e1nyt. A v\u00e1ls\u00e1g \u00e1ltal kiv\u00e1ltott rendel\u00e9scs\u00f6kken\u00e9s miatt sok helyen m\u00e9g a hat\u00e1rid\u0151k is ler\u00f6vid\u00fcltek. A k\u00ednai lez\u00e1r\u00e1sokat k\u00f6vet\u0151en rendelt robotok pedig m\u00e9g m\u00e1rcius v\u00e9ge el\u0151tt Magyarorsz\u00e1gra \u00e9rtek. Eur\u00f3pai, amerikai \u00e9s jap\u00e1n partnereinkn\u00e9l is hasonl\u00f3kat tapasztaltunk, \u00edgy kijelenthet\u0151, hogy nem az ipari szerepl\u0151k\u00f6n fog m\u00falni a v\u00e1ls\u00e1gb\u00f3l val\u00f3 kil\u00e1bal\u00e1s \u2013 z\u00e1rta gondolat\u00e1t Konkoly-Thege M\u00e1t\u00e9.<\/p>\n","protected":false},"excerpt":{"rendered":"<p>K\u00e9t esetben megindult a gy\u00e1rt\u00e1s \u00e1tszervez\u00e9se K\u00edn\u00e1b\u00f3l Magyarorsz\u00e1gra \u2013 mondta el Konkoly-Thege M\u00e1t\u00e9. A Thege Plastic Kft. \u00fcgyvezet\u0151je hozz\u00e1tette, hogy a korm\u00e1nyzati l\u00e9p\u00e9sek is egyre ink\u00e1bb a hazai ipari szerepl\u0151k helyzetbe hoz\u00e1s\u00e1t seg\u00edtik. A fentiek hat\u00e1s\u00e1ra a k\u00f6rnyezetterhel\u00e9s is komolyan visszaeshet, illetve a k\u00f6rk\u00f6r\u00f6s gazdas\u00e1ghoz k\u00f6thet\u0151 beruh\u00e1z\u00e1sok is lend\u00fcletet kaphatnak \u2013 emelte ki.<\/p>\n","protected":false},"author":1001006,"featured_media":0,"comment_status":"closed","ping_status":"open","sticky":false,"template":"","format":"standard","meta":[],"categories":[19],"tags":[],"_links":{"self":[{"href":"https:\/\/gazdasagportal.hu\/index.php\/wp-json\/wp\/v2\/posts\/126523"}],"collection":[{"href":"https:\/\/gazdasagportal.hu\/index.php\/wp-json\/wp\/v2\/posts"}],"about":[{"href":"https:\/\/gazdasagportal.hu\/index.php\/wp-json\/wp\/v2\/types\/post"}],"author":[{"embeddable":true,"href":"https:\/\/gazdasagportal.hu\/index.php\/wp-json\/wp\/v2\/users\/1001006"}],"replies":[{"embeddable":true,"href":"https:\/\/gazdasagportal.hu\/index.php\/wp-json\/wp\/v2\/comments?post=126523"}],"version-history":[{"count":1,"href":"https:\/\/gazdasagportal.hu\/index.php\/wp-json\/wp\/v2\/posts\/126523\/revisions"}],"predecessor-version":[{"id":126524,"href":"https:\/\/gazdasagportal.hu\/index.php\/wp-json\/wp\/v2\/posts\/126523\/revisions\/126524"}],"wp:attachment":[{"href":"https:\/\/gazdasagportal.hu\/index.php\/wp-json\/wp\/v2\/media?parent=126523"}],"wp:term":[{"taxonomy":"category","embeddable":true,"href":"https:\/\/gazdasagportal.hu\/index.php\/wp-json\/wp\/v2\/categories?post=126523"},{"taxonomy":"post_tag","embeddable":true,"href":"https:\/\/gazdasagportal.hu\/index.php\/wp-json\/wp\/v2\/tags?post=126523"}],"curies":[{"name":"wp","href":"https:\/\/api.w.org\/{rel}","templated":true}]}}