{"id":126512,"date":"2020-05-18T17:11:25","date_gmt":"2020-05-18T15:11:25","guid":{"rendered":"http:\/\/gazdasagportal.hu\/?p=126512"},"modified":"2020-05-18T17:15:56","modified_gmt":"2020-05-18T15:15:56","slug":"fidelity-a-kinai-turistak-ujbol-utra-kelnek","status":"publish","type":"post","link":"https:\/\/gazdasagportal.hu\/index.php\/fidelity-a-kinai-turistak-ujbol-utra-kelnek\/","title":{"rendered":"Fidelity: A k\u00ednai turist\u00e1k \u00fajb\u00f3l \u00fatra kelnek"},"content":{"rendered":"<p><strong>T\u00f6bb mint 100 milli\u00f3 k\u00ednai kelt \u00fatra az \u00f6tnapos m\u00e1jus elsejei \u00fcnnep alatt, ami a belf\u00f6ldi turizmus ir\u00e1nti ig\u00e9ny els\u0151 komoly pr\u00f3b\u00e1ja volt az\u00f3ta, hogy elkezdt\u00e9k feloldani a Covid-19 miatt bevezetett korl\u00e1toz\u00e1sokat. A Fidelity International szakemberei azt vizsg\u00e1lj\u00e1k, vajon megindul a fellend\u00fcl\u00e9s, vagy a fogyaszt\u00f3k egy darabig m\u00e9g \u00f3vatosan \u00e9lnek az \u00faj szabads\u00e1ggal?<\/strong><!--more--><br \/>\n<div class=\"ads-in-post1\"><div id=\"gazdasagportal.hu_fullbanner_wideboard\"><\/div>\r\n<\/div>\nA vid\u00e1mparkok el\u0151tt k\u00edgy\u00f3z\u00f3 sorok \u00e9s a kifosztott jegyp\u00e9nzt\u00e1rak m\u00e9g soha nem ny\u00fajtottak olyan \u00f6r\u00f6mteli l\u00e1tv\u00e1nyt, mint most, amikor a ki\u00e9hezett k\u00ednai fogyaszt\u00f3k az els\u0151 nagyobb nemzeti \u00fcnnep\u00fcknek \u00f6r\u00fcltek az\u00f3ta, hogy a Covid-19 \u00e1ltal el\u0151id\u00e9zett j\u00e1rv\u00e1ny miatt febru\u00e1rban gyakorlatilag megb\u00e9nult az \u00e9let az orsz\u00e1gban.<\/p>\n<p>A k\u00ednai Kultur\u00e1lis \u00e9s Idegenforgalmi Miniszt\u00e9rium \u00e1ltal k\u00f6zz\u00e9tett adatok szerint naponta \u00e1tlagosan 23 milli\u00f3an keltek \u00fatra a m\u00e1jus eleji, \u00f6tnapos \u00fcnnep sor\u00e1n, ami m\u00e9g \u00edgy is csup\u00e1n 50 %-a az egy \u00e9vvel ezel\u0151tti forgalomnak. Az \u00e9ves szinten m\u00e9rt jelent\u0151s cs\u00f6kken\u00e9s ellen\u00e9re ez hatalmas javul\u00e1s a febru\u00e1ri \u00e9s m\u00e1rciusi adatokhoz k\u00e9pest, amikor K\u00edna nagy r\u00e9sze teljes vesztegz\u00e1r alatt volt a koronav\u00edrus-j\u00e1rv\u00e1ny miatt. Alig h\u00e1rom h\u00e9ttel ezel\u0151tt egy kora \u00e1prilisi h\u00e1romnapos h\u00e9tv\u00e9g\u00e9n m\u00e9g csak 14 milli\u00f3 belf\u00f6ldi utast regisztr\u00e1ltak.<\/p>\n<p>\u00c9rdemes megjegyezni, hogy az idegenforgalmi keresletet valamelyest visszafogt\u00e1k a szigor\u00fa gy\u00fclekez\u00e9si szab\u00e1lyok, amelyeket a fert\u0151z\u00e9svesz\u00e9ly cs\u00f6kkent\u00e9se \u00e9rdek\u00e9ben vezettek be. A miniszt\u00e9rium \u00fagy rendelkezett, hogy a vid\u00e1mpark-\u00fczemeltet\u0151k a m\u00e1jusi \u00f6tnapos \u00fcnnep sor\u00e1n csak a teljes kapacit\u00e1s 30 %-\u00e1nak megfelel\u0151 mennyis\u00e9g\u0171 l\u00e1togat\u00f3t engedhetnek be a l\u00e9tes\u00edtm\u00e9ny\u00fckbe.<\/p><div id=\"gazda-622248447\" class=\"gazda-tartalomban gazda-entity-placement\"><script async src=\"https:\/\/pagead2.googlesyndication.com\/pagead\/js\/adsbygoogle.js\"><\/script>\r\n<ins class=\"adsbygoogle\"\r\n     style=\"display:block\"\r\n     data-ad-format=\"fluid\"\r\n     data-ad-layout-key=\"-6t+ed+2i-1n-4w\"\r\n     data-ad-client=\"ca-pub-1959107119989764\"\r\n     data-ad-slot=\"4008251320\"><\/ins>\r\n<script>\r\n     (adsbygoogle = window.adsbygoogle || []).push({});\r\n<\/script><\/div>\n<p><strong>A visszatartott kereslet <\/strong><\/p>\n<p>Nemzetk\u00f6zi utaz\u00e1sr\u00f3l egyel\u0151re nem lehet sz\u00f3, de a k\u00ednai belf\u00f6ldi turizmus fokozatos mag\u00e1hoz t\u00e9r\u00e9se n\u00e9mi b\u00e1tor\u00edt\u00e1st adhat a t\u00f6bbi orsz\u00e1gnak is, melyek m\u00e1r nagyon v\u00e1rj\u00e1k a kij\u00e1r\u00e1si tilalom ut\u00e1ni \u00e9letet \u2212 \u00e9s persze azt, hogy a fogyaszt\u00f3k hossz\u00fa id\u0151n \u00e1t visszatartott kereslete v\u00e9gre r\u00e1szabaduljon a v\u00e1llalkoz\u00e1sokra. Sokak sz\u00e1m\u00e1ra az utaz\u00e1s seg\u00edt oldani a kij\u00e1r\u00e1si tilalom alatt felhalmoz\u00f3dott fesz\u00fclts\u00e9get, ugyanakkor az utaz\u00f3k m\u00e9g nem tudnak sokat k\u00f6lteni, hiszen a munkahely\u00fck j\u00f6v\u0151j\u00e9t \u00e9s a j\u00f6vedelm\u00fck n\u00f6veked\u00e9s\u00e9t m\u00e9g v\u00e1ltozatlanul sok bizonytalans\u00e1g \u00f6vezi.<br \/>\n<div class=\"ads-in-post2\"><script async src=\"https:\/\/pagead2.googlesyndication.com\/pagead\/js\/adsbygoogle.js\"><\/script>\r\n<ins class=\"adsbygoogle\"\r\n     style=\"display:block\"\r\n     data-ad-format=\"fluid\"\r\n     data-ad-layout-key=\"-6t+ed+2i-1n-4w\"\r\n     data-ad-client=\"ca-pub-1959107119989764\"\r\n     data-ad-slot=\"4008251320\"><\/ins>\r\n<script>\r\n     (adsbygoogle = window.adsbygoogle || []).push({});\r\n<\/script><\/div>\nA m\u00e1jusi munkasz\u00fcnet egy-egy napja alatt egy-egy turista \u00e1tlagosan 414 renminbit (kb. 58 doll\u00e1rt) k\u00f6lt\u00f6tt, ami 31 %-kal kevesebb, mint egy \u00e9vvel ezel\u0151tt, der\u00fcl ki a Kultur\u00e1lis \u00e9s Idegenforgalmi Miniszt\u00e9rium adataib\u00f3l. Az egy f\u0151re jut\u00f3 kiad\u00e1sok \u00f6sszege azonban m\u00e9g \u00edgy is k\u00e9tszerese az \u00e1prilis 4-6 k\u00f6z\u00f6tti hossz\u00fa h\u00e9tv\u00e9g\u00e9n m\u00e9rtnek. Az \u00f6t nap teljes idegenforgalmi \u00e1rbev\u00e9tele 47,6 milli\u00e1rd renminbi volt, ami kevesebb, mint a fele a 2019 m\u00e1jusi \u00fcnnep alatt regisztr\u00e1ltnak.<\/p>\n<p>Az emberek a m\u00e1jus 1-5 k\u00f6z\u00f6tti, meghosszabb\u00edtott munkasz\u00fcnet alatt val\u00f3s\u00e1ggal megrohamozt\u00e1k a h\u00edresebb kir\u00e1ndul\u00f3helyeket. A pekingi Tiltott V\u00e1rosba m\u00e1r az \u00fcnnepek el\u0151tt elkelt mind a 25 ezer eladhat\u00f3 jegy, m\u00edg a Sandong tartom\u00e1nyban tal\u00e1lhat\u00f3 Tai-hegyre vezet\u0151 \u00fat bej\u00e1rat\u00e1n\u00e1l m\u00e1r a m\u00e1jus 1-jei nyit\u00e1s el\u0151tti napon is hossz\u00fa sorok k\u00edgy\u00f3ztak.<\/p>\n<p><strong>A l\u00e9gi j\u00e1ratok \u00e9s a vas\u00fatvonalak is kezdenek fel\u00e9ledni<\/strong><\/p>\n<p>M\u00edg a vil\u00e1g sz\u00e1mos l\u00e9git\u00e1rsas\u00e1ga gyakorlatilag teljesen a f\u00f6ldre k\u00e9nyszer\u00fclt, a k\u00ednai kereskedelmi j\u00e1ratok kezdenek t\u00e9tov\u00e1n magukhoz t\u00e9rni. A napi utasl\u00e9tsz\u00e1m t\u00f6bb mint megn\u00e9gyszerez\u0151d\u00f6tt febru\u00e1r k\u00f6zepe \u00f3ta, \u00e9s m\u00e1jus 5-\u00e9n el\u00e9rte a 780 000 f\u0151t \u2212 der\u00fcl ki a k\u00ednai K\u00f6zleked\u00e9si Miniszt\u00e9rium adataib\u00f3l. A vas\u00fattal utaz\u00f3k sz\u00e1ma is jelent\u0151sen megn\u0151tt: m\u00e1ra el\u00e9ri a napi hatmilli\u00f3 f\u0151t, szemben a febru\u00e1rban m\u00e9rt napi alig egymilli\u00f3val.<\/p>\n<p>A k\u00ednai l\u00e9git\u00e1rsas\u00e1gok \u00e1ltal\u00e1ban kapacit\u00e1suk 50 %-\u00e1val indultak \u00fajra, ami j\u00f3csk\u00e1n meghaladja a vil\u00e1g t\u00f6bbi r\u00e9sz\u00e9n m\u0171k\u00f6d\u0151 t\u00e1rsaik 10-30 %-os adat\u00e1t. P\u00e9nz\u00fcgyileg is sokkal jobban \u00e1llnak, mint a nyugati t\u00e1rsaik, melyek n\u00e9melyike \u00e1llami seg\u00e9lyre sz\u00e1m\u00edt a t\u00fal\u00e9l\u00e9shez. A nagy k\u00ednai l\u00e9git\u00e1rsas\u00e1gok stabil m\u00e9rleggel dicsekedhetnek, \u00e9s nincsenek k\u00f6zvetlen likvidit\u00e1si probl\u00e9m\u00e1ik (az, hogy a f\u0151 r\u00e9szv\u00e9nyes\u00fck maga az \u00e1llam, term\u00e9szetesen tov\u00e1bbi biztos\u00edt\u00e9kot jelent a m\u0171k\u00f6d\u00e9s\u00fckkel kapcsolatban).<br \/>\n<div class=\"ads-in-post1\"><div id=\"gazdasagportal.hu_fullbanner_wideboard\"><\/div>\r\n<\/div>\nA k\u0151olaj\u00e1rak t\u00f6rt\u00e9nelmi l\u00e9pt\u00e9kkel is jelent\u0151s beszakad\u00e1sa a legt\u00f6bb k\u00ednai l\u00e9gi fuvaroz\u00f3nak j\u00f3l j\u00f6n, mivel azok k\u00f6nyveiben legt\u00f6bbsz\u00f6r nincs, vagy csak elhanyagolhat\u00f3 m\u00e9rt\u00e9k\u0171 fedezet szerepel az \u00fczemanyag-\u00e1rak emelked\u00e9s\u00e9nek ellens\u00falyoz\u00e1s\u00e1ra, m\u00e1rpedig az \u00fczemanyag \u00e1ra a k\u00f6lts\u00e9gek 30 %-\u00e1t teszi ki.<\/p>\n<p>Azonban a javul\u00f3 helyzet ellen\u00e9re \u00e1llnak m\u00e9g kih\u00edv\u00e1sok a k\u00ednai l\u00e9git\u00e1rsas\u00e1gok el\u0151tt. A nemzetk\u00f6zi j\u00e1ratok szinte teljesen megsz\u0171ntek, \u00e9s a belf\u00f6ldi \u00fczleti utaz\u00f3k sz\u00e1ma is minim\u00e1lis. A foglal\u00e1sok azt mutatj\u00e1k, hogy a kereslet csak lassan fog mag\u00e1hoz t\u00e9rni, \u00e9s a t\u00e1volabbi kil\u00e1t\u00e1sok egyel\u0151re teljesen bizonytalanok.<\/p>\n<p>&nbsp;<\/p>\n<p><strong>Sz\u00e1llodai szob\u00e1k \u2013 javul\u00f3 kil\u00e1t\u00e1ssal <\/strong><\/p>\n<p>&nbsp;<\/p>\n<p>A j\u00e1rv\u00e1ny hat\u00e1s\u00e1ra a sz\u00e1llod\u00e1k kihaszn\u00e1lts\u00e1ga febru\u00e1rban egy sz\u00e1mjegy\u0171re zsugorodott, de az\u00f3ta 50%-ra n\u0151tt, amint arr\u00f3l az \u00e1ltalunk megk\u00e9rdezett \u00fczemeltet\u0151k \u00e9s \u00e1gazati szak\u00e9rt\u0151k besz\u00e1moltak.<\/p>\n<p>A k\u00f6zepes kateg\u00f3ri\u00e1j\u00fa sz\u00e1llod\u00e1k jobban p\u00f6r\u00f6gnek, mint a fels\u0151 \u00e9s az als\u00f3 kateg\u00f3ri\u00e1sok. A nemzetk\u00f6zi utasok elmarad\u00e1sa alaposan megnyirb\u00e1lta a luxussz\u00e1llod\u00e1k ir\u00e1nti keresletet, \u00e9s bizony a k\u00ednai fogyaszt\u00f3k is jobban megn\u00e9zik, mire k\u00f6ltenek. Mindennaposak lettek az akci\u00f3k: Sanghaj egyes \u00f6tcsillagos h\u00e1zaiban f\u00e9l\u00e1ron lehet most szob\u00e1t kivenni. Az \u00e1rpaletta als\u00f3 v\u00e9g\u00e9n elhelyezked\u0151 olcs\u00f3 sz\u00e1llod\u00e1k forgalma az\u00e9rt csappant meg, mert r\u00f3luk az a n\u00e9zet terjedt el, hogy nem ford\u00edtanak kell\u0151 gondot a tisztas\u00e1gra.<\/p>\n<p>&nbsp;<\/p>\n<p><strong>Az utaz\u00e1sszervez\u0151i piac<\/strong><\/p>\n<p>&nbsp;<\/p>\n<p>Az utaz\u00e1si foglal\u00e1sok m\u00e1ra visszat\u00e9rtek a szok\u00e1sos szint 60 %-a k\u00f6r\u00fcli \u00e9rt\u00e9kre, b\u00e1r az utaz\u00e1sszervez\u0151 v\u00e1llalkoz\u00e1sok jelent\u0151s \u00e1rengedm\u00e9nyeket adnak, hogy p\u00f6r\u00f6gj\u00f6n az \u00fczlet. P\u00e9ld\u00e1ul a h\u00edres, sencseni Happy Valley vid\u00e1mpark 365 renminbi\u00e9rt \u00e9ves bel\u00e9p\u0151t k\u00edn\u00e1l \u2013 ami komoly kedvezm\u00e9ny ahhoz k\u00e9pest, hogy kor\u00e1bban egy egyszeri bel\u00e9p\u0151 \u00e1ra 220 renminbi volt.<\/p>\n<p>&nbsp;<\/p>\n<p>A k\u00ednai utaz\u00f3k egyel\u0151re \u00f3vatosak, \u00e9s ink\u00e1bb csak r\u00f6videbb ruccan\u00e1sokra v\u00e1llalkoznak. H\u00e9tv\u00e9gente sokan az aut\u00f3jukba \u00fclnek be \u00e9s egy k\u00f6zeli v\u00e1rost keresnek fel, ahol csak egyetlen \u00e9jszak\u00e1t t\u00f6ltenek \u2013 \u00e9s sokkal kevesebbet k\u00f6ltenek, mintha t\u00e1volabbra utazn\u00e1nak \u00e9s vas\u00faton vagy rep\u00fcl\u0151vel menn\u00e9nek.<\/p>\n<p><em>\u201eAz emberek megk\u00f6nnyebb\u00fcltek, hogy t\u00fal vannak a nehez\u00e9n, de irre\u00e1lis lenne V alak\u00fa felpattan\u00e1sra sz\u00e1m\u00edtani\u201d<\/em> \u2013 v\u00e9li <strong>Hyomi Jie, a Fidelity portf\u00f3li\u00f3menedzsere<\/strong><em>. \u201eEl\u0151sz\u00f6r a belf\u00f6ldi turizmusban zajlik majd le a fokozatos talpra \u00e1ll\u00e1s, azt\u00e1n a r\u00f6videbb, region\u00e1lis utaz\u00e1sok ar\u00e1nya n\u0151 majd meg, olyan \u00fati c\u00e9lok fel\u00e9, ahol a v\u00edrust siker\u00fclt kord\u00e1ba szor\u00edtani. A t\u00e1volabbi, nemzetk\u00f6zi idegenforgalom j\u00f6v\u0151je egyel\u0151re meglehet\u0151sen hom\u00e1lyos.\u201d <\/em><\/p>\n<p>&nbsp;<\/p>\n<p>A k\u00fclf\u00f6ldi utaz\u00e1sok fel\u0151l a hangs\u00faly \u00e1thelyez\u0151dhet a belf\u00f6ldi turizmusra, mivel Hong Kong \u00e9s Maka\u00f3 j\u00f3r\u00e9szt z\u00e1rva tart az anyaorsz\u00e1gb\u00f3l \u00e9rkez\u0151 turist\u00e1k el\u0151tt, k\u00fclf\u00f6ldi utak pedig egyel\u0151re sz\u00f3ba se j\u00f6hetnek, hiszen vil\u00e1gszerte m\u00e9g sz\u00e1mtalan kij\u00e1r\u00e1si tilalom \u00e9s karant\u00e9n-int\u00e9zked\u00e9s van hat\u00e1lyban.<br \/>\n<div class=\"ads-in-post2\"><script async src=\"https:\/\/pagead2.googlesyndication.com\/pagead\/js\/adsbygoogle.js\"><\/script>\r\n<ins class=\"adsbygoogle\"\r\n     style=\"display:block\"\r\n     data-ad-format=\"fluid\"\r\n     data-ad-layout-key=\"-6t+ed+2i-1n-4w\"\r\n     data-ad-client=\"ca-pub-1959107119989764\"\r\n     data-ad-slot=\"4008251320\"><\/ins>\r\n<script>\r\n     (adsbygoogle = window.adsbygoogle || []).push({});\r\n<\/script><\/div>\nMi kell majd ahhoz, hogy a k\u00ednai idegenforgalom teljesen mag\u00e1ra tal\u00e1ljon? A k\u00ednai d\u00f6nt\u00e9shoz\u00f3k felismert\u00e9k, hogy a turizmus a belf\u00f6ldi fogyaszt\u00e1s egyik f\u0151 mozgat\u00f3rug\u00f3ja, \u00edgy k\u00fcl\u00f6nb\u00f6z\u0151 int\u00e9zked\u00e9sekkel igyekeznek t\u00e1mogatni az \u00e1gazatot. T\u00f6bb tartom\u00e1nyban vouchereket osztogatnak, melyeket az utaz\u00f3k a nevezetess\u00e9gekbe sz\u00f3l\u00f3 bel\u00e9p\u0151jegyekre, \u00e9tkez\u00e9sre \u00e9s v\u00e1s\u00e1rl\u00e1sra haszn\u00e1lhatnak fel. A K\u00edna keleti r\u00e9sz\u00e9n fekv\u0151 Cs\u00f6csiang tartom\u00e1ny Huzhou v\u00e1ros\u00e1ban p\u00e9ld\u00e1ul m\u00e1rcius \u00f3ta t\u00f6bb mint 200 milli\u00f3 renminbi \u00e9rt\u00e9k\u0171 vouchert osztottak sz\u00e9t a turist\u00e1k k\u00f6z\u00f6tt.<\/p>\n<p>&nbsp;<\/p>\n<p><em>\u201eA talpra \u00e1ll\u00e1s \u00fcteme persze f\u0151leg att\u00f3l f\u00fcgg majd, hogy mennyire \u00e9rzik biztosnak a k\u00ednai fogyaszt\u00f3k a munkahely\u00fcket \u00e9s a j\u00f6vedelm\u00fck n\u00f6veked\u00e9s\u00e9t. K\u00edn\u00e1ban mindeddig siker\u00fclt elker\u00fclni a j\u00e1rv\u00e1ny miatti, jelent\u0151sebb m\u00e9rt\u00e9k\u0171 munkan\u00e9lk\u00fclis\u00e9get, de azt egyel\u0151re nem tudni, hogyan tud majd megbirk\u00f3zni az orsz\u00e1g a k\u00ednai \u00e1rucikkek ir\u00e1nti glob\u00e1lis kereslet megcsappan\u00e1s\u00e1val. Az utaz\u00e1s n\u00e9lk\u00fcl\u00f6zhet\u0151 luxus a k\u00f6z\u00e9poszt\u00e1lybeli k\u00ednaiak sz\u00e1m\u00e1ra, b\u00e1r nem olyan komoly kiad\u00e1s, mint a lakhat\u00e1s vagy az oktat\u00e1s. Az el\u0151tt\u00fcnk \u00e1ll\u00f3 id\u0151szakban a legfontosabb mutat\u00f3k a foglalkoztatotts\u00e1g, a h\u00e1ztart\u00e1sok j\u00f6vedelme \u00e9s a v\u00e1llalati cs\u0151dh\u00e1nyad-mutat\u00f3k lesznek, amelyeket szoros figyelemmel kell k\u00eds\u00e9rn\u00fcnk\u201d<\/em> \u2013 teszi hozz\u00e1 <strong>Al-Hilal Istv\u00e1n, A Fidelity International k\u00f6z\u00e9p-kelet eur\u00f3pai igazgat\u00f3ja<\/strong>.<\/p>\n<p>&nbsp;<\/p>\n<p>&nbsp;<\/p>\n<p><strong>Fontos t\u00e1j\u00e9koztat\u00e1s<\/strong><\/p>\n<p>&nbsp;<\/p>\n<p>A jelen anyag nem az Egyes\u00fclt \u00c1llamokban tart\u00f3zkod\u00f3 szem\u00e9lyeknek sz\u00f3l (akik nem is cselekedhetnek a jelen k\u00f6zlem\u00e9nyben foglaltak alapj\u00e1n), \u00e9s csak az olyan joghat\u00f3s\u00e1gok ter\u00fclet\u00e9n bel\u00fcl tart\u00f3zkod\u00f3 szem\u00e9lyeknek sz\u00e1ntuk, amelyekben az \u00e9rintett alapok forgalmaz\u00e1si enged\u00e9llyel rendelkeznek, vagy ahol ilyen enged\u00e9lyre nincs sz\u00fcks\u00e9g. A Fidelity nem jogosult arra, hogy K\u00edna kontinent\u00e1lis ter\u00fclet\u00e9n befektet\u00e9si alapokat vagy term\u00e9keket kezeljen, illetve forgalmazzon, vagy hogy ott \u00e9l\u0151 szem\u00e9lyeknek befektet\u00e9skezel\u00e9si vagy -tan\u00e1csad\u00e1si szolg\u00e1ltat\u00e1sokat k\u00edn\u00e1ljon.<\/p>\n<p>A jelen anyagban szerepl\u0151 inform\u00e1ci\u00f3kat mindenki saj\u00e1t kezdem\u00e9nyez\u00e9s\u00e9re olvassa el, \u00e9s saj\u00e1t maga felel\u0151s a vonatkoz\u00f3 helyi t\u00f6rv\u00e9nyek \u00e9s jogszab\u00e1lyok betart\u00e1s\u00e1\u00e9rt, \u00e9s ki kell k\u00e9rnie saj\u00e1t befektet\u00e9si tan\u00e1csad\u00f3inak v\u00e9lem\u00e9ny\u00e9t. A jelen anyagban harmadik felekt\u0151l sz\u00e1rmaz\u00f3 tartalom is szerepelhet, mely a Fidelity egyetlen v\u00e1llalat\u00e1val sem kapcsolatban \u00e1ll\u00f3 v\u00e1llalatokt\u00f3l sz\u00e1rmazik (\u201eHarmadik felekt\u0151l sz\u00e1rmaz\u00f3 tartalom\u201d). A Fidelity nem vett r\u00e9szt a Harmadik felekt\u0151l sz\u00e1rmaz\u00f3 tartalom el\u0151k\u00e9sz\u00edt\u00e9s\u00e9ben, elfogad\u00e1s\u00e1ban vagy szerkeszt\u00e9s\u00e9ben, \u00e9s sem kifejezetten, sem hallgat\u00f3lagosan nem aj\u00e1nlja vagy helyesli azt.<\/p>\n<p>A Fidelity International annak a v\u00e1llalatcsoportnak a neve, mely az \u00c9szak-Amerik\u00e1n k\u00edv\u00fcli, meghat\u00e1rozott joghat\u00f3s\u00e1gok ter\u00fclet\u00e9n term\u00e9keket k\u00edn\u00e1l\u00f3 \u00e9s szolg\u00e1ltat\u00e1sokat ny\u00fajt\u00f3 glob\u00e1lis befektet\u00e9skezel\u00e9si szervezetet alkotja. A Fidelity \u00e9s a Fidelity International n\u00e9v, a Fidelity International log\u00f3 \u00e9s az F embl\u00e9ma a FIL Limited bejegyzett v\u00e9djegyei. A Fidelity csup\u00e1n t\u00e1j\u00e9koztat\u00e1st ny\u00fajt k\u00fcl\u00f6nb\u00f6z\u0151 term\u00e9kekkel \u00e9s szolg\u00e1ltat\u00e1sokkal kapcsolatban, de nem ad befektet\u00e9si tan\u00e1csokat, \u00e9s nem tesz az egy\u00e9ni k\u00f6r\u00fclm\u00e9nyeken alapul\u00f3, szem\u00e9lyre sz\u00f3l\u00f3 javaslatokat.<\/p>\n<p>Eur\u00f3p\u00e1ban kiadja a Financial Conduct Authority \u00e1ltal bejegyzett \u00e9s fel\u00fcgyelt FIL Investments International (FCA regisztr\u00e1ci\u00f3s sz\u00e1ma: 122170), a CSSF (Commission de Surveillance du Secteur Financier) \u00e1ltal bejegyzett \u00e9s fel\u00fcgyelt FIL (Luxembourg) S.A., \u00e9s a FIL Investment Switzerland AG.<\/p>\n<p>&nbsp;<\/p>\n<p>ED20-155 MKAT8662<\/p>\n","protected":false},"excerpt":{"rendered":"<p>T\u00f6bb mint 100 milli\u00f3 k\u00ednai kelt \u00fatra az \u00f6tnapos m\u00e1jus elsejei \u00fcnnep alatt, ami a belf\u00f6ldi turizmus ir\u00e1nti ig\u00e9ny els\u0151 komoly pr\u00f3b\u00e1ja volt az\u00f3ta, hogy elkezdt\u00e9k feloldani a Covid-19 miatt bevezetett korl\u00e1toz\u00e1sokat. A Fidelity International szakemberei azt vizsg\u00e1lj\u00e1k, vajon megindul a fellend\u00fcl\u00e9s, vagy a fogyaszt\u00f3k egy darabig m\u00e9g \u00f3vatosan \u00e9lnek az \u00faj szabads\u00e1ggal?<\/p>\n","protected":false},"author":1001006,"featured_media":20787,"comment_status":"closed","ping_status":"open","sticky":false,"template":"","format":"standard","meta":[],"categories":[146,427,246],"tags":[428],"_links":{"self":[{"href":"https:\/\/gazdasagportal.hu\/index.php\/wp-json\/wp\/v2\/posts\/126512"}],"collection":[{"href":"https:\/\/gazdasagportal.hu\/index.php\/wp-json\/wp\/v2\/posts"}],"about":[{"href":"https:\/\/gazdasagportal.hu\/index.php\/wp-json\/wp\/v2\/types\/post"}],"author":[{"embeddable":true,"href":"https:\/\/gazdasagportal.hu\/index.php\/wp-json\/wp\/v2\/users\/1001006"}],"replies":[{"embeddable":true,"href":"https:\/\/gazdasagportal.hu\/index.php\/wp-json\/wp\/v2\/comments?post=126512"}],"version-history":[{"count":4,"href":"https:\/\/gazdasagportal.hu\/index.php\/wp-json\/wp\/v2\/posts\/126512\/revisions"}],"predecessor-version":[{"id":126516,"href":"https:\/\/gazdasagportal.hu\/index.php\/wp-json\/wp\/v2\/posts\/126512\/revisions\/126516"}],"wp:featuredmedia":[{"embeddable":true,"href":"https:\/\/gazdasagportal.hu\/index.php\/wp-json\/wp\/v2\/media\/20787"}],"wp:attachment":[{"href":"https:\/\/gazdasagportal.hu\/index.php\/wp-json\/wp\/v2\/media?parent=126512"}],"wp:term":[{"taxonomy":"category","embeddable":true,"href":"https:\/\/gazdasagportal.hu\/index.php\/wp-json\/wp\/v2\/categories?post=126512"},{"taxonomy":"post_tag","embeddable":true,"href":"https:\/\/gazdasagportal.hu\/index.php\/wp-json\/wp\/v2\/tags?post=126512"}],"curies":[{"name":"wp","href":"https:\/\/api.w.org\/{rel}","templated":true}]}}