{"id":126508,"date":"2020-05-18T15:09:48","date_gmt":"2020-05-18T13:09:48","guid":{"rendered":"http:\/\/gazdasagportal.hu\/?p=126508"},"modified":"2020-05-18T15:09:48","modified_gmt":"2020-05-18T13:09:48","slug":"mnb-a-fizetesi-moratorium-miatt-nem-nohet-a-havi-torlesztes-osszege","status":"publish","type":"post","link":"https:\/\/gazdasagportal.hu\/index.php\/mnb-a-fizetesi-moratorium-miatt-nem-nohet-a-havi-torlesztes-osszege\/","title":{"rendered":"MNB: a fizet\u00e9si morat\u00f3rium miatt nem n\u0151het a havi t\u00f6rleszt\u00e9s \u00f6sszege"},"content":{"rendered":"<p><strong>A hitelekre vonatkoz\u00f3, a koronav\u00edrus-j\u00e1rv\u00e1ny hat\u00e1sainak m\u00e9rs\u00e9kl\u00e9s\u00e9t szolg\u00e1l\u00f3 hitelt\u00f6rleszt\u00e9si morat\u00f3rium miatt nem n\u0151 az \u00fcgyfelek t\u00f6rleszt\u0151r\u00e9szlete a morat\u00f3rium lez\u00e1rulta ut\u00e1n sem, azonban ha hitelszerz\u0151d\u00e9s\u00fck egy\u00e9b felt\u00e9telei miatt m\u00f3dosul a t\u00f6rleszt\u0151r\u00e9szlet, azt nem g\u00e1tolj\u00e1k a morat\u00f3rium szab\u00e1lyai &#8211; er\u0151s\u00edtette meg a jegybank h\u00e9tf\u0151i k\u00f6zlem\u00e9ny\u00e9ben.<\/strong><!--more--><br \/>\n<div class=\"ads-in-post1\"><div id=\"gazdasagportal.hu_fullbanner_wideboard\"><\/div>\r\n<\/div>\n    A jegybank k\u00f6zlem\u00e9ny\u00e9ben lesz\u00f6gezi: a hitelek terhe janu\u00e1rt\u00f3l legfeljebb ugyanannyi lesz, mintha nem is lett volna t\u00f6rleszt\u00e9si sz\u00fcnet. Az id\u0151k\u00f6zben felhalmoz\u00f3dott kamatok futamid\u0151-hosszabb\u00edt\u00e1ssal fizethet\u0151k meg.<br \/>\n    A v\u00e1ltoz\u00f3 kamatoz\u00e1s\u00fa hitelek kamata azonban m\u00f3dosulhat ak\u00e1r az \u00e9v h\u00e1tral\u00e9v\u0151 r\u00e9sz\u00e9ben is, \u00e9s 2021. janu\u00e1rt\u00f3l az akkor fenn\u00e1ll\u00f3 kamatnak megfelel\u0151 t\u00f6rleszt\u0151r\u00e9szletet kell majd fizetni, mivel e v\u00e1ltoz\u00e1snak nincs k\u00f6ze a morat\u00f3riumhoz, az az \u00fcgyf\u00e9l \u00e9s a bank \u00e1ltal megk\u00f6t\u00f6tt hitelszerz\u0151d\u00e9s felt\u00e9teleivel magyar\u00e1zhat\u00f3 &#8211; tett\u00e9k hozz\u00e1.<br \/>\n    Mint a Magyar Nemzeti Bank (MNB) kor\u00e1bban jelezte, a fizet\u00e9si morat\u00f3riumr\u00f3l sz\u00f3l\u00f3 jogszab\u00e1lyok megfelel\u0151 v\u00e9grehajt\u00e1sa, az ezzel kapcsolatos egys\u00e9ges gyakorlat kialak\u00edt\u00e1sa \u00e9rdek\u00e9ben t\u00e1mogat\u00e1st ny\u00fajt a hitelny\u00fajt\u00f3k \u00e9s az \u00fcgyfelek sz\u00e1m\u00e1ra &#8211; \u00e1ll a k\u00f6zlem\u00e9nyben.<br \/>\n<div class=\"ads-in-post2\"><script async src=\"https:\/\/pagead2.googlesyndication.com\/pagead\/js\/adsbygoogle.js\"><\/script>\r\n<ins class=\"adsbygoogle\"\r\n     style=\"display:block\"\r\n     data-ad-format=\"fluid\"\r\n     data-ad-layout-key=\"-6t+ed+2i-1n-4w\"\r\n     data-ad-client=\"ca-pub-1959107119989764\"\r\n     data-ad-slot=\"4008251320\"><\/ins>\r\n<script>\r\n     (adsbygoogle = window.adsbygoogle || []).push({});\r\n<\/script><\/div>\n    A k\u00f6zlem\u00e9ny szerint a jegybank t\u00f6bb oldalr\u00f3l is vizsg\u00e1lta a fizet\u00e9si morat\u00f3riumot v\u00e1laszt\u00f3 \u00fcgyfelek t\u00f6rleszt\u00e9si terheinek alakul\u00e1s\u00e1t a morat\u00f3riumot k\u00f6vet\u0151en. Ennek eredm\u00e9nyek\u00e9nt fogalmazta meg, hogy milyen elvek betart\u00e1s\u00e1t v\u00e1rja el a hitelny\u00fajt\u00f3kt\u00f3l. Az MNB pontos\u00edtott is kor\u00e1bbi \u00e1ll\u00e1spontj\u00e1n az\u00e9rt, hogy fogyaszt\u00f3bar\u00e1t, a fizet\u00e9si morat\u00f3rium miatti t\u00f6rleszt\u0151r\u00e9szlet-emelked\u00e9st teljes m\u00e9rt\u00e9kben kiz\u00e1r\u00f3 &#8211; s ezzel \u00f6sszef\u00fcgg\u0151en futamid\u0151 hosszabb\u00edt\u00e1ssal a terhek ar\u00e1nyos v\u00e1llal\u00e1s\u00e1t m\u00e9g ink\u00e1bb er\u0151s\u00edt\u0151 &#8211; gyakorlatot alak\u00edtson ki.<br \/>\n    E szerint a 2021. janu\u00e1r 1-je ut\u00e1ni els\u0151 t\u00f6rleszt\u0151r\u00e9szlet \u00e9s kamatr\u00e9sz \u00f6sszege nem lehet magasabb ann\u00e1l a t\u00f6rleszt\u0151r\u00e9szletn\u00e9l, amelyet a szerz\u0151d\u00e9s szerint az adott ad\u00f3snak akkor kellene megfizetni, ha nem lett volna fizet\u00e9si morat\u00f3rium.<br \/>\n    Ennek biztos\u00edt\u00e1sa \u00e9rdek\u00e9ben megn\u0151 az adott hitel futamideje. Abban az esetben, ha az adott \u00fcgyf\u00e9l ezt nem szeretn\u00e9, az \u0151 kezdem\u00e9nyez\u00e9s\u00e9re a k\u00e9s\u0151bbiekben lehet\u0151s\u00e9g lesz a hitelny\u00fajt\u00f3val k\u00f6z\u00f6sen megtal\u00e1lni a megfelel\u0151 megold\u00e1st (p\u00e9ld\u00e1ul \u00f6nk\u00e9ntesen m\u00e9gis magasabb havi t\u00f6rleszt\u00e9s v\u00e1llal\u00e1s\u00e1t a r\u00f6videbb futamid\u0151 \u00e9rdek\u00e9ben) &#8211; tett\u00e9k hozz\u00e1.<br \/>\n    Amennyiben a hitelszerz\u0151d\u00e9s &#8211; p\u00e9ld\u00e1ul a v\u00e1ltoz\u00f3 kamatoz\u00e1s\u00fa hitelekn\u00e9l &#8211; lehet\u0151s\u00e9get ad a kamat \u00e1t\u00e1raz\u00f3d\u00e1s\u00e1ra, akkor az \u00e9rtelemszer\u0171en az eredeti szerz\u0151d\u00e9s szerinti t\u00f6rleszt\u0151r\u00e9szlet-v\u00e1ltoz\u00e1st (ak\u00e1r n\u00f6veked\u00e9st, ak\u00e1r cs\u00f6kken\u00e9st) jelent a morat\u00f3rium id\u0151tartama alatt \u00e9s ut\u00e1na is. A jegybank kiemeli azonban, hogy ut\u00f3bbi v\u00e1ltoz\u00e1s nincs \u00f6sszef\u00fcgg\u00e9sben a fizet\u00e9si morat\u00f3riummal, az a hitel eredetileg megk\u00f6t\u00f6tt szerz\u0151d\u00e9si felt\u00e9teleivel magyar\u00e1zhat\u00f3.<br \/>\n<div class=\"ads-in-post2\"><script async src=\"https:\/\/pagead2.googlesyndication.com\/pagead\/js\/adsbygoogle.js\"><\/script>\r\n<ins class=\"adsbygoogle\"\r\n     style=\"display:block\"\r\n     data-ad-format=\"fluid\"\r\n     data-ad-layout-key=\"-6t+ed+2i-1n-4w\"\r\n     data-ad-client=\"ca-pub-1959107119989764\"\r\n     data-ad-slot=\"4008251320\"><\/ins>\r\n<script>\r\n     (adsbygoogle = window.adsbygoogle || []).push({});\r\n<\/script><\/div>\n    Hozz\u00e1tett\u00e9k, hogy az eredetileg fix kamatoz\u00e1s\u00fa hitelt felvett, vagy &#8211; az MNB 2019 \u00e1prilisi aj\u00e1nl\u00e1sa nyom\u00e1n &#8211; eddigi v\u00e1ltoz\u00f3 kamatoz\u00e1s\u00fa konstrukci\u00f3jukat fix kamatoz\u00e1s\u00fara \u00e1tv\u00e1lt\u00f3 ad\u00f3soknak nincs ilyen kock\u00e1zatuk. Az \u00fcgyfeleknek term\u00e9szetesen tov\u00e1bbra is lehet\u0151s\u00e9g\u00fck van a kamatfix\u00e1l\u00e1s kezdem\u00e9nyez\u00e9s\u00e9re hitelint\u00e9zet\u00fckn\u00e9l.(MTI)<\/p>\n","protected":false},"excerpt":{"rendered":"<p>A hitelekre vonatkoz\u00f3, a koronav\u00edrus-j\u00e1rv\u00e1ny hat\u00e1sainak m\u00e9rs\u00e9kl\u00e9s\u00e9t szolg\u00e1l\u00f3 hitelt\u00f6rleszt\u00e9si morat\u00f3rium miatt nem n\u0151 az \u00fcgyfelek t\u00f6rleszt\u0151r\u00e9szlete a morat\u00f3rium lez\u00e1rulta ut\u00e1n sem, azonban ha hitelszerz\u0151d\u00e9s\u00fck egy\u00e9b felt\u00e9telei miatt m\u00f3dosul a t\u00f6rleszt\u0151r\u00e9szlet, azt nem g\u00e1tolj\u00e1k a morat\u00f3rium szab\u00e1lyai &#8211; er\u0151s\u00edtette meg a jegybank h\u00e9tf\u0151i k\u00f6zlem\u00e9ny\u00e9ben.<\/p>\n","protected":false},"author":1001003,"featured_media":0,"comment_status":"closed","ping_status":"open","sticky":false,"template":"","format":"standard","meta":[],"categories":[19,427],"tags":[],"_links":{"self":[{"href":"https:\/\/gazdasagportal.hu\/index.php\/wp-json\/wp\/v2\/posts\/126508"}],"collection":[{"href":"https:\/\/gazdasagportal.hu\/index.php\/wp-json\/wp\/v2\/posts"}],"about":[{"href":"https:\/\/gazdasagportal.hu\/index.php\/wp-json\/wp\/v2\/types\/post"}],"author":[{"embeddable":true,"href":"https:\/\/gazdasagportal.hu\/index.php\/wp-json\/wp\/v2\/users\/1001003"}],"replies":[{"embeddable":true,"href":"https:\/\/gazdasagportal.hu\/index.php\/wp-json\/wp\/v2\/comments?post=126508"}],"version-history":[{"count":1,"href":"https:\/\/gazdasagportal.hu\/index.php\/wp-json\/wp\/v2\/posts\/126508\/revisions"}],"predecessor-version":[{"id":126509,"href":"https:\/\/gazdasagportal.hu\/index.php\/wp-json\/wp\/v2\/posts\/126508\/revisions\/126509"}],"wp:attachment":[{"href":"https:\/\/gazdasagportal.hu\/index.php\/wp-json\/wp\/v2\/media?parent=126508"}],"wp:term":[{"taxonomy":"category","embeddable":true,"href":"https:\/\/gazdasagportal.hu\/index.php\/wp-json\/wp\/v2\/categories?post=126508"},{"taxonomy":"post_tag","embeddable":true,"href":"https:\/\/gazdasagportal.hu\/index.php\/wp-json\/wp\/v2\/tags?post=126508"}],"curies":[{"name":"wp","href":"https:\/\/api.w.org\/{rel}","templated":true}]}}