{"id":126506,"date":"2020-05-18T14:33:05","date_gmt":"2020-05-18T12:33:05","guid":{"rendered":"http:\/\/gazdasagportal.hu\/?p=126506"},"modified":"2020-05-18T14:33:05","modified_gmt":"2020-05-18T12:33:05","slug":"nott-az-alteo-arbevetele-es-eredmenye-az-elso-negyedevben-2","status":"publish","type":"post","link":"https:\/\/gazdasagportal.hu\/index.php\/nott-az-alteo-arbevetele-es-eredmenye-az-elso-negyedevben-2\/","title":{"rendered":"N\u0151tt az Alteo \u00e1rbev\u00e9tele \u00e9s eredm\u00e9nye az els\u0151 negyed\u00e9vben"},"content":{"rendered":"<p><strong>Az Alteo-csoport konszolid\u00e1lt \u00e1rbev\u00e9tele 39 sz\u00e1zal\u00e9kkal 9,05 milli\u00e1rd forintra, kamat-, ad\u00f3fizet\u00e9s \u00e9s amortiz\u00e1ci\u00f3 el\u0151tti eredm\u00e9nye (EBITDA) pedig 156 sz\u00e1zal\u00e9kkal 1,16 milli\u00e1rd forintra n\u0151tt az idei els\u0151 negyed\u00e9vben a tavalyi azonos id\u0151szakhoz k\u00e9pest.<\/strong><!--more--><br \/>\n<div class=\"ads-in-post1\"><div id=\"gazdasagportal.hu_fullbanner_wideboard\"><\/div>\r\n<\/div>\n    A Budapesti \u00c9rt\u00e9kt\u0151zsde (B\u00c9T) honlapj\u00e1n h\u00e9tf\u0151n k\u00f6zz\u00e9tett, nem audit\u00e1lt p\u00e9nz\u00fcgyi eredm\u00e9nyt bemutat\u00f3 befektet\u0151i prezent\u00e1ci\u00f3 szerint a csoport nett\u00f3 eredm\u00e9nye 391 milli\u00f3 forint lett a tavalyi els\u0151 negyed\u00e9vi 24 milli\u00f3 forintos vesztes\u00e9g ut\u00e1n.<br \/>\n    A konszolid\u00e1lt \u00e1rbev\u00e9tel emelked\u00e9se els\u0151sorban a villamosenergia \u00e9s f\u00f6ldg\u00e1z kiskereskedelmi szegmens b\u0151v\u00fcl\u00e9se, a h\u0151- \u00e9s villamosenergia-termel\u00e9s t\u00f6bblet \u00e1rbev\u00e9tele, illetve a tavaly befejez\u0151d\u00f6tt beruh\u00e1z\u00e1sok \u00e9s megval\u00f3sult felv\u00e1s\u00e1rl\u00e1s eredm\u00e9nye az Alteo t\u00e1j\u00e9koztat\u00e1sa szerint.<br \/>\n    Az EBITDA n\u00f6veked\u00e9s\u00e9t els\u0151sorban az Alteo tulajdon\u00e1ba ker\u00fclt, B\u0151ny t\u00e9rs\u00e9gben tal\u00e1lhat\u00f3 25 megawattos sz\u00e9ler\u0151m\u0171park bel\u00e9p\u00e9se, valamint a tavaly \u00e1tadott 14 megawatt teljes\u00edtm\u00e9ny\u0171 naper\u0151m\u0171 eredm\u00e9nyezte.<br \/>\n    A t\u00e1rsas\u00e1g a prezent\u00e1ci\u00f3ban jelezte: az els\u0151 negyed\u00e9vben a koronav\u00edrus-j\u00e1rv\u00e1ny m\u00e9g nem terjedt el Magyarorsz\u00e1gon annyira, hogy sz\u00e1mottev\u0151en befoly\u00e1solta volna a csoport eredm\u00e9nyess\u00e9g\u00e9t.<br \/>\n<div class=\"ads-in-post2\"><script async src=\"https:\/\/pagead2.googlesyndication.com\/pagead\/js\/adsbygoogle.js\"><\/script>\r\n<ins class=\"adsbygoogle\"\r\n     style=\"display:block\"\r\n     data-ad-format=\"fluid\"\r\n     data-ad-layout-key=\"-6t+ed+2i-1n-4w\"\r\n     data-ad-client=\"ca-pub-1959107119989764\"\r\n     data-ad-slot=\"4008251320\"><\/ins>\r\n<script>\r\n     (adsbygoogle = window.adsbygoogle || []).push({});\r\n<\/script><\/div>\n    Az Alteo profitabilit\u00e1s\u00e1nak jelent\u0151s h\u00e1nyada kev\u00e9sb\u00e9 kitett a gazdas\u00e1gi ciklus v\u00e1ltoz\u00e1s\u00e1nak, ez\u00e9rt a c\u00e9g vezet\u00e9se \u00fagy l\u00e1tja, hogy a folyamatos \u00fczemk\u00e9pess\u00e9g fenntart\u00e1s\u00e1t biztos\u00edt\u00f3 \u00f3vint\u00e9zked\u00e9sek eredm\u00e9nyek\u00e9nt az Alte\u00f3t v\u00e1rhat\u00f3an kev\u00e9sb\u00e9 \u00e9rinti majd a j\u00e1rv\u00e1ny \u00e9s az abb\u00f3l fakad\u00f3 gazdas\u00e1gi visszaes\u00e9s &#8211; k\u00f6z\u00f6lt\u00e9k.<br \/>\n    A t\u00e1rsas\u00e1g t\u00e1j\u00e9koztat\u00e1sa szerint a 2019 \u0151sz\u00e9n bemutatott 2020-2024-es strat\u00e9gi\u00e1val \u00f6sszhangban megkezd\u0151d\u00f6tt a tervezett befektet\u00e9si, beruh\u00e1z\u00e1si program megval\u00f3s\u00edt\u00e1sa, a potenci\u00e1lis befektet\u00e9si lehet\u0151s\u00e9gek felt\u00e1r\u00e1sa, valamint a strat\u00e9gia egy\u00e9b pontjait megalapoz\u00f3 \u00e1talak\u00edt\u00e1sok \u00e9s sz\u00fcks\u00e9ges folyamatok megval\u00f3s\u00edt\u00e1sa.<br \/>\n    Ennek keret\u00e9ben megkezd\u0151d\u00f6tt az Alteo szab\u00e1lyoz\u00e1si k\u00f6zpont kapacit\u00e1s\u00e1nak b\u0151v\u00edt\u00e9se, \u00e9s egy t\u00f6bb mint 2 milli\u00e1rd forintos beruh\u00e1z\u00e1si program els\u0151 l\u00e9p\u00e9sek\u00e9nt egy\u00fcttesen 9 megawatt addicion\u00e1lis g\u00e1zmotor-kapacit\u00e1s kezdett m\u0171k\u00f6dni az Alteo tisza\u00fajv\u00e1rosi \u00e9s gy\u0151ri telephelyein m\u00e1jus elej\u00e9n. A fejleszt\u00e9s k\u00f6vetkez\u0151 \u00fctem\u00e9ben tov\u00e1bbi h\u00e1rom, \u00f6sszesen 9 megawatt villamos teljes\u00edtm\u00e9ny\u0171 g\u00e1zmotort telep\u00edtenek, \u00edgy a program v\u00e9g\u00e9re az Alteo harmad\u00e1val b\u0151v\u00edti g\u00e1zmotoros energiatermel\u0151 kapacit\u00e1sait, \u00e9s ezzel az orsz\u00e1g egyik legnagyobb szab\u00e1lyoz\u00e1si k\u00f6zpontj\u00e1v\u00e1 v\u00e1lik &#8211; jelezt\u00e9k a prezent\u00e1ci\u00f3ban.<br \/>\n<div class=\"ads-in-post2\"><script async src=\"https:\/\/pagead2.googlesyndication.com\/pagead\/js\/adsbygoogle.js\"><\/script>\r\n<ins class=\"adsbygoogle\"\r\n     style=\"display:block\"\r\n     data-ad-format=\"fluid\"\r\n     data-ad-layout-key=\"-6t+ed+2i-1n-4w\"\r\n     data-ad-client=\"ca-pub-1959107119989764\"\r\n     data-ad-slot=\"4008251320\"><\/ins>\r\n<script>\r\n     (adsbygoogle = window.adsbygoogle || []).push({});\r\n<\/script><\/div>\n    Az Alteo Nyrt. r\u00e9szv\u00e9nyeit a Budapesti \u00c9rt\u00e9kt\u0151zsde pr\u00e9mium kateg\u00f3ri\u00e1j\u00e1ban jegyzik. A pap\u00edrok 740 forinton z\u00e1rtak p\u00e9nteken, az elm\u00falt egy \u00e9vben a legmagasabb \u00e1rfolyamuk 900, a legalacsonyabb 594 forint volt.(MTI)<\/p>\n","protected":false},"excerpt":{"rendered":"<p>Az Alteo-csoport konszolid\u00e1lt \u00e1rbev\u00e9tele 39 sz\u00e1zal\u00e9kkal 9,05 milli\u00e1rd forintra, kamat-, ad\u00f3fizet\u00e9s \u00e9s amortiz\u00e1ci\u00f3 el\u0151tti eredm\u00e9nye (EBITDA) pedig 156 sz\u00e1zal\u00e9kkal 1,16 milli\u00e1rd forintra n\u0151tt az idei els\u0151 negyed\u00e9vben a tavalyi azonos id\u0151szakhoz k\u00e9pest.<\/p>\n","protected":false},"author":1001003,"featured_media":0,"comment_status":"closed","ping_status":"open","sticky":false,"template":"","format":"standard","meta":[],"categories":[7],"tags":[],"_links":{"self":[{"href":"https:\/\/gazdasagportal.hu\/index.php\/wp-json\/wp\/v2\/posts\/126506"}],"collection":[{"href":"https:\/\/gazdasagportal.hu\/index.php\/wp-json\/wp\/v2\/posts"}],"about":[{"href":"https:\/\/gazdasagportal.hu\/index.php\/wp-json\/wp\/v2\/types\/post"}],"author":[{"embeddable":true,"href":"https:\/\/gazdasagportal.hu\/index.php\/wp-json\/wp\/v2\/users\/1001003"}],"replies":[{"embeddable":true,"href":"https:\/\/gazdasagportal.hu\/index.php\/wp-json\/wp\/v2\/comments?post=126506"}],"version-history":[{"count":1,"href":"https:\/\/gazdasagportal.hu\/index.php\/wp-json\/wp\/v2\/posts\/126506\/revisions"}],"predecessor-version":[{"id":126507,"href":"https:\/\/gazdasagportal.hu\/index.php\/wp-json\/wp\/v2\/posts\/126506\/revisions\/126507"}],"wp:attachment":[{"href":"https:\/\/gazdasagportal.hu\/index.php\/wp-json\/wp\/v2\/media?parent=126506"}],"wp:term":[{"taxonomy":"category","embeddable":true,"href":"https:\/\/gazdasagportal.hu\/index.php\/wp-json\/wp\/v2\/categories?post=126506"},{"taxonomy":"post_tag","embeddable":true,"href":"https:\/\/gazdasagportal.hu\/index.php\/wp-json\/wp\/v2\/tags?post=126506"}],"curies":[{"name":"wp","href":"https:\/\/api.w.org\/{rel}","templated":true}]}}