{"id":126492,"date":"2020-05-18T10:30:26","date_gmt":"2020-05-18T08:30:26","guid":{"rendered":"http:\/\/gazdasagportal.hu\/?p=126492"},"modified":"2020-05-18T10:30:26","modified_gmt":"2020-05-18T08:30:26","slug":"oroszlanyban-250-fot-bocsat-el-a-kipufogoontvenyeket-keszito-wescast","status":"publish","type":"post","link":"https:\/\/gazdasagportal.hu\/index.php\/oroszlanyban-250-fot-bocsat-el-a-kipufogoontvenyeket-keszito-wescast\/","title":{"rendered":"Oroszl\u00e1nyban 250 f\u0151t bocs\u00e1t el a kipufog\u00f3\u00f6ntv\u00e9nyeket k\u00e9sz\u00edt\u0151 Wescast"},"content":{"rendered":"<p><strong>A kipufog\u00f3\u00f6ntv\u00e9nyeket k\u00e9sz\u00edt\u0151, k\u00ednai Wescast Hungary Aut\u00f3ipari Zrt. 250 embert bocs\u00e1t el az \u00fczem 800 dolgoz\u00f3ja k\u00f6z\u00fcl, err\u0151l t\u00e1j\u00e9koztatt\u00e1k a Vasas Szakszervezeti Sz\u00f6vets\u00e9get &#8211; mondta el az MTI-nek a sz\u00f6vets\u00e9g aleln\u00f6ke.<\/strong><!--more--><\/p>\n<div class=\"ads-in-post1\"><div id=\"gazdasagportal.hu_fullbanner_wideboard\"><\/div>\r\n<\/div>\n<p>    L\u00e1szl\u00f3 Zolt\u00e1n hozz\u00e1tette, eddig 73 saj\u00e1t \u00e9s 55 k\u00f6lcs\u00f6nz\u00f6tt dolgoz\u00f3 munkaviszonya sz\u0171nt meg. A munk\u00e1ltat\u00f3 t\u00e1j\u00e9koztatta a munkat\u00e1rsakat, hogy ha valaki nem a v\u00e1llalatn\u00e1l k\u00e9pzeli el a j\u00f6v\u0151j\u00e9t, annak kifizeti a t\u00f6rv\u00e9nyes juttat\u00e1sokat \u00e9s &#8222;elengedi a dolgoz\u00f3t&#8221;.<br \/>\n    Az aleln\u00f6k elmondta, a v\u00e1llalatvezet\u00e9ssel j\u00f3 a kapcsolatuk, azonban vannak k\u00e9rd\u00e9sek, melyekben nem \u00e9rtenek egyet. A Wescast \u00e1prilis 25. \u00e9s m\u00e1jus 11. k\u00f6z\u00f6tt nem termelt. A dolgoz\u00f3kat \u00e1ll\u00e1sid\u0151re k\u00fcldt\u00e9k, amelyre alapb\u00e9r j\u00e1rna, a v\u00e1llalat azonban ezt nem fizette ki el\u0151re nem l\u00e1tott \u00e9s elh\u00e1r\u00edthatatlan akad\u00e1lyra hivatkozva.<br \/>\n    A Szakszervezeti Sz\u00f6vets\u00e9g szerint a j\u00e1rv\u00e1ny miatti  termel\u00e9skies\u00e9s a v\u00e1llalkoz\u00e1s \u00fczleti kock\u00e1zat\u00e1ba tartozik, ennek terh\u00e9t nem lehet az alkalmazottakra h\u00e1r\u00edtani.<br \/>\n    L\u00e1szl\u00f3 Zolt\u00e1n hozz\u00e1tette, a c\u00e9g jog\u00e9rtelmez\u00e9se szerint a k\u00f6z\u00f6s megegyez\u00e9ssel val\u00f3, nagy l\u00e9tsz\u00e1m\u00fa felmond\u00e1s nem sz\u00e1m\u00edt csoportos l\u00e9tsz\u00e1mle\u00e9p\u00edt\u00e9snek, ez\u00e9rt nem is jelentett\u00e9k be a munka\u00fcgyi hat\u00f3s\u00e1goknak.<br \/>\n<div class=\"ads-in-post2\"><script async src=\"https:\/\/pagead2.googlesyndication.com\/pagead\/js\/adsbygoogle.js\"><\/script>\r\n<ins class=\"adsbygoogle\"\r\n     style=\"display:block\"\r\n     data-ad-format=\"fluid\"\r\n     data-ad-layout-key=\"-6t+ed+2i-1n-4w\"\r\n     data-ad-client=\"ca-pub-1959107119989764\"\r\n     data-ad-slot=\"4008251320\"><\/ins>\r\n<script>\r\n     (adsbygoogle = window.adsbygoogle || []).push({});\r\n<\/script><\/div>\n    A Wescast Hungary Aut\u00f3ipari Zrt.-n\u00e9l 2019 m\u00e1rcius\u00e1ban b\u00e9remel\u00e9s\u00e9rt tartottak sikeres sztr\u00e1jkot, mert az \u00e1tlagos fizet\u00e9s alig haladta meg a garant\u00e1lt b\u00e9rminimumot, ami Oroszl\u00e1ny \u00e9s k\u00f6rny\u00e9k\u00e9nek \u00e1tlag\u00e1hoz k\u00e9pest alacsonynak sz\u00e1m\u00edt.<br \/>\n    A dolgoz\u00f3k nagy terhel\u00e9ssel \u00e9s szennyezetts\u00e9ggel j\u00e1r\u00f3 f\u00e9m\u00f6nt\u0151 \u00e9s f\u00e9mmegmunk\u00e1l\u00f3 tev\u00e9kenys\u00e9get v\u00e9geznek, ahol a por \u00e9s a megmunk\u00e1l\u00f3 g\u00e9pek h\u0171t\u0151folyad\u00e9ka vesz\u00e9lyt jelenthet az eg\u00e9szs\u00e9gre.<br \/>\n    A Wescast k\u00ednai tulajdon\u00fa, kanadai k\u00f6zponttal m\u0171k\u00f6d\u0151 v\u00e1llalatcsoport, amely a vil\u00e1g legjelent\u0151sebb besz\u00e1ll\u00edt\u00f3ja a szem\u00e9lyaut\u00f3khoz \u00e9s a kisteheraut\u00f3khoz k\u00e9sz\u00edtett, \u00f6nt\u00f6tt kipufog\u00f3csonkok ter\u00fclet\u00e9n.<br \/>\n    A kor\u00e1bban kanadai tulajdonban l\u00e9v\u0151 v\u00e1llalatot a Bohong-csoport v\u00e1s\u00e1rolta meg \u00e9s 9 milli\u00e1rd forintos beruh\u00e1z\u00e1st telep\u00edtett\u00e9k Oroszl\u00e1nyba. A t\u00e1rsas\u00e1ggal a korm\u00e1ny 2017 m\u00e1jus\u00e1ban k\u00f6t\u00f6tt strat\u00e9giai meg\u00e1llapod\u00e1st.<br \/>\n<div class=\"ads-in-post2\"><script async src=\"https:\/\/pagead2.googlesyndication.com\/pagead\/js\/adsbygoogle.js\"><\/script>\r\n<ins class=\"adsbygoogle\"\r\n     style=\"display:block\"\r\n     data-ad-format=\"fluid\"\r\n     data-ad-layout-key=\"-6t+ed+2i-1n-4w\"\r\n     data-ad-client=\"ca-pub-1959107119989764\"\r\n     data-ad-slot=\"4008251320\"><\/ins>\r\n<script>\r\n     (adsbygoogle = window.adsbygoogle || []).push({});\r\n<\/script><\/div>\n    A 800 embert foglalkoztat\u00f3 Wescast Hungary Aut\u00f3ipari Zrt. d\u00edzelmotorokhoz gy\u00e1rt turb\u00f3felt\u00f6lt\u0151-\u00f6ntv\u00e9nyeket \u00e9s kipufog\u00f3-le\u00f6ml\u0151ket. A 2015 \u00f3ta tart\u00f3 d\u00edzelbotr\u00e1ny a c\u00e9g eredm\u00e9ny\u00e9re is hat\u00e1ssal volt.<br \/>\n    A c\u00e9g l\u00e9tsz\u00e1ma 2016 \u00f3ta \u00f6tsz\u00e1z f\u0151vel cs\u00f6kkent, az \u00f6sszes nett\u00f3 \u00e1rbev\u00e9tel 2017-ben 97 milli\u00f3 eur\u00f3 volt, 2018-ban 85 milli\u00f3 eur\u00f3ra cs\u00f6kkent, 2017-ben f\u00e9l milli\u00f3 eur\u00f3s ad\u00f3zott eredm\u00e9nyr\u0151l sz\u00e1moltak be, 2018-ban ez 8 milli\u00f3 eur\u00f3s vesztes\u00e9get \u00e9rt el.(MTI)<\/p>\n","protected":false},"excerpt":{"rendered":"<p>A kipufog\u00f3\u00f6ntv\u00e9nyeket k\u00e9sz\u00edt\u0151, k\u00ednai Wescast Hungary Aut\u00f3ipari Zrt. 250 embert bocs\u00e1t el az \u00fczem 800 dolgoz\u00f3ja k\u00f6z\u00fcl, err\u0151l t\u00e1j\u00e9koztatt\u00e1k a Vasas Szakszervezeti Sz\u00f6vets\u00e9get &#8211; mondta el az MTI-nek a sz\u00f6vets\u00e9g aleln\u00f6ke.<\/p>\n","protected":false},"author":1001006,"featured_media":0,"comment_status":"closed","ping_status":"open","sticky":false,"template":"","format":"standard","meta":[],"categories":[19],"tags":[],"_links":{"self":[{"href":"https:\/\/gazdasagportal.hu\/index.php\/wp-json\/wp\/v2\/posts\/126492"}],"collection":[{"href":"https:\/\/gazdasagportal.hu\/index.php\/wp-json\/wp\/v2\/posts"}],"about":[{"href":"https:\/\/gazdasagportal.hu\/index.php\/wp-json\/wp\/v2\/types\/post"}],"author":[{"embeddable":true,"href":"https:\/\/gazdasagportal.hu\/index.php\/wp-json\/wp\/v2\/users\/1001006"}],"replies":[{"embeddable":true,"href":"https:\/\/gazdasagportal.hu\/index.php\/wp-json\/wp\/v2\/comments?post=126492"}],"version-history":[{"count":1,"href":"https:\/\/gazdasagportal.hu\/index.php\/wp-json\/wp\/v2\/posts\/126492\/revisions"}],"predecessor-version":[{"id":126493,"href":"https:\/\/gazdasagportal.hu\/index.php\/wp-json\/wp\/v2\/posts\/126492\/revisions\/126493"}],"wp:attachment":[{"href":"https:\/\/gazdasagportal.hu\/index.php\/wp-json\/wp\/v2\/media?parent=126492"}],"wp:term":[{"taxonomy":"category","embeddable":true,"href":"https:\/\/gazdasagportal.hu\/index.php\/wp-json\/wp\/v2\/categories?post=126492"},{"taxonomy":"post_tag","embeddable":true,"href":"https:\/\/gazdasagportal.hu\/index.php\/wp-json\/wp\/v2\/tags?post=126492"}],"curies":[{"name":"wp","href":"https:\/\/api.w.org\/{rel}","templated":true}]}}