{"id":126478,"date":"2020-05-17T16:52:05","date_gmt":"2020-05-17T14:52:05","guid":{"rendered":"http:\/\/gazdasagportal.hu\/?p=126478"},"modified":"2020-05-17T16:52:05","modified_gmt":"2020-05-17T14:52:05","slug":"spanyolorszagban-honapok-ota-eloszor-szaz-ala-csokkent-a-napi-halalozas","status":"publish","type":"post","link":"https:\/\/gazdasagportal.hu\/index.php\/spanyolorszagban-honapok-ota-eloszor-szaz-ala-csokkent-a-napi-halalozas\/","title":{"rendered":"Spanyolorsz\u00e1gban h\u00f3napok \u00f3ta el\u0151sz\u00f6r sz\u00e1z al\u00e1 cs\u00f6kkent a napi hal\u00e1loz\u00e1s"},"content":{"rendered":"<p><strong>Spanyolorsz\u00e1gban h\u00f3napok \u00f3ta el\u0151sz\u00f6r sz\u00e1z al\u00e1 cs\u00f6kkent az \u00faj koronav\u00edrus okozta hal\u00e1loz\u00e1s, az elm\u00falt egy nap sor\u00e1n 87 ember halt meg a fert\u0151z\u00e9s k\u00f6vetkezt\u00e9ben &#8211; jelentette a spanyol eg\u00e9szs\u00e9g\u00fcgyi miniszt\u00e9rium vas\u00e1rnap.<\/strong><!--more--><\/p>\n<div class=\"ads-in-post1\"><div id=\"gazdasagportal.hu_fullbanner_wideboard\"><\/div>\r\n<\/div>\n<p>    A m\u00e1rcius elej\u00e9n igazolt els\u0151 koronav\u00edrusos hal\u00e1leset \u00f3ta 27650-en hunytak el. A j\u00e1rv\u00e1ny tet\u0151pontj\u00e1n, \u00e1prilis 2-\u00e1n 950-en haltak bele a fert\u0151z\u00e9sbe.<br \/>\n    A szakt\u00e1rca adatai szerint a gy\u00f3gyultak sz\u00e1ma m\u00e1r meghaladta a 149 ezret.<br \/>\n    A SARS-CoV-2 nev\u0171 v\u00edrust 421 p\u00e1ciensn\u00e9l mutatt\u00e1k ki az elm\u00falt 24 \u00f3r\u00e1ban, m\u00edg a fert\u0151z\u00e9s janu\u00e1r v\u00e9gi megjelen\u00e9se \u00f3ta 231 ezer 350 akt\u00edv esetet igazoltak a legmegb\u00edzhat\u00f3bbnak tartott PCR-teszttel. M\u00e1r lezajlott fert\u0151z\u00e9st 46 ezer 369 embern\u00e9l azonos\u00edtottak ellenanyag-vizsg\u00e1lattal.<br \/>\n    A j\u00e1rv\u00e1ny kezdete \u00f3ta k\u00f3rh\u00e1zi \u00e1pol\u00e1sra 125 110-en szorultak, 327-en az elm\u00falt egy napban ker\u00fcltek be. K\u00f6z\u00fcl\u00fck 28-an ker\u00fcltek intenz\u00edv oszt\u00e1lyra, ahol \u00f6sszesen 11 ezer 528 p\u00e1cienst l\u00e1ttak el.<br \/>\n<div class=\"ads-in-post2\"><script async src=\"https:\/\/pagead2.googlesyndication.com\/pagead\/js\/adsbygoogle.js\"><\/script>\r\n<ins class=\"adsbygoogle\"\r\n     style=\"display:block\"\r\n     data-ad-format=\"fluid\"\r\n     data-ad-layout-key=\"-6t+ed+2i-1n-4w\"\r\n     data-ad-client=\"ca-pub-1959107119989764\"\r\n     data-ad-slot=\"4008251320\"><\/ins>\r\n<script>\r\n     (adsbygoogle = window.adsbygoogle || []).push({});\r\n<\/script><\/div>\n    Az \u00faj koronav\u00edrust 50 ezer 938 eg\u00e9szs\u00e9g\u00fcgyi dolgoz\u00f3 kapta el, a miniszt\u00e9rium azt nem k\u00f6z\u00f6lte, hogy k\u00f6z\u00fcl\u00fck mennyien hunytak el.<br \/>\n    A fert\u0151z\u00e9sek t\u00f6bbs\u00e9ge jelenleg az eg\u00e9szs\u00e9g\u00fcgyi \u00e9s szoci\u00e1lis ter\u00fcleten fordul el\u0151 &#8211; mondta Fernando Sim\u00f3n, a spanyol eg\u00e9szs\u00e9g\u00fcgyi riaszt\u00e1si \u00e9s v\u00e9szhelyzeti koordin\u00e1ci\u00f3s k\u00f6zpont igazgat\u00f3ja madridi napi online sajt\u00f3t\u00e1j\u00e9koztat\u00f3j\u00e1n.<br \/>\n    A j\u00e1rv\u00e1ny\u00fcgyi vezet\u0151 bejelentette: azokon a 10 ezern\u00e9l nagyobb l\u00e9leksz\u00e1m\u00fa telep\u00fcl\u00e9seken, ahol az \u00f3vint\u00e9zked\u00e9sek enyh\u00edt\u00e9s\u00e9nek egyes f\u00e1zisa van \u00e9rv\u00e9nyben, megsz\u00fcntetik a szabadid\u0151s tev\u00e9kenys\u00e9gek koroszt\u00e1lyos id\u0151s\u00e1vj\u00e1t. Az adatok azt mutatj\u00e1k, hogy ezeken a helyeken sokkal kevesebben fert\u0151z\u0151dtek meg, mint a nagyv\u00e1rosokban &#8211; tette hozz\u00e1.<br \/>\n<div class=\"ads-in-post2\"><script async src=\"https:\/\/pagead2.googlesyndication.com\/pagead\/js\/adsbygoogle.js\"><\/script>\r\n<ins class=\"adsbygoogle\"\r\n     style=\"display:block\"\r\n     data-ad-format=\"fluid\"\r\n     data-ad-layout-key=\"-6t+ed+2i-1n-4w\"\r\n     data-ad-client=\"ca-pub-1959107119989764\"\r\n     data-ad-slot=\"4008251320\"><\/ins>\r\n<script>\r\n     (adsbygoogle = window.adsbygoogle || []).push({});\r\n<\/script><\/div>\n    H\u00e9tf\u0151t\u0151l Spanyolorsz\u00e1g ter\u00fclet\u00e9nek 70 sz\u00e1zal\u00e9k\u00e1n lesz \u00e9rv\u00e9nyben az egyes f\u00e1zis, amelyben p\u00e9ld\u00e1ul a csal\u00e1dtagok k\u00e9t h\u00f3nap ut\u00e1n el\u0151sz\u00f6r \u00fajra megl\u00e1togathatj\u00e1k egym\u00e1st otthonukban. Emellett l\u00e9tsz\u00e1mkorl\u00e1toz\u00e1ssal ugyan, de kinyithatnak az \u00e9ttermek teraszai, a kultur\u00e1lis \u00e9s vall\u00e1si int\u00e9zm\u00e9nyek is.<br \/>\n    A spanyol korm\u00e1ny a j\u00f6v\u0151 h\u00e9ten ism\u00e9t, imm\u00e1r \u00f6t\u00f6dsz\u00f6r kezdem\u00e9nyezi a t\u00f6rv\u00e9nyhoz\u00e1sn\u00e1l a m\u00e1jus 24-ig \u00e9rv\u00e9nyben l\u00e9v\u0151 sz\u00fcks\u00e9g\u00e1llapot meghosszabb\u00edt\u00e1s\u00e1t, de ez\u00fattal nem 15 napra, hanem &#8222;k\u00f6r\u00fclbel\u00fcl egy h\u00f3napra&#8221;, am\u00edg tart a j\u00e1rv\u00e1ny\u00fcgyi korl\u00e1toz\u00e1sok fokozatos, n\u00e9gy f\u00e1zisban tervezett felold\u00e1sa.(MTI)<\/p>\n","protected":false},"excerpt":{"rendered":"<p>Spanyolorsz\u00e1gban h\u00f3napok \u00f3ta el\u0151sz\u00f6r sz\u00e1z al\u00e1 cs\u00f6kkent az \u00faj koronav\u00edrus okozta hal\u00e1loz\u00e1s, az elm\u00falt egy nap sor\u00e1n 87 ember halt meg a fert\u0151z\u00e9s k\u00f6vetkezt\u00e9ben &#8211; jelentette a spanyol eg\u00e9szs\u00e9g\u00fcgyi miniszt\u00e9rium vas\u00e1rnap.<\/p>\n","protected":false},"author":1001006,"featured_media":0,"comment_status":"closed","ping_status":"open","sticky":false,"template":"","format":"standard","meta":[],"categories":[12,246],"tags":[],"_links":{"self":[{"href":"https:\/\/gazdasagportal.hu\/index.php\/wp-json\/wp\/v2\/posts\/126478"}],"collection":[{"href":"https:\/\/gazdasagportal.hu\/index.php\/wp-json\/wp\/v2\/posts"}],"about":[{"href":"https:\/\/gazdasagportal.hu\/index.php\/wp-json\/wp\/v2\/types\/post"}],"author":[{"embeddable":true,"href":"https:\/\/gazdasagportal.hu\/index.php\/wp-json\/wp\/v2\/users\/1001006"}],"replies":[{"embeddable":true,"href":"https:\/\/gazdasagportal.hu\/index.php\/wp-json\/wp\/v2\/comments?post=126478"}],"version-history":[{"count":1,"href":"https:\/\/gazdasagportal.hu\/index.php\/wp-json\/wp\/v2\/posts\/126478\/revisions"}],"predecessor-version":[{"id":126479,"href":"https:\/\/gazdasagportal.hu\/index.php\/wp-json\/wp\/v2\/posts\/126478\/revisions\/126479"}],"wp:attachment":[{"href":"https:\/\/gazdasagportal.hu\/index.php\/wp-json\/wp\/v2\/media?parent=126478"}],"wp:term":[{"taxonomy":"category","embeddable":true,"href":"https:\/\/gazdasagportal.hu\/index.php\/wp-json\/wp\/v2\/categories?post=126478"},{"taxonomy":"post_tag","embeddable":true,"href":"https:\/\/gazdasagportal.hu\/index.php\/wp-json\/wp\/v2\/tags?post=126478"}],"curies":[{"name":"wp","href":"https:\/\/api.w.org\/{rel}","templated":true}]}}