{"id":126473,"date":"2020-05-17T12:42:12","date_gmt":"2020-05-17T10:42:12","guid":{"rendered":"http:\/\/gazdasagportal.hu\/?p=126473"},"modified":"2020-05-17T12:42:12","modified_gmt":"2020-05-17T10:42:12","slug":"jelentos-gazdasagi-visszaeses-varhato-iden-a-nyugat-balkanon","status":"publish","type":"post","link":"https:\/\/gazdasagportal.hu\/index.php\/jelentos-gazdasagi-visszaeses-varhato-iden-a-nyugat-balkanon\/","title":{"rendered":"Jelent\u0151s gazdas\u00e1gi visszaes\u00e9s v\u00e1rhat\u00f3 id\u00e9n a Nyugat-Balk\u00e1non"},"content":{"rendered":"<p><strong>A nyugat-balk\u00e1ni orsz\u00e1gok gazdas\u00e1gi teljes\u00edtm\u00e9ny\u00fck jelent\u0151s cs\u00f6kken\u00e9s\u00e9re sz\u00e1m\u00edthatnak id\u00e9n a koronav\u00edrus-j\u00e1rv\u00e1ny k\u00f6vetkezm\u00e9nyek\u00e9nt, a t\u00e9rs\u00e9g \u00e1llamaira 4-11 sz\u00e1zal\u00e9kos visszaes\u00e9s v\u00e1r szakemberek szerint.<\/strong><!--more--><br \/>\n<div class=\"ads-in-post1\"><div id=\"gazdasagportal.hu_fullbanner_wideboard\"><\/div>\r\n<\/div>\n<p>    Szerbi\u00e1ban egy nap alatt 10 438-r\u00f3l 10 496-ra n\u0151tt a regisztr\u00e1lt fert\u0151z\u00f6ttek sz\u00e1ma. Aleksandar Vucic szerb eln\u00f6k \u00e1ll\u00edtja, hogy a koronav\u00edrus-j\u00e1rv\u00e1ny ellen\u00e9re Szerbia gazdas\u00e1ga id\u00e9n 5 sz\u00e1zal\u00e9kkal n\u0151ni fog, de ezzel a j\u00faniusi \u00e1ltal\u00e1nos v\u00e1laszt\u00e1sok kamp\u00e1ny\u00e1t szolg\u00e1l\u00f3 kijelent\u00e9s\u00e9vel nem \u00e9rtenek egyet gazdas\u00e1gi szakemberek. A Nemzetk\u00f6zi Valutaalap szerint is val\u00f3sz\u00edn\u0171bb, hogy Szerbia brutt\u00f3 hazai term\u00e9ke (GDP) ink\u00e1bb 4-5 sz\u00e1zal\u00e9kkal cs\u00f6kken, semmint n\u0151ni tudna. Az ut\u00f3bbi k\u00e9t h\u00f3napban majdnem kilencezer ember vesz\u00edtette el a munk\u00e1j\u00e1t Szerbi\u00e1ban.<br \/>\n    Koszov\u00f3ban az ut\u00f3bbi 24 \u00f3r\u00e1ban 955-r\u0151l 976-ra emelkedett az igazoltan fert\u0151z\u00f6ttek sz\u00e1ma. Az ut\u00f3bbi k\u00e9t h\u00f3napban hivatalosan t\u00f6bb mint 1600 ember vesz\u00edtette el a munk\u00e1j\u00e1t, a szakemberek szerint viszont ink\u00e1bb t\u00edzezrekr\u0151l lehet sz\u00f3, akiket a munkaad\u00f3k nem jelentettek be, \u00edgy most annak sincs nyoma, hogy munka n\u00e9lk\u00fcl maradtak. A mikro-, kis- \u00e9s k\u00f6zepes v\u00e1llalkoz\u00e1sok \u00f3ri\u00e1si vesztes\u00e9geket k\u00f6nyveltek el a z\u00e1rvatart\u00e1s ideje alatt. Az \u00fczletek egy r\u00e9sze a h\u00e9t elej\u00e9n megny\u00edlt, de a tulajdonosok azt mondj\u00e1k, jelent\u0151sen megcsappant a kereslet, sokkal kevesebben v\u00e1s\u00e1rolnak, \u00e9s sokkal kevesebbet is k\u00f6ltenek, mint kor\u00e1bban. A Nemzetk\u00f6zi Valutaalap \u00e9s a Vil\u00e1gbank el\u0151rejelz\u00e9se szerint a koszov\u00f3i gazdas\u00e1g id\u00e9n 4-5 sz\u00e1zal\u00e9kkal eshet vissza, \u00e9s 30-50 ezren vesz\u00edthetik el a munk\u00e1jukat.<br \/>\n<div class=\"ads-in-post2\"><script async src=\"https:\/\/pagead2.googlesyndication.com\/pagead\/js\/adsbygoogle.js\"><\/script>\r\n<ins class=\"adsbygoogle\"\r\n     style=\"display:block\"\r\n     data-ad-format=\"fluid\"\r\n     data-ad-layout-key=\"-6t+ed+2i-1n-4w\"\r\n     data-ad-client=\"ca-pub-1959107119989764\"\r\n     data-ad-slot=\"4008251320\"><\/ins>\r\n<script>\r\n     (adsbygoogle = window.adsbygoogle || []).push({});\r\n<\/script><\/div>\n    \u00c9szak-Maced\u00f3ni\u00e1ban szombatr\u00f3l vas\u00e1rnapra 1740-r\u0151l 1762-re n\u0151tt a regisztr\u00e1lt fert\u0151z\u00f6ttek sz\u00e1ma. Az eg\u00e9szs\u00e9g\u00fcgyi miniszter szerint, amikor az eur\u00f3pai orsz\u00e1gok \u00fagy d\u00f6ntenek, hogy megnyitj\u00e1k hat\u00e1raikat, t\u00f6bb\u00e9 nem lesz \u00e9rtelme a 14 napos k\u00f6telez\u0151 karant\u00e9nra vonatkoz\u00f3 szab\u00e1lyoz\u00e1snak, egyel\u0151re azonban nem lehet tudni, mi v\u00e1rhat\u00f3 a hat\u00e1rnyit\u00e1sokat k\u00f6vet\u0151en. A sajt\u00f3nak elmondta azt is, hogy G\u00f6r\u00f6gorsz\u00e1ggal folyik az egyeztet\u00e9s arr\u00f3l, hogyan lehetne megoldani a hat\u00e1r\u00e1tl\u00e9p\u00e9st \u00e9s a nyaral\u00e1sokat \u00fagy, hogy a karant\u00e9n vesz\u00e9lye ne lebegjen a nyaral\u00f3k feje f\u00f6l\u00f6tt.<br \/>\n    Montenegr\u00f3ban tov\u00e1bbra is stagn\u00e1l a fert\u0151z\u00f6ttek sz\u00e1ma, \u00f6sszesen 324 fert\u0151z\u00f6ttet vettek nyilv\u00e1ntart\u00e1sba a j\u00e1rv\u00e1ny ideje alatt. Az akt\u00edv esetek sz\u00e1ma vas\u00e1rnap 4 volt. Montenegr\u00f3ban kinyitottak a strandok, a turisztikai szektor abban b\u00edzik, menthet\u0151 m\u00e9g a szezon, m\u00edg gazdas\u00e1gi elemz\u0151k szerint az Adria-parti \u00e1llam sem &#8222;\u00fassza meg&#8221; jelent\u0151s gazdas\u00e1gi visszaes\u00e9s n\u00e9lk\u00fcl, el\u0151rejelz\u00e9sek szerint legal\u00e1bb 5 sz\u00e1zal\u00e9kkal cs\u00f6kken majd az orsz\u00e1g GDP-je.<br \/>\n    Bosznia-Hercegovin\u00e1ban egy nap alatt 2236-r\u00f3l 2267-re n\u0151tt a regisztr\u00e1lt fert\u0151z\u00f6ttek sz\u00e1ma. Gazdas\u00e1gi szakemberek szerint a boszniai gazdas\u00e1g 5 sz\u00e1zal\u00e9kkal is visszaeshet az idei \u00e9vben a koronav\u00edrus-j\u00e1rv\u00e1ny miatt, ami az egy\u00e9bk\u00e9nt is s\u00falyos gazdas\u00e1gi probl\u00e9m\u00e1kkal k\u00fczd\u0151 orsz\u00e1g sz\u00e1m\u00e1ra tov\u00e1bbi neh\u00e9zs\u00e9geket okozhat. A statisztikai hivatal szerint az ut\u00f3bbi k\u00e9t h\u00f3napban t\u00f6bb mint 35 ezer munkahely sz\u0171nt meg Bosznia-Hercegovin\u00e1ban.<br \/>\n<div class=\"ads-in-post2\"><script async src=\"https:\/\/pagead2.googlesyndication.com\/pagead\/js\/adsbygoogle.js\"><\/script>\r\n<ins class=\"adsbygoogle\"\r\n     style=\"display:block\"\r\n     data-ad-format=\"fluid\"\r\n     data-ad-layout-key=\"-6t+ed+2i-1n-4w\"\r\n     data-ad-client=\"ca-pub-1959107119989764\"\r\n     data-ad-slot=\"4008251320\"><\/ins>\r\n<script>\r\n     (adsbygoogle = window.adsbygoogle || []).push({});\r\n<\/script><\/div>\n    Horv\u00e1torsz\u00e1gban 2222-r\u0151l 2224-re emelkedett az igazoltan fert\u0151z\u00f6ttek sz\u00e1ma vas\u00e1rnapra. A B\u00e9csi Nemzetk\u00f6zi Gazdas\u00e1gi \u00d6sszehasonl\u00edt\u00f3 Tanulm\u00e1nyok Int\u00e9zet\u00e9nek (WIIW) jelent\u00e9se szerint a legnagyobb gazdas\u00e1gi visszaes\u00e9sre azok az orsz\u00e1gok sz\u00e1m\u00edthatnak id\u00e9n, amelyek a turizmusb\u00f3l \u00e9lnek, \u00edgy Horv\u00e1torsz\u00e1g gazdas\u00e1ga v\u00e1rhat\u00f3an 11 sz\u00e1zal\u00e9kot zsugorodik majd.<br \/>\n    Szlov\u00e9ni\u00e1ban is s\u00falyos gazdas\u00e1gi k\u00f6vetkezm\u00e9nye lesz a vil\u00e1gj\u00e1rv\u00e1nynak, a WIIW 9,5 sz\u00e1zal\u00e9kos visszaes\u00e9st prognosztiz\u00e1l. Szlov\u00e9ni\u00e1ban az ut\u00f3bbi 24 \u00f3r\u00e1ban nem regisztr\u00e1ltak \u00fajabb fert\u0151z\u00f6ttet, \u00edgy a regisztr\u00e1lt fert\u0151z\u00f6ttek sz\u00e1ma 1465 maradt.(MTI)<\/p>\n","protected":false},"excerpt":{"rendered":"<p>A nyugat-balk\u00e1ni orsz\u00e1gok gazdas\u00e1gi teljes\u00edtm\u00e9ny\u00fck jelent\u0151s cs\u00f6kken\u00e9s\u00e9re sz\u00e1m\u00edthatnak id\u00e9n a koronav\u00edrus-j\u00e1rv\u00e1ny k\u00f6vetkezm\u00e9nyek\u00e9nt, a t\u00e9rs\u00e9g \u00e1llamaira 4-11 sz\u00e1zal\u00e9kos visszaes\u00e9s v\u00e1r szakemberek szerint.<\/p>\n","protected":false},"author":1001003,"featured_media":0,"comment_status":"closed","ping_status":"open","sticky":false,"template":"","format":"standard","meta":[],"categories":[12,427,246],"tags":[428],"_links":{"self":[{"href":"https:\/\/gazdasagportal.hu\/index.php\/wp-json\/wp\/v2\/posts\/126473"}],"collection":[{"href":"https:\/\/gazdasagportal.hu\/index.php\/wp-json\/wp\/v2\/posts"}],"about":[{"href":"https:\/\/gazdasagportal.hu\/index.php\/wp-json\/wp\/v2\/types\/post"}],"author":[{"embeddable":true,"href":"https:\/\/gazdasagportal.hu\/index.php\/wp-json\/wp\/v2\/users\/1001003"}],"replies":[{"embeddable":true,"href":"https:\/\/gazdasagportal.hu\/index.php\/wp-json\/wp\/v2\/comments?post=126473"}],"version-history":[{"count":1,"href":"https:\/\/gazdasagportal.hu\/index.php\/wp-json\/wp\/v2\/posts\/126473\/revisions"}],"predecessor-version":[{"id":126476,"href":"https:\/\/gazdasagportal.hu\/index.php\/wp-json\/wp\/v2\/posts\/126473\/revisions\/126476"}],"wp:attachment":[{"href":"https:\/\/gazdasagportal.hu\/index.php\/wp-json\/wp\/v2\/media?parent=126473"}],"wp:term":[{"taxonomy":"category","embeddable":true,"href":"https:\/\/gazdasagportal.hu\/index.php\/wp-json\/wp\/v2\/categories?post=126473"},{"taxonomy":"post_tag","embeddable":true,"href":"https:\/\/gazdasagportal.hu\/index.php\/wp-json\/wp\/v2\/tags?post=126473"}],"curies":[{"name":"wp","href":"https:\/\/api.w.org\/{rel}","templated":true}]}}