{"id":126469,"date":"2020-05-16T21:18:04","date_gmt":"2020-05-16T19:18:04","guid":{"rendered":"http:\/\/gazdasagportal.hu\/?p=126469"},"modified":"2020-05-16T21:18:04","modified_gmt":"2020-05-16T19:18:04","slug":"brit-oktatasi-miniszter-juniustol-reszlegesen-nyithatnak-az-iskolak","status":"publish","type":"post","link":"https:\/\/gazdasagportal.hu\/index.php\/brit-oktatasi-miniszter-juniustol-reszlegesen-nyithatnak-az-iskolak\/","title":{"rendered":"Brit oktat\u00e1si miniszter: j\u00faniust\u00f3l r\u00e9szlegesen nyithatnak az iskol\u00e1k"},"content":{"rendered":"<p><strong>Nagyon korl\u00e1tozott m\u00e9rt\u00e9kben \u00e9s felt\u00e9telesen \u00fajraindulhat j\u00faniust\u00f3l a tan\u00edt\u00e1s a koronav\u00edrus-j\u00e1rv\u00e1ny miatt bez\u00e1rt nagy-britanniai iskol\u00e1kban &#8211; mondta szombaton a brit oktat\u00e1si miniszter.<\/strong><!--more--><\/p>\n<div class=\"ads-in-post1\"><div id=\"gazdasagportal.hu_fullbanner_wideboard\"><\/div>\r\n<\/div>\n<p>    Gavin Williamson, aki a szok\u00e1sos napi korm\u00e1nyzati sajt\u00f3t\u00e1j\u00e9koztat\u00f3t tartotta szombat este a Downing Streeten, elmondta: ha a koronav\u00edrus-fert\u0151z\u00e9si r\u00e1ta tov\u00e1bb cs\u00f6kken, j\u00fanius 1-j\u00e9t\u0151l az \u00e1ltal\u00e1nos iskol\u00e1k nulladik, els\u0151 \u00e9s hatodik oszt\u00e1lyos tanul\u00f3i visszat\u00e9rhetnek iskol\u00e1ikba.<br \/>\n    Az angol-walesi k\u00f6zoktat\u00e1si rendszerben a nulladik oszt\u00e1ly &#8211; reception class &#8211; gyakorlatilag az \u00f3voda utols\u00f3 \u00e9v\u00e9nek felel meg \u00e9s 4-5 \u00e9ves gyerekek j\u00e1rnak oda. Az els\u0151 oszt\u00e1lyba az 5-6, a hatodik oszt\u00e1lyba a 10-11 \u00e9ves gyerekek j\u00e1rnak.<br \/>\n    Williamson elmondta: nyit\u00e1s eset\u00e9n is a szok\u00e1sosn\u00e1l kisebb, legfeljebb 15 f\u0151s oszt\u00e1lyl\u00e9tsz\u00e1mokkal kezd\u0151dhet az iskolai oktat\u00e1s.<br \/>\n<div class=\"ads-in-post2\"><script async src=\"https:\/\/pagead2.googlesyndication.com\/pagead\/js\/adsbygoogle.js\"><\/script>\r\n<ins class=\"adsbygoogle\"\r\n     style=\"display:block\"\r\n     data-ad-format=\"fluid\"\r\n     data-ad-layout-key=\"-6t+ed+2i-1n-4w\"\r\n     data-ad-client=\"ca-pub-1959107119989764\"\r\n     data-ad-slot=\"4008251320\"><\/ins>\r\n<script>\r\n     (adsbygoogle = window.adsbygoogle || []).push({});\r\n<\/script><\/div>\n    Hozz\u00e1tette: k\u00e9sz\u00fclnek a tervek a tan\u00edt\u00e1s szakaszos \u00e9s korl\u00e1tozott elkezd\u00e9s\u00e9re a t\u00edzedik \u00e9s a tizenegyedik oszt\u00e1lyokban, amelyek az angol-walesi rendszerben m\u00e1r a k\u00f6z\u00e9piskol\u00e1nak felelnek meg.<br \/>\n    Az oktat\u00e1si miniszter hangs\u00falyozta, hogy a tizenegyedikesek a tan\u00e9v v\u00e9g\u00e9n z\u00e1r\u00f3vizsg\u00e1t tesznek, amelynek eredm\u00e9ny\u00e9t\u0151l tov\u00e1bbi tanulm\u00e1nyi el\u0151menetel\u00fck f\u00fcgg.<br \/>\n    Jenny Harries angliai tisztif\u0151orvos-helyettes a szombati t\u00e1j\u00e9koztat\u00f3n elmondta: a jelek egy\u00e9rtelm\u0171en arra vallanak, hogy a gyerekeket az \u00faj koronav\u00edrus kor\u00e1ntsem beteg\u00edti meg annyira, mint az id\u0151sebb koroszt\u00e1lyokat, \u00e9s az adatokb\u00f3l \u00fagy t\u0171nik, hogy a gyerekek kisebb val\u00f3sz\u00edn\u0171s\u00e9ggel adj\u00e1k tov\u00e1bb a fert\u0151z\u00e9st m\u00e1soknak.<br \/>\n    Harries professzor hozz\u00e1tette: erre vall egyebek mellett az is, hogy a sz\u0171r\u0151vizsg\u00e1latok alapj\u00e1n a tan\u00e1rok k\u00f6z\u00f6tt alacsonyabb a koronav\u00edrus-fert\u0151z\u00f6tts\u00e9g, mint m\u00e1s, k\u00f6z\u00f6ss\u00e9gi tev\u00e9kenys\u00e9get v\u00e9gz\u0151 foglalkoz\u00e1si \u00e1gak tagjai k\u00f6r\u00e9ben.<br \/>\n    A szombati sajt\u00f3t\u00e1j\u00e9koztat\u00f3n ismertetett adatok szerint eddig 2 489 563 koronav\u00edrus-sz\u0171r\u00e9st v\u00e9geztek el Nagy-Britanni\u00e1ban, ebb\u0151l 136 486-ot az el\u0151z\u0151 egy napban, ami napi rekord.<br \/>\n    A sz\u0171r\u0151vizsg\u00e1latokon eddig 240 161 koronav\u00edrus-fert\u0151z\u00e9st azonos\u00edtottak; az ut\u00f3bbi egy napban 3451 \u00faj esetet sz\u0171rtek ki. A szombati adatok szerint az el\u0151z\u0151 este z\u00e1rult 24 \u00f3r\u00e1ban 468-an haltak meg a koronav\u00edrus-j\u00e1rv\u00e1nyban, \u00edgy a nagy-britanniai hal\u00e1los \u00e1ldozatok sz\u00e1ma 34 466.<br \/>\n    Jenny Harries ugyanakkor a sajt\u00f3t\u00e1j\u00e9koztat\u00f3n lesz\u00f6gezte: az \u00faj esetek sz\u00e1m\u00e1t mutat\u00f3 g\u00f6rbe a napi sz\u0171r\u00e9sek sz\u00e1m\u00e1nak jelent\u0151s emelked\u00e9s\u00e9vel egy\u00fctt is lefel\u00e9 tart. Az angliai tisztif\u0151orvos-helyettes kijelentette, hogy ez igen biztat\u00f3 folyamat.<br \/>\n<div class=\"ads-in-post1\"><div id=\"gazdasagportal.hu_fullbanner_wideboard\"><\/div>\r\n<\/div>\n    Harries professzor grafikonnal illusztr\u00e1lt kimutat\u00e1sa szerint m\u00e1jus 14-\u00e9n &#8211; a legut\u00f3bbi olyan napon, amelyr\u0151l teljes k\u00f6r\u0171 felv\u00e9teli adatok vannak &#8211; m\u00e1r csak 739 p\u00e1ciens ker\u00fclt k\u00f3rh\u00e1zba Nagy-Britanni\u00e1ban a Covid-19 betegs\u00e9g miatt.<br \/>\n    Jenny Harries hangs\u00falyozta, hogy egy h\u00e9ttel kor\u00e1bban m\u00e9g 971, a j\u00e1rv\u00e1ny nagy-britanniai tet\u0151z\u00e9s\u00e9nek id\u0151szak\u00e1ban pedig naponta t\u00f6bb ezer koronav\u00edrus-beteg ker\u00fclt k\u00f3rh\u00e1zba.<br \/>\n    Hozz\u00e1tette: a koronav\u00edrus-j\u00e1rv\u00e1ny cs\u00facspontj\u00e1n a brit k\u00f3rh\u00e1zak kritikus ell\u00e1t\u00e1st ny\u00fajt\u00f3 oszt\u00e1lyain az \u00e1gyak t\u00f6bb mint 50 sz\u00e1zal\u00e9k\u00e1ban koronav\u00edrus-betegeket kezeltek, p\u00e9nteken azonban ez az ar\u00e1ny m\u00e1r nem haladta meg a 20 sz\u00e1zal\u00e9kot.<br \/>\n    Az angliai tisztif\u0151orvos-helyettes kiemelte, hogy a Covid-19 betegs\u00e9ggel k\u00f3rh\u00e1zban \u00e1polt betegek abszol\u00fat sz\u00e1m\u00e1nak v\u00e1ltoz\u00e1s\u00e1t jelz\u0151 grafikon is imm\u00e1r Nagy-Britannia minden orsz\u00e1gr\u00e9sz\u00e9ben &#8222;a megfelel\u0151 ir\u00e1nyba tart&#8221;.<br \/>\n    A szombaton ismertetett adatok szerint jelenleg orsz\u00e1gosan 10 484 koronav\u00edrus-beteget kezelnek a brit k\u00f3rh\u00e1zakban, csaknem m\u00e1sf\u00e9l ezerrel kevesebbet, mint egy h\u00e9ttel ezel\u0151tt.(MTI)<\/p>\n","protected":false},"excerpt":{"rendered":"<p>Nagyon korl\u00e1tozott m\u00e9rt\u00e9kben \u00e9s felt\u00e9telesen \u00fajraindulhat j\u00faniust\u00f3l a tan\u00edt\u00e1s a koronav\u00edrus-j\u00e1rv\u00e1ny miatt bez\u00e1rt nagy-britanniai iskol\u00e1kban &#8211; mondta szombaton a brit oktat\u00e1si miniszter.<\/p>\n","protected":false},"author":1001006,"featured_media":0,"comment_status":"closed","ping_status":"open","sticky":false,"template":"","format":"standard","meta":[],"categories":[12,427],"tags":[428],"_links":{"self":[{"href":"https:\/\/gazdasagportal.hu\/index.php\/wp-json\/wp\/v2\/posts\/126469"}],"collection":[{"href":"https:\/\/gazdasagportal.hu\/index.php\/wp-json\/wp\/v2\/posts"}],"about":[{"href":"https:\/\/gazdasagportal.hu\/index.php\/wp-json\/wp\/v2\/types\/post"}],"author":[{"embeddable":true,"href":"https:\/\/gazdasagportal.hu\/index.php\/wp-json\/wp\/v2\/users\/1001006"}],"replies":[{"embeddable":true,"href":"https:\/\/gazdasagportal.hu\/index.php\/wp-json\/wp\/v2\/comments?post=126469"}],"version-history":[{"count":1,"href":"https:\/\/gazdasagportal.hu\/index.php\/wp-json\/wp\/v2\/posts\/126469\/revisions"}],"predecessor-version":[{"id":126470,"href":"https:\/\/gazdasagportal.hu\/index.php\/wp-json\/wp\/v2\/posts\/126469\/revisions\/126470"}],"wp:attachment":[{"href":"https:\/\/gazdasagportal.hu\/index.php\/wp-json\/wp\/v2\/media?parent=126469"}],"wp:term":[{"taxonomy":"category","embeddable":true,"href":"https:\/\/gazdasagportal.hu\/index.php\/wp-json\/wp\/v2\/categories?post=126469"},{"taxonomy":"post_tag","embeddable":true,"href":"https:\/\/gazdasagportal.hu\/index.php\/wp-json\/wp\/v2\/tags?post=126469"}],"curies":[{"name":"wp","href":"https:\/\/api.w.org\/{rel}","templated":true}]}}