{"id":126445,"date":"2020-05-16T10:16:36","date_gmt":"2020-05-16T08:16:36","guid":{"rendered":"http:\/\/gazdasagportal.hu\/?p=126445"},"modified":"2020-05-16T10:16:36","modified_gmt":"2020-05-16T08:16:36","slug":"koronavirus-ot-kulonbozo-vakcinat-tesztelnek-onkenteseken-kinaban","status":"publish","type":"post","link":"https:\/\/gazdasagportal.hu\/index.php\/koronavirus-ot-kulonbozo-vakcinat-tesztelnek-onkenteseken-kinaban\/","title":{"rendered":"Koronav\u00edrus &#8211; \u00d6t k\u00fcl\u00f6nb\u00f6z\u0151 vakcin\u00e1t tesztelnek \u00f6nk\u00e9nteseken K\u00edn\u00e1ban"},"content":{"rendered":"<p><strong>Az \u00faj koronav\u00edrus elleni \u00f6t k\u00fcl\u00f6nb\u00f6z\u0151 vakcin\u00e1t tesztelnek \u00f6nk\u00e9nteseken K\u00edn\u00e1ban &#8211; jelentette be Zeng Ji-hszin, a k\u00ednai Nemzeti Eg\u00e9szs\u00e9g\u00fcgyi Bizotts\u00e1g igazgat\u00f3helyettese.<\/strong><!--more--><\/p>\n<div class=\"ads-in-post1\"><div id=\"gazdasagportal.hu_fullbanner_wideboard\"><\/div>\r\n<\/div>\n<p>    A China Daily c\u00edm\u0171 k\u00ednai p\u00e1rtlap szombati tud\u00f3s\u00edt\u00e1sa szerint az \u00f6tf\u00e9le ellenanyag &#8211; amelyek k\u00f6z\u00fcl az egyik egy k\u00e9miailag gyeng\u00edtett adenov\u00edrust tartalmaz\u00f3 vektorvakcina, a t\u00f6bbi pedig hat\u00e1stalan\u00edtott v\u00edrust tartalmaz\u00f3 szer &#8211; klinikai tesztjeinek m\u00e1sodik szakasza j\u00faliusban fejez\u0151dik be. Az ellenanyagokat 2036 \u00f6nk\u00e9ntesnek adt\u00e1k be &#8211; valamint a klinikai tesztek els\u0151 szakasz\u00e1ban l\u00e9v\u0151 anyagok eset\u00e9ben tov\u00e1bbi 539-nek -, de egyik\u00fck sem sz\u00e1molt be sz\u00e1mottev\u0151 k\u00e1ros mell\u00e9khat\u00e1sr\u00f3l.<br \/>\n    Az igazgat\u00f3-helyettes p\u00e9nteki sajt\u00f3t\u00e1j\u00e9koztat\u00f3j\u00e1n besz\u00e1molt arr\u00f3l, hogy tov\u00e1bbi vakcin\u00e1k kifejleszt\u00e9s\u00e9n is dolgoznak az orsz\u00e1gban, ezek k\u00f6z\u00fcl n\u00e9h\u00e1ny v\u00e1rhat\u00f3an j\u00faniusban kaphatja meg az enged\u00e9lyt a klinikai tesztel\u00e9s megkezd\u00e9s\u00e9re.<br \/>\n<div class=\"ads-in-post2\"><script async src=\"https:\/\/pagead2.googlesyndication.com\/pagead\/js\/adsbygoogle.js\"><\/script>\r\n<ins class=\"adsbygoogle\"\r\n     style=\"display:block\"\r\n     data-ad-format=\"fluid\"\r\n     data-ad-layout-key=\"-6t+ed+2i-1n-4w\"\r\n     data-ad-client=\"ca-pub-1959107119989764\"\r\n     data-ad-slot=\"4008251320\"><\/ins>\r\n<script>\r\n     (adsbygoogle = window.adsbygoogle || []).push({});\r\n<\/script><\/div>\n    K\u00edn\u00e1ban imm\u00e1r t\u00f6bb mint egy h\u00f3napja nem jelentettek az \u00faj koronav\u00edrus-fert\u0151z\u00e9sb\u0151l ad\u00f3d\u00f3 hal\u00e1loz\u00e1st, az \u00fajabb megbeteged\u00e9sek sz\u00e1ma pedig jelent\u0151sen lecs\u00f6kkent. P\u00e9nteken az orsz\u00e1g sz\u00e1razf\u00f6ldi r\u00e9sz\u00e9n 8 \u00fajabb beteget diagnosztiz\u00e1ltak az \u00faj koronav\u00edrus okozta Covid-19 betegs\u00e9ggel, k\u00f6z\u00fcl\u00fck ketten fert\u0151z\u0151dtek meg belf\u00f6ld\u00f6n, hatan pedig k\u00fclf\u00f6ldr\u0151l hazat\u00e9r\u0151k. A m\u00e9g kezel\u00e9s alatt \u00e1ll\u00f3 betegek sz\u00e1ma 91. Az eg\u00e9szs\u00e9g\u00fcgyi bizotts\u00e1g ezenk\u00edv\u00fcl 13 \u00fajabb t\u00fcnetmentes v\u00edrushordoz\u00f3r\u00f3l sz\u00e1molt be szombaton, vel\u00fck egy\u00fctt 561 panaszmentes fert\u0151z\u00f6ttet tartanak orvosi megfigyel\u00e9s alatt.<br \/>\n    A hivatalos adatok szerint a k\u00ednai sz\u00e1razf\u00f6ld\u00f6n \u00f6sszesen 82 941 igazolt Covid-19-es esetet regisztr\u00e1ltak, k\u00f6z\u00fcl\u00fck 4633-an haltak meg, \u00e9s 78 219-en meggy\u00f3gyultak.(MTI)<\/p>\n","protected":false},"excerpt":{"rendered":"<p>Az \u00faj koronav\u00edrus elleni \u00f6t k\u00fcl\u00f6nb\u00f6z\u0151 vakcin\u00e1t tesztelnek \u00f6nk\u00e9nteseken K\u00edn\u00e1ban &#8211; jelentette be Zeng Ji-hszin, a k\u00ednai Nemzeti Eg\u00e9szs\u00e9g\u00fcgyi Bizotts\u00e1g igazgat\u00f3helyettese.<\/p>\n","protected":false},"author":1001006,"featured_media":0,"comment_status":"closed","ping_status":"open","sticky":false,"template":"","format":"standard","meta":[],"categories":[14,427],"tags":[],"_links":{"self":[{"href":"https:\/\/gazdasagportal.hu\/index.php\/wp-json\/wp\/v2\/posts\/126445"}],"collection":[{"href":"https:\/\/gazdasagportal.hu\/index.php\/wp-json\/wp\/v2\/posts"}],"about":[{"href":"https:\/\/gazdasagportal.hu\/index.php\/wp-json\/wp\/v2\/types\/post"}],"author":[{"embeddable":true,"href":"https:\/\/gazdasagportal.hu\/index.php\/wp-json\/wp\/v2\/users\/1001006"}],"replies":[{"embeddable":true,"href":"https:\/\/gazdasagportal.hu\/index.php\/wp-json\/wp\/v2\/comments?post=126445"}],"version-history":[{"count":1,"href":"https:\/\/gazdasagportal.hu\/index.php\/wp-json\/wp\/v2\/posts\/126445\/revisions"}],"predecessor-version":[{"id":126446,"href":"https:\/\/gazdasagportal.hu\/index.php\/wp-json\/wp\/v2\/posts\/126445\/revisions\/126446"}],"wp:attachment":[{"href":"https:\/\/gazdasagportal.hu\/index.php\/wp-json\/wp\/v2\/media?parent=126445"}],"wp:term":[{"taxonomy":"category","embeddable":true,"href":"https:\/\/gazdasagportal.hu\/index.php\/wp-json\/wp\/v2\/categories?post=126445"},{"taxonomy":"post_tag","embeddable":true,"href":"https:\/\/gazdasagportal.hu\/index.php\/wp-json\/wp\/v2\/tags?post=126445"}],"curies":[{"name":"wp","href":"https:\/\/api.w.org\/{rel}","templated":true}]}}