{"id":126423,"date":"2020-05-15T11:17:30","date_gmt":"2020-05-15T09:17:30","guid":{"rendered":"http:\/\/gazdasagportal.hu\/?p=126423"},"modified":"2020-05-15T11:17:30","modified_gmt":"2020-05-15T09:17:30","slug":"a-debreceni-bmw-gyar-meg-fog-epulni","status":"publish","type":"post","link":"https:\/\/gazdasagportal.hu\/index.php\/a-debreceni-bmw-gyar-meg-fog-epulni\/","title":{"rendered":"A debreceni BMW-gy\u00e1r meg fog \u00e9p\u00fclni"},"content":{"rendered":"<p><strong>A debreceni BMW-gy\u00e1r meg fog \u00e9p\u00fclni, eddig minden az el\u0151zetes \u00fctemtervnek megfelel\u0151en haladt; az \u00e9p\u00edt\u00e9si ter\u00fcletet p\u00e9nteken \u00e1tadt\u00e1k a beruh\u00e1z\u00f3nak &#8211; jelentette be Szijj\u00e1rt\u00f3 P\u00e9ter k\u00fclgazdas\u00e1gi \u00e9s k\u00fcl\u00fcgyminiszter Facebook-sajt\u00f3t\u00e1j\u00e9koztat\u00f3j\u00e1n p\u00e9nteken Debrecenben.<\/strong><!--more--><\/p>\n<div class=\"ads-in-post1\"><div id=\"gazdasagportal.hu_fullbanner_wideboard\"><\/div>\r\n<\/div>\n<p>    Minden f\u00e9l tartja az \u00edg\u00e9reteit, \u00e9s teljes\u00edti a k\u00f6telezetts\u00e9geit, a 2018 nyar\u00e1n bejelentett, gy\u00e1r\u00e9p\u00edt\u00e9sr\u0151l sz\u00f3l\u00f3 szerz\u0151d\u00e9s 2020 j\u00fanius v\u00e9g\u00e9n, m\u00f3dos\u00edt\u00e1s n\u00e9lk\u00fcl hat\u00e1lyba l\u00e9p &#8211; hangs\u00falyozta Szijj\u00e1rt\u00f3 P\u00e9ter. Hozz\u00e1tette, a beruh\u00e1z\u00e1s \u00e9rt\u00e9ke t\u00f6bb mint egymilli\u00e1rd eur\u00f3, amelyhez a magyar korm\u00e1ny 12,3 milli\u00e1rd forintos t\u00e1mogat\u00e1st ny\u00fajt.<br \/>\n    A vil\u00e1gj\u00e1rv\u00e1ny okoz n\u00e9h\u00e1ny h\u00f3napos eltol\u00f3d\u00e1st a vil\u00e1ggazdas\u00e1gban is, ez\u00e9rt term\u00e9szetes, hogy az \u00e9p\u00edtkez\u00e9s menetrendj\u00e9t n\u00e9h\u00e1ny h\u00f3napos &#8222;t\u00f3l-ig&#8221; hat\u00e1rral m\u00f3dos\u00edtani kell &#8211; mutatott r\u00e1.<br \/>\n    Hangs\u00falyozta, olyan k\u00e9rd\u00e9s nincs, hogy a gy\u00e1r meg fog-e \u00e9p\u00fclni, \u00e9s olyan k\u00e9rd\u00e9s sincs, hogy el fog-e kezd\u0151dni az \u00e9p\u00edtkez\u00e9s, mert az \u00e9p\u00edtkez\u00e9s elkezd\u0151d\u00f6tt. Ez vil\u00e1gosan l\u00e1tszik, azt a leend\u0151 gy\u00e1rigazgat\u00f3, \u00e9s a BMW k\u00e9pvisel\u0151i egyar\u00e1nt vil\u00e1goss\u00e1 tett\u00e9k &#8211; mondta.<br \/>\n    Szijj\u00e1rt\u00f3 P\u00e9ter felid\u00e9zte, hogy a debreceni BMW-beruh\u00e1z\u00e1s bejelent\u00e9se \u00f3ta a gy\u00e1r\u00e9p\u00edt\u00e9s els\u0151 f\u00e1zisa zajlik, ami az el\u0151k\u00e9sz\u00edt\u0151 munk\u00e1latokat \u00e9s az infrastruktur\u00e1lis beruh\u00e1z\u00e1sokat jelenti. A gy\u00e1r helysz\u00edn\u00e9\u00fcl kialak\u00edtott n\u00e9gysz\u00e1z hekt\u00e1rnyi ter\u00fcleten t\u00f6bb h\u00f3napja &#8222;g\u00e9pl\u00e1ncok sz\u00e1zai, emberek ezrei&#8221; dolgoztak \u00e9s dolgoznak, t\u00f6bb mint 2 milli\u00f3 k\u00f6bm\u00e9ternyi f\u00f6ldet mozgattak meg, 123 kilom\u00e9ternyi vezet\u00e9ket \u00e9p\u00edtettek be a f\u00f6ldbe, 12 kilom\u00e9ternyi vizes\u00e1rkot \u00e1stak ki a munk\u00e1sok, a leend\u0151 \u00e9p\u00fcletek stabilit\u00e1sa \u00e9rdek\u00e9ben pedig 500 c\u00f6l\u00f6p\u00f6t helyeztek le &#8211; sorolta.<br \/>\n<div class=\"ads-in-post2\"><script async src=\"https:\/\/pagead2.googlesyndication.com\/pagead\/js\/adsbygoogle.js\"><\/script>\r\n<ins class=\"adsbygoogle\"\r\n     style=\"display:block\"\r\n     data-ad-format=\"fluid\"\r\n     data-ad-layout-key=\"-6t+ed+2i-1n-4w\"\r\n     data-ad-client=\"ca-pub-1959107119989764\"\r\n     data-ad-slot=\"4008251320\"><\/ins>\r\n<script>\r\n     (adsbygoogle = window.adsbygoogle || []).push({});\r\n<\/script><\/div>\n    K\u00f6z\u00f6lte azt is, hogy elkezd\u0151dtek az \u00e1ram \u00e9s g\u00e1zell\u00e1t\u00e1ssal kapcsolatos kivitelez\u00e9sek, a k\u00e9t aut\u00f3p\u00e1lya-lehajt\u00f3 kivitelez\u00e9se is az \u00fctemterveknek megfelel\u0151en halad: 2021 v\u00e9g\u00e9re az els\u0151 aut\u00f3p\u00e1lya-csom\u00f3pont meg\u00e9p\u00fcl, \u00e9s az ipari park k\u00f6r\u00fcli \u00fat\u00e9p\u00edt\u00e9sek addigra befejez\u0151dnek. Zajlik a Budapest \u00e9s Debrecen k\u00f6z\u00f6tti vas\u00fatvonal fejleszt\u00e9se, ez 2023 v\u00e9g\u00e9re elk\u00e9sz\u00fcl. A n\u00e9met iskola ind\u00edt\u00e1s\u00e1val kapcsolatos minden munk\u00e1t elv\u00e9geztek &#8211; tette hozz\u00e1.<br \/>\n    A miniszter azt is meger\u0151s\u00edtette, hogy a BMW felvette az els\u0151 munkav\u00e1llal\u00f3it Debrecenben.<br \/>\n    Szijj\u00e1rt\u00f3 P\u00e9ter kit\u00e9rt arra is, hogy a vil\u00e1gj\u00e1rv\u00e1ny nem puszt\u00e1n eg\u00e9szs\u00e9g\u00fcgyi, hanem gazdas\u00e1gi k\u00e9rd\u00e9s is. Mik\u00f6zben az els\u0151 sz\u00e1m\u00fa feladat az emberek \u00e9let\u00e9nek, eg\u00e9szs\u00e9g\u00e9nek megv\u00e9d\u00e9se, ugyan\u00fagy feladat a munkahelyek megv\u00e9d\u00e9se, \u00e9s \u00faj munkahelyek l\u00e9trehoz\u00e1sa, ez\u00e1ltal a magyar gazdas\u00e1g \u00fajraind\u00edt\u00e1sa is &#8211; mondta. Ez csak \u00faj beruh\u00e1z\u00e1sokkal lehets\u00e9ges &#8211; hangs\u00falyozta.  &#8222;\u00c9ppen ez\u00e9rt a korm\u00e1ny gazdas\u00e1gv\u00e9delmi akci\u00f3terve tov\u00e1bbviszi azt a gazdas\u00e1gpolitikai filoz\u00f3fi\u00e1t, amelyet t\u00edz \u00e9ve a magunk\u00e9nak vallunk, \u00e9s amely az \u00faj beruh\u00e1z\u00e1sok t\u00e1mogat\u00e1s\u00e1ra \u00f6sszpontos\u00edt&#8221; &#8211; sz\u00f6gezte le.<br \/>\n    Az aut\u00f3iparnak a beruh\u00e1z\u00e1sok ter\u00e9n kiemelt szerepe van, a gy\u00e1r meg\u00e9p\u00fcl, Debrecen pedig a glob\u00e1lis aut\u00f3ipar egyik nagyon fontos fellegv\u00e1ra lesz &#8211; \u00f6sszegezte, \u00e9s k\u00f6sz\u00f6netet mondott a BMW minden vezet\u0151j\u00e9nek az\u00e9rt, hogy elk\u00f6telezettek Magyarorsz\u00e1g \u00e9s Debrecen mellett.<br \/>\n<div class=\"ads-in-post1\"><div id=\"gazdasagportal.hu_fullbanner_wideboard\"><\/div>\r\n<\/div>\n    Michele Melchiorre, a BMW Manufacturing Hungary Kft. \u00fcgyvezet\u0151 igazgat\u00f3ja az esem\u00e9nyen lesz\u00f6gezte: a munk\u00e1latok a tervek szerint folytat\u00f3dnak. &#8222;Mi v\u00e1ltozatlanul elk\u00f6telezettek vagyunk a Debrecenben l\u00e9tes\u00edtend\u0151 \u00fczem tervei mellett&#8221; &#8211; fogalmazott. Hozz\u00e1tette: az a glob\u00e1lis gazdas\u00e1gi helyzet, amit a j\u00e1rv\u00e1ny okozott, r\u00e1nyomta a b\u00e9lyeg\u00e9t az \u00e9p\u00edtkez\u00e9sre is. Sz\u00fcks\u00e9g lesz az \u00e9p\u00edtkez\u00e9s \u00fctemez\u00e9s\u00e9nek n\u00e9mi m\u00f3dos\u00edt\u00e1s\u00e1ra, ebben a pillanatban az \u00fctemez\u00e9s vizsg\u00e1lata folyik. A k\u00e9s\u00e9s, felt\u00e9telez\u00e9seik szerint, n\u00e9h\u00e1ny h\u00f3napban m\u00e9rhet\u0151  &#8211; jegyezte meg. Michele Melchiorre v\u00e9gezet\u00fcl k\u00f6sz\u00f6netet mondott Debrecen v\u00e1ros\u00e1nak \u00e9s a magyar korm\u00e1nynak a bizalom\u00e9rt, \u00e9s a professzion\u00e1lis egy\u00fcttm\u0171k\u00f6d\u00e9s\u00e9rt.(MTI)<\/p>\n","protected":false},"excerpt":{"rendered":"<p>A debreceni BMW-gy\u00e1r meg fog \u00e9p\u00fclni, eddig minden az el\u0151zetes \u00fctemtervnek megfelel\u0151en haladt; az \u00e9p\u00edt\u00e9si ter\u00fcletet p\u00e9nteken \u00e1tadt\u00e1k a beruh\u00e1z\u00f3nak &#8211; jelentette be Szijj\u00e1rt\u00f3 P\u00e9ter k\u00fclgazdas\u00e1gi \u00e9s k\u00fcl\u00fcgyminiszter Facebook-sajt\u00f3t\u00e1j\u00e9koztat\u00f3j\u00e1n p\u00e9nteken Debrecenben.<\/p>\n","protected":false},"author":1001006,"featured_media":118333,"comment_status":"closed","ping_status":"open","sticky":false,"template":"","format":"standard","meta":[],"categories":[146,19,427],"tags":[428],"_links":{"self":[{"href":"https:\/\/gazdasagportal.hu\/index.php\/wp-json\/wp\/v2\/posts\/126423"}],"collection":[{"href":"https:\/\/gazdasagportal.hu\/index.php\/wp-json\/wp\/v2\/posts"}],"about":[{"href":"https:\/\/gazdasagportal.hu\/index.php\/wp-json\/wp\/v2\/types\/post"}],"author":[{"embeddable":true,"href":"https:\/\/gazdasagportal.hu\/index.php\/wp-json\/wp\/v2\/users\/1001006"}],"replies":[{"embeddable":true,"href":"https:\/\/gazdasagportal.hu\/index.php\/wp-json\/wp\/v2\/comments?post=126423"}],"version-history":[{"count":1,"href":"https:\/\/gazdasagportal.hu\/index.php\/wp-json\/wp\/v2\/posts\/126423\/revisions"}],"predecessor-version":[{"id":126424,"href":"https:\/\/gazdasagportal.hu\/index.php\/wp-json\/wp\/v2\/posts\/126423\/revisions\/126424"}],"wp:featuredmedia":[{"embeddable":true,"href":"https:\/\/gazdasagportal.hu\/index.php\/wp-json\/wp\/v2\/media\/118333"}],"wp:attachment":[{"href":"https:\/\/gazdasagportal.hu\/index.php\/wp-json\/wp\/v2\/media?parent=126423"}],"wp:term":[{"taxonomy":"category","embeddable":true,"href":"https:\/\/gazdasagportal.hu\/index.php\/wp-json\/wp\/v2\/categories?post=126423"},{"taxonomy":"post_tag","embeddable":true,"href":"https:\/\/gazdasagportal.hu\/index.php\/wp-json\/wp\/v2\/tags?post=126423"}],"curies":[{"name":"wp","href":"https:\/\/api.w.org\/{rel}","templated":true}]}}