{"id":126394,"date":"2020-05-14T15:06:07","date_gmt":"2020-05-14T13:06:07","guid":{"rendered":"http:\/\/gazdasagportal.hu\/?p=126394"},"modified":"2020-05-14T15:06:07","modified_gmt":"2020-05-14T13:06:07","slug":"2021-ben-csak-a-szentestet-kell-szombaton-ledolgozni","status":"publish","type":"post","link":"https:\/\/gazdasagportal.hu\/index.php\/2021-ben-csak-a-szentestet-kell-szombaton-ledolgozni\/","title":{"rendered":"2021-ben csak a szentest\u00e9t kell szombaton ledolgozni"},"content":{"rendered":"<p><strong>Csak egy munkanapot &#8211; december 24-\u00e9t &#8211; kell majd szombaton ledolgozni 2021-ben, \u00edgy j\u00f6v\u0151re \u00f6t h\u00e1romnapos \u00e9s egy n\u00e9gynapos hossz\u00fa h\u00e9tv\u00e9ge lesz &#8211; nyilatkozta az Innov\u00e1ci\u00f3s \u00e9s Technol\u00f3giai Miniszt\u00e9rium (ITM) cs\u00fct\u00f6rt\u00f6ki k\u00f6zlem\u00e9nye szerint Schanda Tam\u00e1s parlamenti \u00e9s strat\u00e9giai \u00e1llamtitk\u00e1r, ismertetve a Magyar K\u00f6zl\u00f6nyben a j\u00f6v\u0151 \u00e9vi munkanap-\u00e1thelyez\u00e9sekr\u0151l sz\u00f3l\u00f3 rendelet tartalm\u00e1t.<\/strong><!--more--><\/p>\n<div class=\"ads-in-post1\"><div id=\"gazdasagportal.hu_fullbanner_wideboard\"><\/div>\r\n<\/div>\n<p>    A munkaid\u0151-beoszt\u00e1snak a munkasz\u00fcneti napok miatt indokolt v\u00e1ltoztat\u00e1s\u00e1t \u00e9venk\u00e9nt rendelet szab\u00e1lyozza, amelynek megalkot\u00e1sa az ITM feladatk\u00f6r\u00e9be tartozik. 2021-ben a munkanapok \u00e1trendez\u00e9se egyed\u00fcl a szenteste miatt lesz indokolt, december 24-\u00e9t k\u00e9t h\u00e9ttel kor\u00e1bban, december 11-\u00e9n (szombaton) kell majd ledolgozni &#8211; \u00edrt\u00e1k.<br \/>\n    2021-ben \u00edgy \u00f6t h\u00e1romnapos hossz\u00fa h\u00e9tv\u00e9g\u00e9vel sz\u00e1molhatnak a munkaad\u00f3k \u00e9s munkav\u00e1llal\u00f3k: p\u00fcnk\u00f6sd, mindenszentek \u00e9s kar\u00e1csony m\u00e1sodik napja mellett m\u00e1rcius 15. is h\u00e9tf\u0151re, augusztus 20. pedig p\u00e9ntekre esik. A k\u00f6vetkez\u0151 \u00e9v egyetlen n\u00e9gynapos hossz\u00fa h\u00e9tv\u00e9g\u00e9je pedig h\u00fasv\u00e9tkor lesz.(MTI)<br \/>\n<div class=\"ads-in-post2\"><script async src=\"https:\/\/pagead2.googlesyndication.com\/pagead\/js\/adsbygoogle.js\"><\/script>\r\n<ins class=\"adsbygoogle\"\r\n     style=\"display:block\"\r\n     data-ad-format=\"fluid\"\r\n     data-ad-layout-key=\"-6t+ed+2i-1n-4w\"\r\n     data-ad-client=\"ca-pub-1959107119989764\"\r\n     data-ad-slot=\"4008251320\"><\/ins>\r\n<script>\r\n     (adsbygoogle = window.adsbygoogle || []).push({});\r\n<\/script><\/div>\n","protected":false},"excerpt":{"rendered":"<p>Csak egy munkanapot &#8211; december 24-\u00e9t &#8211; kell majd szombaton ledolgozni 2021-ben, \u00edgy j\u00f6v\u0151re \u00f6t h\u00e1romnapos \u00e9s egy n\u00e9gynapos hossz\u00fa h\u00e9tv\u00e9ge lesz &#8211; nyilatkozta az Innov\u00e1ci\u00f3s \u00e9s Technol\u00f3giai Miniszt\u00e9rium (ITM) cs\u00fct\u00f6rt\u00f6ki k\u00f6zlem\u00e9nye szerint Schanda Tam\u00e1s parlamenti \u00e9s strat\u00e9giai \u00e1llamtitk\u00e1r, ismertetve a Magyar K\u00f6zl\u00f6nyben a j\u00f6v\u0151 \u00e9vi munkanap-\u00e1thelyez\u00e9sekr\u0151l sz\u00f3l\u00f3 rendelet tartalm\u00e1t.<\/p>\n","protected":false},"author":1001006,"featured_media":0,"comment_status":"closed","ping_status":"open","sticky":false,"template":"","format":"standard","meta":[],"categories":[4,19],"tags":[],"_links":{"self":[{"href":"https:\/\/gazdasagportal.hu\/index.php\/wp-json\/wp\/v2\/posts\/126394"}],"collection":[{"href":"https:\/\/gazdasagportal.hu\/index.php\/wp-json\/wp\/v2\/posts"}],"about":[{"href":"https:\/\/gazdasagportal.hu\/index.php\/wp-json\/wp\/v2\/types\/post"}],"author":[{"embeddable":true,"href":"https:\/\/gazdasagportal.hu\/index.php\/wp-json\/wp\/v2\/users\/1001006"}],"replies":[{"embeddable":true,"href":"https:\/\/gazdasagportal.hu\/index.php\/wp-json\/wp\/v2\/comments?post=126394"}],"version-history":[{"count":1,"href":"https:\/\/gazdasagportal.hu\/index.php\/wp-json\/wp\/v2\/posts\/126394\/revisions"}],"predecessor-version":[{"id":126395,"href":"https:\/\/gazdasagportal.hu\/index.php\/wp-json\/wp\/v2\/posts\/126394\/revisions\/126395"}],"wp:attachment":[{"href":"https:\/\/gazdasagportal.hu\/index.php\/wp-json\/wp\/v2\/media?parent=126394"}],"wp:term":[{"taxonomy":"category","embeddable":true,"href":"https:\/\/gazdasagportal.hu\/index.php\/wp-json\/wp\/v2\/categories?post=126394"},{"taxonomy":"post_tag","embeddable":true,"href":"https:\/\/gazdasagportal.hu\/index.php\/wp-json\/wp\/v2\/tags?post=126394"}],"curies":[{"name":"wp","href":"https:\/\/api.w.org\/{rel}","templated":true}]}}