{"id":126388,"date":"2020-05-14T11:33:54","date_gmt":"2020-05-14T09:33:54","guid":{"rendered":"http:\/\/gazdasagportal.hu\/?p=126388"},"modified":"2020-05-14T11:33:54","modified_gmt":"2020-05-14T09:33:54","slug":"mit-kell-tudni-az-idei-szja-bevallassal-kapcsolatban","status":"publish","type":"post","link":"https:\/\/gazdasagportal.hu\/index.php\/mit-kell-tudni-az-idei-szja-bevallassal-kapcsolatban\/","title":{"rendered":"Mit kell tudni az idei szja bevall\u00e1ssal kapcsolatban?"},"content":{"rendered":"<p><strong>A mag\u00e1nszem\u00e9lyeknek a koronav\u00edrus j\u00e1rv\u00e1ny okozta vesz\u00e9lyhelyzet ellen\u00e9re is a megszokott hat\u00e1rid\u0151ig, azaz 2020. m\u00e1jus 20-ig kell beadniuk szem\u00e9lyi j\u00f6vedelemad\u00f3 bevall\u00e1sukat a 2019-ben szerzett j\u00f6vedelm\u00fckr\u0151l. Ugyanezen id\u0151pontig lehet rendelkezni a befizetett j\u00f6vedelemad\u00f3 1+1 sz\u00e1zal\u00e9k\u00e1nak felaj\u00e1nl\u00e1s\u00e1r\u00f3l is. A k\u00f6telezetts\u00e9g teljes\u00edt\u00e9s\u00e9re teh\u00e1t alig egy h\u00e9t maradt. Az elm\u00falt \u00e9vekben a bevall\u00e1s elk\u00e9sz\u00edt\u00e9s\u00e9vel \u00e9s bead\u00e1s\u00e1val kapcsolatos hat\u00f3s\u00e1gi t\u00e1j\u00e9koztat\u00e1s sz\u00e9lesk\u00f6r\u0171bb lett, maga a folyamat pedig egyszer\u0171s\u00f6d\u00f6tt, ugyanakkor akadhat m\u00e9g j\u00f3 n\u00e9h\u00e1ny k\u00e9rd\u00e9s a bevall\u00e1si tervezettel, az ig\u00e9nybe vehet\u0151 ad\u00f3kedvezm\u00e9nyekkel, valamint a nem munkaviszonyb\u00f3l sz\u00e1rmaz\u00f3 j\u00f6vedelmek ad\u00f3z\u00e1s\u00e1val kapcsolatban.<\/strong><!--more--><\/p>\n<div class=\"ads-in-post1\"><div id=\"gazdasagportal.hu_fullbanner_wideboard\"><\/div>\r\n<\/div>\n<p>A mag\u00e1nszem\u00e9lyek, mez\u0151gazdas\u00e1gi \u0151stermel\u0151k, \u00e1fafizet\u00e9sre k\u00f6telezett mag\u00e1nszem\u00e9lyek \u00e9s egy\u00e9ni v\u00e1llalkoz\u00f3k a munk\u00e1ltat\u00f3 \u00e1ltal megadott adatai alapj\u00e1n k\u00e9sz\u00edtett szem\u00e9lyij\u00f6vedelemad\u00f3-bevall\u00e1si tervezetet a NAV elektronikus fel\u00fclet\u00e9n id\u00e9n m\u00e1rcius 15-t\u0151l tette el\u00e9rhet\u0151v\u00e9. Amennyiben a mag\u00e1nszem\u00e9ly nem rendelkezett \u00dcgyf\u00e9lkapu regisztr\u00e1ci\u00f3val \u00e9s a tervezet post\u00e1z\u00e1s\u00e1t sem k\u00e9rte, m\u00e1r csak a NAV \u00fcgyf\u00e9lszolg\u00e1latain k\u00e9rheti tervezet\u00e9nek kinyomtat\u00e1s\u00e1t. Abban az esetben, ha a munkav\u00e1llal\u00f3k nem v\u00e1ltoztatnak bevall\u00e1si tervezet\u00fck\u00f6n, vagy nem ny\u00fajtanak be k\u00fcl\u00f6n SZJA bevall\u00e1st, \u00fagy az k\u00fcl\u00f6n j\u00f3v\u00e1hagy\u00e1s n\u00e9lk\u00fcl 2020. m\u00e1jus 20-\u00e1n automatikusan bevall\u00e1ss\u00e1 v\u00e1lik. Mez\u0151gazdas\u00e1gi \u0151stermel\u0151knek, \u00e1fafizet\u00e9sre k\u00f6telezett mag\u00e1nszem\u00e9lyeknek \u00e9s egy\u00e9ni v\u00e1llalkoz\u00f3knak tov\u00e1bbra is az ad\u00f3hat\u00f3s\u00e1g nyilv\u00e1ntart\u00e1s\u00e1ban nem szerepl\u0151 adatokkal kieg\u00e9sz\u00edtve, \u00f6n\u00e1ll\u00f3an kell beny\u00fajtaniuk a tev\u00e9kenys\u00e9gb\u0151l sz\u00e1rmaz\u00f3 j\u00f6vedelm\u00fcket.<\/p>\n<p>Tapasztalat, hogy mivel sokan nem ismerik a vonatkoz\u00f3 jogszab\u00e1lyokat, nem \u00e9lnek az ad\u00f3- \u00e9s ad\u00f3alap-kedvezm\u00e9nyek lehet\u0151s\u00e9g\u00e9vel. A 2019-es ad\u00f3\u00e9vre vonatkoz\u00f3an tov\u00e1bbra is ig\u00e9nybe vehet\u0151 az ad\u00f3alapot cs\u00f6kkent\u0151 \u00fan. els\u0151 h\u00e1zasok kedvezm\u00e9nye, a csal\u00e1di kedvezm\u00e9ny, valamint az ad\u00f3 m\u00e9rt\u00e9k\u00e9t cs\u00f6kkent\u0151 tev\u00e9kenys\u00e9gi kedvezm\u00e9ny \u00e9s szem\u00e9lyi kedvezm\u00e9ny. Ut\u00f3bbi eset\u00e9ben a kedvezm\u00e9nyre jogos\u00edt\u00f3 betegs\u00e9gek list\u00e1ja folyamatosan b\u0151v\u00fcl, \u00edgy \u00e9rdemes minden \u00e9vben ellen\u0151rizni a jogszab\u00e1lyi v\u00e1ltoz\u00e1sokat! \u00c9vente k\u00f6zel 100.000 Ft megtakar\u00edt\u00e1st is jelenthet azoknak, akik olyan betegs\u00e9gben szenvednek, amely az szja k\u00f6telezetts\u00e9g szempontj\u00e1b\u00f3l s\u00falyos fogyat\u00e9koss\u00e1gnak sz\u00e1m\u00edt. Kedvezm\u00e9nyre jogos\u00edthat t\u00f6bbek k\u00f6z\u00f6tt a cukorbetegs\u00e9g, vagy a glut\u00e9n- \u00e9s a lakt\u00f3z\u00e9rz\u00e9kenys\u00e9g is. Amennyiben a probl\u00e9ma kor\u00e1bban is fenn\u00e1llt \u00e9s ezt az ad\u00f3z\u00f3 orvosi igazol\u00e1ssal al\u00e1 tudja t\u00e1masztani, az el\u00e9v\u00fcl\u00e9si id\u0151n bel\u00fcl a kedvezm\u00e9ny \u00f6sszege visszamen\u0151legesen is ig\u00e9nybe vehet\u0151. Ehhez a kor\u00e1bbi bevall\u00e1sok \u00f6nellen\u0151rz\u00e9se sz\u00fcks\u00e9ges.<br \/>\n<div class=\"ads-in-post2\"><script async src=\"https:\/\/pagead2.googlesyndication.com\/pagead\/js\/adsbygoogle.js\"><\/script>\r\n<ins class=\"adsbygoogle\"\r\n     style=\"display:block\"\r\n     data-ad-format=\"fluid\"\r\n     data-ad-layout-key=\"-6t+ed+2i-1n-4w\"\r\n     data-ad-client=\"ca-pub-1959107119989764\"\r\n     data-ad-slot=\"4008251320\"><\/ins>\r\n<script>\r\n     (adsbygoogle = window.adsbygoogle || []).push({});\r\n<\/script><\/div>\nMunkaviszonyuk mellett sokan jutnak bev\u00e9telhez egy\u00e9b forr\u00e1sokb\u00f3l, mint p\u00e9ld\u00e1ul ingatlan b\u00e9rbead\u00e1s\u00e1b\u00f3l, Airbnb \u00e9s hasonl\u00f3 sz\u00e1ll\u00e1shely kiad\u00e1s\u00e1b\u00f3l.\u00a0 Egy\u00e9ni v\u00e1llalkoz\u00f3nak nem min\u0151s\u00fcl\u0151 mag\u00e1nszem\u00e9ly az ut\u00f3bbi esetben v\u00e1laszthatja a szob\u00e1nk\u00e9nt 38.400 Ft t\u00e9teles \u00e1tal\u00e1nyad\u00f3z\u00e1st, a t\u00e9teles k\u00f6lts\u00e9gelsz\u00e1mol\u00e1st vagy a 10%-os k\u00f6lts\u00e9gelsz\u00e1mol\u00e1st is. Ilyenkor a mag\u00e1nszem\u00e9ly a k\u00f6lts\u00e9gek elsz\u00e1mol\u00e1s\u00e1t k\u00f6vet\u0151en fennmarad\u00f3 bev\u00e9telre sz\u00e1m\u00edtott 15% szem\u00e9lyi j\u00f6vedelemad\u00f3t minden negyed\u00e9vet k\u00f6vet\u0151 h\u00f3nap 12. napj\u00e1ig k\u00f6teles megfizetni, valamint az \u00e9ves SZJA bevall\u00e1sban is felt\u00fcntetni.<\/p><div id=\"gazda-1718572931\" class=\"gazda-tartalomban gazda-entity-placement\"><script async src=\"https:\/\/pagead2.googlesyndication.com\/pagead\/js\/adsbygoogle.js\"><\/script>\r\n<ins class=\"adsbygoogle\"\r\n     style=\"display:block\"\r\n     data-ad-format=\"fluid\"\r\n     data-ad-layout-key=\"-6t+ed+2i-1n-4w\"\r\n     data-ad-client=\"ca-pub-1959107119989764\"\r\n     data-ad-slot=\"4008251320\"><\/ins>\r\n<script>\r\n     (adsbygoogle = window.adsbygoogle || []).push({});\r\n<\/script><\/div>\n<p>Egyes j\u00f6vedelemt\u00edpusok eset\u00e9ben \u00e9rdemes figyelembe venni a szoci\u00e1lis hozz\u00e1j\u00e1rul\u00e1si ad\u00f3 m\u00e9rt\u00e9k\u00e9nek \u00e9vk\u00f6zi v\u00e1ltoz\u00e1s\u00e1t. Az ad\u00f3 m\u00e9rt\u00e9ke 2019. j\u00falius 1-j\u00e9t\u0151l a kor\u00e1bbi 19,5 sz\u00e1zal\u00e9kr\u00f3l 17,5 sz\u00e1zal\u00e9kra cs\u00f6kkent, az alacsonyabb ad\u00f3m\u00e9rt\u00e9k azonban az els\u0151 f\u00e9l\u00e9vre is alkalmazhat\u00f3 olyan j\u00f6vedelmek eset\u00e9ben, amelynek vonatkoz\u00e1s\u00e1ban a szoci\u00e1lis hozz\u00e1j\u00e1rul\u00e1si ad\u00f3 megfizet\u00e9s\u00e9re a mag\u00e1nszem\u00e9ly k\u00f6telezett. \u201e<em>Az alacsonyabb ad\u00f3m\u00e9rt\u00e9k alkalmazhat\u00f3 p\u00e9ld\u00e1ul az els\u0151 f\u00e9l\u00e9vben megszerzett osztal\u00e9k \u00e9s \u00e1rfolyamnyeres\u00e9g, valamint a k\u00fclf\u00f6ldi r\u00e9szv\u00e9nyprogramb\u00f3l sz\u00e1rmaz\u00f3 juttat\u00e1s tekintet\u00e9ben is, ha a szoci\u00e1lis hozz\u00e1j\u00e1rul\u00e1si ad\u00f3 megfizet\u00e9s\u00e9re a mag\u00e1nszem\u00e9ly k\u00f6telezett. Az ilyen j\u00f6vedelmek eset\u00e9ben az esetleges t\u00falfizet\u00e9s az ad\u00f3bevall\u00e1sban visszaig\u00e9nyelhet\u0151<\/em>\u201d \u2013 mutatott r\u00e1 K\u00f6vesdy Zolt\u00e1n, a Deloitte ad\u00f3oszt\u00e1ly\u00e1nak menedzsere.<br \/>\n<div class=\"ads-in-post1\"><div id=\"gazdasagportal.hu_fullbanner_wideboard\"><\/div>\r\n<\/div>\nA k\u00fclf\u00f6ldi befektet\u00e9sekb\u0151l sz\u00e1rmaz\u00f3, 2019-ben megszerzett j\u00f6vedelem bevall\u00e1s\u00e1nak \u00e9s ad\u00f3z\u00e1s\u00e1nak vonatkoz\u00e1s\u00e1ban is k\u00f6r\u00fcltekint\u0151en kell elj\u00e1rnia az ad\u00f3z\u00f3knak. A NAV ugyanis automatikus inform\u00e1ci\u00f3csere keret\u00e9ben a magyar mag\u00e1nszem\u00e9lyek k\u00fclf\u00f6ldi j\u00f6vedelmeir\u0151l rendszeresen kap adatot. 2019-ben az ad\u00f3hat\u00f3s\u00e1ghoz m\u00e1r befutottak a 2015. \u00e9vre vonatkoz\u00f3, munkaviszonyb\u00f3l sz\u00e1rmaz\u00f3, valamint az egy\u00e9b, \u201ek\u00fcl\u00f6n ad\u00f3z\u00f3\u201d j\u00f6vedelmekre vonatkoz\u00f3 inform\u00e1ci\u00f3k egyar\u00e1nt. Az ut\u00f3bbi \u00e9vek tapasztalatai alapj\u00e1n az ad\u00f3hat\u00f3s\u00e1g kiemelt figyelmet ford\u00edt annak ellen\u0151rz\u00e9s\u00e9re, hogy a k\u00fclf\u00f6ldi bev\u00e9tel megfelel\u0151en szerepel-e a mag\u00e1nszem\u00e9lyek ad\u00f3bevall\u00e1s\u00e1ban. Amennyiben a bevall\u00e1sban ez egy\u00e1ltal\u00e1n nem, vagy csak r\u00e9szben szerepel, \u00fagy a NAV jogk\u00f6vet\u00e9si vizsg\u00e1latot ind\u00edthat.<\/p>\n<p>A 2019-es SZJA-bevall\u00e1sr\u00f3l sz\u00f3l\u00f3, a koronav\u00edrus j\u00e1rv\u00e1nnyal kapcsolatos tov\u00e1bbi hasznos inform\u00e1ci\u00f3k a Deloitte weboldal\u00e1n, ezen a <strong><a href=\"https:\/\/www2.deloitte.com\/hu\/hu\/pages\/tax\/articles\/szja-bevallas-hasznos-tudnivalok-a-koronavirus-jarvany-idejen.html?utm_source=Newsletter&amp;utm_medium=email&amp;utm_campaign=Tax&amp;utm_term=GES&amp;utm_content=2019_evi_szja_bevallas\" target=\"_blank\" rel=\"noopener noreferrer\">linken<\/a><\/strong> \u00e9rhet\u0151k el.<\/p>\n<p>&nbsp;<\/p>\n<p><strong>A Deloitte-r\u00f3l<\/strong><\/p>\n<p>A Deloitte sz\u00e1mos ipar\u00e1gban ny\u00fajt k\u00f6nyvvizsg\u00e1lati, valamint ad\u00f3- \u00e9s egy\u00e9b tan\u00e1csad\u00e1si, tov\u00e1bb\u00e1 jogi szolg\u00e1ltat\u00e1sokat (\u00fcgyfeleinknek egy\u00fcttm\u0171k\u00f6d\u0151 \u00fcgyv\u00e9di irod\u00e1nk, a Deloitte Legal G\u00f6nd\u00f6cz \u00e9s T\u00e1rsai \u00dcgyv\u00e9di Iroda ny\u00fajtja a jogi tan\u00e1csad\u00e1si szolg\u00e1ltat\u00e1sokat) \u00e1llami \u00e9s mag\u00e1nc\u00e9gek r\u00e9sz\u00e9re egyar\u00e1nt. T\u00f6bb mint 150 orsz\u00e1gban jelen l\u00e9v\u0151 h\u00e1l\u00f3zat\u00e1n kereszt\u00fcl a Deloitte vil\u00e1gsz\u00ednvonal\u00fa szak\u00e9rtelm\u00e9vel \u00e9s min\u0151s\u00e9gi szolg\u00e1ltat\u00e1saival seg\u00edti \u00fcgyfeleit abban, hogy megfeleljenek az el\u0151tt\u00fck \u00e1ll\u00f3 \u00fczleti kih\u00edv\u00e1soknak. A Deloitte mintegy 312 000 szak\u00e9rt\u0151je egyt\u0151l egyig arra t\u00f6rekszik, hogy a kiv\u00e1l\u00f3s\u00e1g m\u00e9rc\u00e9j\u00e9v\u00e9 v\u00e1ljon.<\/p>\n<p>A Deloitte n\u00e9v az Egyes\u00fclt Kir\u00e1lys\u00e1gban \u201ccompany limited by guarantee\u201d form\u00e1ban alap\u00edtott Deloitte Touche Tohmatsu Limited t\u00e1rsas\u00e1gra \u00e9s tagv\u00e1llalatainak h\u00e1l\u00f3zat\u00e1ra utal, melyek mindegyike \u00f6n\u00e1ll\u00f3, egym\u00e1st\u00f3l elk\u00fcl\u00f6n\u00fcl\u0151 jogi szem\u00e9ly. A Deloitte Touche Tohmatsu Limited \u00e9s tagv\u00e1llalatai jogi strukt\u00far\u00e1j\u00e1nak r\u00e9szletes bemutat\u00e1s\u00e1t a k\u00f6vetkez\u0151 link alatt tal\u00e1lja:\u00a0<a href=\"http:\/\/www.deloitte.com\/hu\/magunkrol\" target=\"_blank\" rel=\"noopener\">www.deloitte.com\/hu\/magunkrol<\/a>.<\/p>\n","protected":false},"excerpt":{"rendered":"<p>A mag\u00e1nszem\u00e9lyeknek a koronav\u00edrus j\u00e1rv\u00e1ny okozta vesz\u00e9lyhelyzet ellen\u00e9re is a megszokott hat\u00e1rid\u0151ig, azaz 2020. m\u00e1jus 20-ig kell beadniuk szem\u00e9lyi j\u00f6vedelemad\u00f3 bevall\u00e1sukat a 2019-ben szerzett j\u00f6vedelm\u00fckr\u0151l. Ugyanezen id\u0151pontig lehet rendelkezni a befizetett j\u00f6vedelemad\u00f3 1+1 sz\u00e1zal\u00e9k\u00e1nak felaj\u00e1nl\u00e1s\u00e1r\u00f3l is. A k\u00f6telezetts\u00e9g teljes\u00edt\u00e9s\u00e9re teh\u00e1t alig egy h\u00e9t maradt. Az elm\u00falt \u00e9vekben a bevall\u00e1s elk\u00e9sz\u00edt\u00e9s\u00e9vel \u00e9s bead\u00e1s\u00e1val kapcsolatos hat\u00f3s\u00e1gi t\u00e1j\u00e9koztat\u00e1s &#8230;<\/p>\n","protected":false},"author":1001006,"featured_media":85893,"comment_status":"closed","ping_status":"open","sticky":false,"template":"","format":"standard","meta":[],"categories":[146,20,19,427],"tags":[],"_links":{"self":[{"href":"https:\/\/gazdasagportal.hu\/index.php\/wp-json\/wp\/v2\/posts\/126388"}],"collection":[{"href":"https:\/\/gazdasagportal.hu\/index.php\/wp-json\/wp\/v2\/posts"}],"about":[{"href":"https:\/\/gazdasagportal.hu\/index.php\/wp-json\/wp\/v2\/types\/post"}],"author":[{"embeddable":true,"href":"https:\/\/gazdasagportal.hu\/index.php\/wp-json\/wp\/v2\/users\/1001006"}],"replies":[{"embeddable":true,"href":"https:\/\/gazdasagportal.hu\/index.php\/wp-json\/wp\/v2\/comments?post=126388"}],"version-history":[{"count":1,"href":"https:\/\/gazdasagportal.hu\/index.php\/wp-json\/wp\/v2\/posts\/126388\/revisions"}],"predecessor-version":[{"id":126389,"href":"https:\/\/gazdasagportal.hu\/index.php\/wp-json\/wp\/v2\/posts\/126388\/revisions\/126389"}],"wp:featuredmedia":[{"embeddable":true,"href":"https:\/\/gazdasagportal.hu\/index.php\/wp-json\/wp\/v2\/media\/85893"}],"wp:attachment":[{"href":"https:\/\/gazdasagportal.hu\/index.php\/wp-json\/wp\/v2\/media?parent=126388"}],"wp:term":[{"taxonomy":"category","embeddable":true,"href":"https:\/\/gazdasagportal.hu\/index.php\/wp-json\/wp\/v2\/categories?post=126388"},{"taxonomy":"post_tag","embeddable":true,"href":"https:\/\/gazdasagportal.hu\/index.php\/wp-json\/wp\/v2\/tags?post=126388"}],"curies":[{"name":"wp","href":"https:\/\/api.w.org\/{rel}","templated":true}]}}