{"id":126374,"date":"2020-05-13T20:10:24","date_gmt":"2020-05-13T18:10:24","guid":{"rendered":"http:\/\/gazdasagportal.hu\/?p=126374"},"modified":"2020-05-13T20:10:24","modified_gmt":"2020-05-13T18:10:24","slug":"gyorsjelentes-2020-magyar-telekom-stabil-arbevetel-mersekelt-veszteseg-az-elso-negyedevben","status":"publish","type":"post","link":"https:\/\/gazdasagportal.hu\/index.php\/gyorsjelentes-2020-magyar-telekom-stabil-arbevetel-mersekelt-veszteseg-az-elso-negyedevben\/","title":{"rendered":"Gyorsjelent\u00e9s 2020 &#8211; Magyar Telekom: stabil \u00e1rbev\u00e9tel, m\u00e9rs\u00e9kelt vesztes\u00e9g az els\u0151 negyed\u00e9vben"},"content":{"rendered":"<p><strong>A Magyar Telekom Nyrt. \u00e1rbev\u00e9tele az elemz\u0151i v\u00e1rakoz\u00e1soknak megfelel\u0151en m\u00e9rs\u00e9kelten, 0,2 sz\u00e1zal\u00e9kkal 159,33 milli\u00e1rd forintra emelkedett id\u00e9n az els\u0151 negyed\u00e9vben &#8211; k\u00f6z\u00f6lte a v\u00e1llalat a Budapesti \u00c9rt\u00e9kt\u0151zsde (B\u00c9T) honlapj\u00e1n szerd\u00e1n.<\/strong><!--more--><\/p>\n<div class=\"ads-in-post1\"><div id=\"gazdasagportal.hu_fullbanner_wideboard\"><\/div>\r\n<\/div>\n<p>    A nemzetk\u00f6zi p\u00e9nz\u00fcgyi jelent\u00e9si szabv\u00e1ny (IFRS) alapj\u00e1n k\u00e9sz\u00fclt, konszolid\u00e1lt gyorsjelent\u00e9s szerint az ad\u00f3zott eredm\u00e9ny a 2019 els\u0151 negyed\u00e9vi 4,0 milli\u00e1rd forintr\u00f3l 0,8 milli\u00e1rd forint vesztes\u00e9gbe fordult 2020 els\u0151 negyed\u00e9v\u00e9ben, mivel a forint jelent\u0151sen gyeng\u00fclt az eur\u00f3val szemben, ami a nett\u00f3 p\u00e9nz\u00fcgyi eredm\u00e9nyek roml\u00e1s\u00e1hoz vezetett &#8211; \u00edrt\u00e1k.<br \/>\n    A f\u0151bb sz\u00e1mok a Portfoli\u00f3 elemz\u0151i v\u00e1rakoz\u00e1saival teljesen megegyez\u0151ek lettek, akik a visszaes\u00e9st nagyr\u00e9szt a gyenge forint miatt keletkezett jelent\u0151s p\u00e9nz\u00fcgyi vesztes\u00e9ggel magyar\u00e1zt\u00e1k.<br \/>\n    A jelent\u00e9s id\u00e9zi R\u00e9kasi Tibor vez\u00e9rigazgat\u00f3t, aki elmondta: a Covid 19-j\u00e1rv\u00e1ny miatt a negyed\u00e9v v\u00e9ge fel\u00e9 jelentkez\u0151 negat\u00edv hat\u00e1sok ellen\u00e9re a kereskedelmi \u00e9s strat\u00e9giai priorit\u00e1saik folyamatos f\u00f3kuszban tart\u00e1s\u00e1val az \u00f6sszbev\u00e9tel \u00e9s a tiszt\u00edtott, kamat-, ad\u00f3fizet\u00e9s \u00e9s amortiz\u00e1ci\u00f3 el\u0151tti eredm\u00e9ny (EBITDA) is az el\u0151z\u0151 \u00e9vhez k\u00e9pest k\u00f6zel v\u00e1ltozatlan szinten maradt. A c\u00e9g 46,4 milli\u00e1rd forint EBITDA-t \u00e9rt el az els\u0151 h\u00e1rom h\u00f3napban, 0,1 sz\u00e1zal\u00e9kkal t\u00f6bbet, mint tavaly ugyanebben az id\u0151szakban.<br \/>\n    Az \u00e1rbev\u00e9tel stabil maradt, mivel a t\u00e1vk\u00f6zl\u00e9si szolg\u00e1ltat\u00e1sok mind Magyarorsz\u00e1gon, mind \u00c9szak-Maced\u00f3ni\u00e1ban t\u00f6rt\u00e9nt emelked\u00e9s\u00e9t ellens\u00falyozta a magyarorsz\u00e1gi rendszerintegr\u00e1ci\u00f3s (RI) \u00e9s IT-bev\u00e9telek visszaes\u00e9se. A mobil bev\u00e9telek \u00e9ves \u00f6sszehasonl\u00edt\u00e1sban 3,9 sz\u00e1zal\u00e9kkal emelkedtek, 88,1 milli\u00e1rd forintot tettek ki 2020 els\u0151 negyed\u00e9v\u00e9ben, mivel a mobil adatforgalmi bev\u00e9telek intenz\u00edvebben n\u00f6vekedtek, mint a mind a k\u00e9t orsz\u00e1gban bek\u00f6vetkez\u0151 hangbev\u00e9telek cs\u00f6kken\u00e9se &#8211; \u00edrt\u00e1k.<br \/>\n<div class=\"ads-in-post2\"><script async src=\"https:\/\/pagead2.googlesyndication.com\/pagead\/js\/adsbygoogle.js\"><\/script>\r\n<ins class=\"adsbygoogle\"\r\n     style=\"display:block\"\r\n     data-ad-format=\"fluid\"\r\n     data-ad-layout-key=\"-6t+ed+2i-1n-4w\"\r\n     data-ad-client=\"ca-pub-1959107119989764\"\r\n     data-ad-slot=\"4008251320\"><\/ins>\r\n<script>\r\n     (adsbygoogle = window.adsbygoogle || []).push({});\r\n<\/script><\/div>\n    A vezet\u00e9kes bev\u00e9telek 2020 els\u0151 negyed\u00e9v\u00e9ben \u00e9ves \u00f6sszehasonl\u00edt\u00e1sban v\u00e1ltozatlanok maradtak, 52,8 milli\u00e1rd forintos szinten. Az RI\/IT bev\u00e9telek 2020 els\u0151 negyed\u00e9v\u00e9ben 14,2 sz\u00e1zal\u00e9kkal, 18,4 milli\u00e1rd forintra estek vissza. A magyarorsz\u00e1gi bev\u00e9telek a magyar k\u00f6zszf\u00e9ra \u00e9s v\u00e1llalati szektor projektjeib\u0151l sz\u00e1rmaz\u00f3 alacsonyabb bev\u00e9telek miatt cs\u00f6kkentek. A t\u00e1vk\u00f6zl\u00e9si ad\u00f3 \u00e9ves \u00f6sszevet\u00e9sben 3,9 sz\u00e1zal\u00e9kkal 6,5 milli\u00e1rd forintra n\u0151tt 2020 els\u0151 negyed\u00e9v\u00e9ben.<br \/>\n    A vez\u00e9rigazgat\u00f3 kifejtette: a j\u00e1rv\u00e1ny kit\u00f6r\u00e9se \u00f3ta szigor\u00fa k\u00f6z\u00f6ss\u00e9gi t\u00e1vols\u00e1gtart\u00e1si szab\u00e1lyokat vezettek be a csoporton bel\u00fcl, munkat\u00e1rsaik k\u00f6zel 80 sz\u00e1zal\u00e9ka jelenleg otthonr\u00f3l dolgozik. A legt\u00f6bb \u00e9rt\u00e9kes\u00edt\u00e9si pont tov\u00e1bbra is \u00fczemel, jelent\u0151sen korl\u00e1tozt\u00e1k \u00fczleteikben az \u00fcgyf\u00e9lforgalmat. Telefonos \u00e9s online \u00fcgyf\u00e9lszolg\u00e1lataik sikeresen kezelik a megn\u00f6vekedett \u00fcgyf\u00e9lmegkeres\u00e9seket &#8211; jelezte.<br \/>\n    Elmondta: h\u00e1l\u00f3zataik megb\u00edzhat\u00f3 \u00e9s biztons\u00e1gos m\u0171k\u00f6d\u00e9s\u00e9hez folyamatos fejleszt\u00e9seket hajtanak v\u00e9gre. Az 5G \u00e9s mobil sz\u00e9less\u00e1v\u00fa szolg\u00e1ltat\u00e1si c\u00e9l\u00fa frekvencia licenszek megv\u00e1s\u00e1rl\u00e1sa ut\u00e1n, \u00e1prilis elej\u00e9n elind\u00edtott\u00e1k kereskedelmi 5G szolg\u00e1ltat\u00e1sukat, \u00e9s a lefedetts\u00e9get folyamatosan n\u00f6velik a k\u00f6vetkez\u0151 h\u00f3napokban.<br \/>\n    A jelenlegi v\u00e1ls\u00e1g p\u00e9nz\u00fcgyi eredm\u00e9nyeikre gyakorolt pontos hat\u00e1sa m\u00e9g bizonytalan, a t\u00e1vk\u00f6zl\u00e9si szolg\u00e1ltat\u00e1saik ir\u00e1nti kereslet jelent\u0151s marad a vez\u00e9rigazgat\u00f3 szerint. A j\u00e1rv\u00e1ny kezdete \u00f3ta a hang- \u00e9s adatforgalom emelked\u00e9s\u00e9t tapasztalj\u00e1k vezet\u00e9kes \u00e9s mobil h\u00e1l\u00f3zatukon egyar\u00e1nt, m\u00edg a nemzetk\u00f6zi roaming szintj\u00e9nek cs\u00f6kken\u00e9s\u00e9t. Jelezte: a magasabb forgalom, valamint a forint\u00e1rfolyam gyeng\u00fcl\u00e9se miatt k\u00f6lts\u00e9geik emelked\u00e9s\u00e9re sz\u00e1m\u00edtanak, ez kedvez\u0151tlen hat\u00e1ssal lesz nyeres\u00e9gess\u00e9g\u00fckre. Ezek enyh\u00edt\u00e9se \u00e9rdek\u00e9ben tov\u00e1bbi k\u00f6lts\u00e9gcs\u00f6kkent\u00e9si int\u00e9zked\u00e9seket vezetnek be, melyek seg\u00edthetik az \u00e9ves p\u00e9nz\u00fcgyi c\u00e9lit\u0171z\u00e9seik el\u00e9r\u00e9s\u00e9t.<br \/>\n<div class=\"ads-in-post1\"><div id=\"gazdasagportal.hu_fullbanner_wideboard\"><\/div>\r\n<\/div>\n    K\u00f6z\u00f6lt\u00e9k: az el\u0151zetesen 2020 els\u0151 negyed\u00e9v\u00e9re tervezett Telekom Park budapesti irodah\u00e1z \u00e9rt\u00e9kes\u00edt\u00e9s\u00e9re k\u00e9s\u0151bb ker\u00fcl sor a j\u00e1rv\u00e1ny\u00fcgyi helyzetre tekintettel. Jelenleg elemzik, hogy milyen hat\u00e1sa lesz a 2020. m\u00e1jus 1-t\u0151l \u00e9rv\u00e9nyes \u00faj kiskereskedelmi ad\u00f3nak a p\u00e9nz\u00fcgyi adatokra.<br \/>\n    A Telekom id\u00e9n \u00e9s j\u00f6v\u0151re is a 2019-eshez (666,7 milli\u00e1rd forint) k\u00e9pest nagyj\u00e1b\u00f3l v\u00e1ltozatlan \u00e1rbev\u00e9telre sz\u00e1m\u00edt, az EBITDA eredm\u00e9ny\u00e9ben pedig 1-2 sz\u00e1zal\u00e9kos n\u00f6veked\u00e9st v\u00e1r mindk\u00e9t \u00e9vben. A szabad cash-flow tavalyi 65,1 milli\u00e1rd forintos \u00e9rt\u00e9k\u00e9hez k\u00e9pest a t\u00e1rsas\u00e1g az id\u00e9n 5 sz\u00e1zal\u00e9kos n\u00f6veked\u00e9ssel sz\u00e1mol, 2021-ben pedig v\u00e1ltozatlan szinttel. A CAPEX k\u00f6lt\u00e9s (beruh\u00e1z\u00e1s t\u00e1rgyi eszk\u00f6z\u00f6kbe \u00e9s immateri\u00e1lis javakba) 89,6 milli\u00e1rd forintot \u00e9rt el 2019-ben, ezt v\u00e1ltozatlan szinten tervezik tartani az id\u00e9n \u00e9s j\u00f6v\u0151re is.<br \/>\n    A Telekom r\u00e9szv\u00e9nyeivel a B\u00c9T pr\u00e9mium kateg\u00f3ri\u00e1j\u00e1ban kereskednek, a pap\u00edr \u00e1rfolyama a szerdai keresked\u00e9sben 5 forinttal, 1,27 sz\u00e1zal\u00e9kkal 400 forintra er\u0151s\u00f6d\u00f6tt, forgalma 303,2 milli\u00f3 forint volt. Az elm\u00falt egy \u00e9vben a r\u00e9szv\u00e9nyek legalacsonyabb \u00e1ra 335 forint, a legmagasabb 464 forint volt.(MTI)<\/p>\n","protected":false},"excerpt":{"rendered":"<p>A Magyar Telekom Nyrt. \u00e1rbev\u00e9tele az elemz\u0151i v\u00e1rakoz\u00e1soknak megfelel\u0151en m\u00e9rs\u00e9kelten, 0,2 sz\u00e1zal\u00e9kkal 159,33 milli\u00e1rd forintra emelkedett id\u00e9n az els\u0151 negyed\u00e9vben &#8211; k\u00f6z\u00f6lte a v\u00e1llalat a Budapesti \u00c9rt\u00e9kt\u0151zsde (B\u00c9T) honlapj\u00e1n szerd\u00e1n.<\/p>\n","protected":false},"author":1001006,"featured_media":20580,"comment_status":"closed","ping_status":"open","sticky":false,"template":"","format":"standard","meta":[],"categories":[146,47,6,34],"tags":[],"_links":{"self":[{"href":"https:\/\/gazdasagportal.hu\/index.php\/wp-json\/wp\/v2\/posts\/126374"}],"collection":[{"href":"https:\/\/gazdasagportal.hu\/index.php\/wp-json\/wp\/v2\/posts"}],"about":[{"href":"https:\/\/gazdasagportal.hu\/index.php\/wp-json\/wp\/v2\/types\/post"}],"author":[{"embeddable":true,"href":"https:\/\/gazdasagportal.hu\/index.php\/wp-json\/wp\/v2\/users\/1001006"}],"replies":[{"embeddable":true,"href":"https:\/\/gazdasagportal.hu\/index.php\/wp-json\/wp\/v2\/comments?post=126374"}],"version-history":[{"count":1,"href":"https:\/\/gazdasagportal.hu\/index.php\/wp-json\/wp\/v2\/posts\/126374\/revisions"}],"predecessor-version":[{"id":126375,"href":"https:\/\/gazdasagportal.hu\/index.php\/wp-json\/wp\/v2\/posts\/126374\/revisions\/126375"}],"wp:featuredmedia":[{"embeddable":true,"href":"https:\/\/gazdasagportal.hu\/index.php\/wp-json\/wp\/v2\/media\/20580"}],"wp:attachment":[{"href":"https:\/\/gazdasagportal.hu\/index.php\/wp-json\/wp\/v2\/media?parent=126374"}],"wp:term":[{"taxonomy":"category","embeddable":true,"href":"https:\/\/gazdasagportal.hu\/index.php\/wp-json\/wp\/v2\/categories?post=126374"},{"taxonomy":"post_tag","embeddable":true,"href":"https:\/\/gazdasagportal.hu\/index.php\/wp-json\/wp\/v2\/tags?post=126374"}],"curies":[{"name":"wp","href":"https:\/\/api.w.org\/{rel}","templated":true}]}}