{"id":126361,"date":"2020-05-13T13:54:53","date_gmt":"2020-05-13T11:54:53","guid":{"rendered":"http:\/\/gazdasagportal.hu\/?p=126361"},"modified":"2020-05-13T13:54:53","modified_gmt":"2020-05-13T11:54:53","slug":"ukrajnaban-elfogadtak-az-imf-altal-szorgalmazott-torvenyt-a-bankokrol","status":"publish","type":"post","link":"https:\/\/gazdasagportal.hu\/index.php\/ukrajnaban-elfogadtak-az-imf-altal-szorgalmazott-torvenyt-a-bankokrol\/","title":{"rendered":"Ukrajn\u00e1ban elfogadt\u00e1k az IMF \u00e1ltal szorgalmazott t\u00f6rv\u00e9nyt a bankokr\u00f3l"},"content":{"rendered":"<p><strong>Az ukr\u00e1n parlament megszavazta szerd\u00e1n v\u00e9gs\u0151 olvasatban a bankokr\u00f3l sz\u00f3l\u00f3, &#8222;Kolomojszkij-ellenesnek&#8221; is nevezett t\u00f6rv\u00e9nyt, amelyet a Nemzetk\u00f6zi Valutaalap (IMF) egyik f\u0151 felt\u00e9tel\u00fcl szabott az orsz\u00e1g hitelez\u00e9s\u00e9nek folytat\u00e1s\u00e1hoz.<\/strong><!--more--><\/p>\n<div class=\"ads-in-post1\"><div id=\"gazdasagportal.hu_fullbanner_wideboard\"><\/div>\r\n<\/div>\n<p>    Az el\u0151terjeszt\u00e9st a 450 f\u0151s t\u00f6rv\u00e9nyhoz\u00e1s 270 k\u00e9pvisel\u0151je szavazta meg. Els\u0151 olvasatban m\u00e9g m\u00e1rcius 30-\u00e1n hagyt\u00e1k j\u00f3v\u00e1, de ellenz\u0151i t\u00f6bb mint 16 ezer m\u00f3dos\u00edt\u00f3 ind\u00edtv\u00e1ny bead\u00e1s\u00e1val pr\u00f3b\u00e1lt\u00e1k meg elod\u00e1zni v\u00e9gs\u0151 elfogad\u00e1s\u00e1t. Ezt k\u00f6vet\u0151en t\u00e1mogat\u00f3i t\u00f6rv\u00e9nyt fogadtak el, hogy \u00fagynevezett rendk\u00edv\u00fcli elj\u00e1r\u00e1sban t\u00e1rgyalj\u00e1k a jogszab\u00e1lyt, amely t\u00f6bbek k\u00f6z\u00f6tt korl\u00e1tozza a beny\u00fajthat\u00f3 m\u00f3dos\u00edt\u00f3 ind\u00edtv\u00e1nyok sz\u00e1m\u00e1t.<br \/>\n    A bankokr\u00f3l sz\u00f3l\u00f3 t\u00f6rv\u00e9nyjavaslat l\u00e9nyege, hogy a cs\u0151dbe jutott, illetve \u00e1llamos\u00edtott bankok volt tulajdonosai ne tudj\u00e1k kihaszn\u00e1lni az ukr\u00e1n b\u00edr\u00f3s\u00e1gok &#8222;t\u00f6k\u00e9letlens\u00e9geit&#8221;, \u00e9s ne szerezhess\u00e9k vissza peres \u00faton tulajdonr\u00e9sz\u00fcket a p\u00e9nzint\u00e9zetekben. A jogszab\u00e1ly rendelkezik arr\u00f3l, hogy t\u00f6rv\u00e9nytelennek \u00edt\u00e9lt cs\u0151delj\u00e1r\u00e1s, \u00e1llamos\u00edt\u00e1s eset\u00e9n a volt tulajdonosok csak p\u00e9nzbeli k\u00e1rt\u00e9r\u00edt\u00e9st kaphatnak.<br \/>\n    A t\u00f6rv\u00e9ny elfogad\u00e1s\u00e1t els\u0151sorban az tette sz\u00fcks\u00e9gess\u00e9, hogy Ihor Kolomojszkij oligarcha nyert az ukr\u00e1n \u00e1llam ellen a Privatbank \u00e1llamos\u00edt\u00e1sa miatt ind\u00edtott perben. \u0150 volt a f\u0151r\u00e9szv\u00e9nyes az orsz\u00e1g legnagyobb lakoss\u00e1gi bankj\u00e1ban, a Privatbankban, amelyet 2016 v\u00e9g\u00e9n \u00e1llamos\u00edtott az ukr\u00e1n korm\u00e1ny, azt \u00e1ll\u00edtva, hogy \u00edgy mentette meg a cs\u0151dt\u0151l.<br \/>\n<div class=\"ads-in-post2\"><script async src=\"https:\/\/pagead2.googlesyndication.com\/pagead\/js\/adsbygoogle.js\"><\/script>\r\n<ins class=\"adsbygoogle\"\r\n     style=\"display:block\"\r\n     data-ad-format=\"fluid\"\r\n     data-ad-layout-key=\"-6t+ed+2i-1n-4w\"\r\n     data-ad-client=\"ca-pub-1959107119989764\"\r\n     data-ad-slot=\"4008251320\"><\/ins>\r\n<script>\r\n     (adsbygoogle = window.adsbygoogle || []).push({});\r\n<\/script><\/div>\n    Kolomojszkij szerint a bank nem volt cs\u0151dhelyzetben, ez\u00e9rt perelt. Tavaly \u00e1prilisban egy kijevi b\u00edr\u00f3s\u00e1g t\u00f6rv\u00e9nytelennek min\u0151s\u00edtette a bank \u00e1llamos\u00edt\u00e1s\u00e1t. Az ukr\u00e1n \u00e1llam viszont addigra milli\u00e1rdokat k\u00f6lt\u00f6tt a p\u00e9nzint\u00e9zet felt\u0151k\u00e9s\u00edt\u00e9s\u00e9re. A b\u00edr\u00f3s\u00e1gi d\u00f6nt\u00e9s m\u00e9g nem joger\u0151s, emellett viszont Kolomojszkij \u00e9s az ukr\u00e1n \u00e1llam k\u00f6z\u00f6tt az\u00f3ta is tucatsz\u00e1m zajlanak k\u00fcl\u00f6nb\u00f6z\u0151 r\u00e9szk\u00e9rd\u00e9sekben b\u00edr\u00f3s\u00e1gi perek a bank \u00e1llamos\u00edt\u00e1s\u00e1val \u00f6sszef\u00fcgg\u00e9sben.<br \/>\n    A bankokr\u00f3l sz\u00f3l\u00f3 t\u00f6rv\u00e9ny elfogad\u00e1s\u00e1t Volodimir Zelenszkij ukr\u00e1n eln\u00f6k er\u0151sen szorgalmazta. Szerd\u00e1n is megjelent a parlament plen\u00e1ris \u00fcl\u00e9s\u00e9n, hogy felh\u00edvja a k\u00e9pvisel\u0151ket az el\u0151terjeszt\u00e9s elfogad\u00e1s\u00e1nak sz\u00fcks\u00e9gess\u00e9g\u00e9re. Kor\u00e1bban \u00fagy fogalmazott, hogy a parlament vagy megszavazza a t\u00f6rv\u00e9nyt, vagy a nemzetk\u00f6zi k\u00f6lcs\u00f6n\u00f6k n\u00e9lk\u00fcl &#8211; bele\u00e9rtve az IMF-hitelprogramot &#8211; Ukrajna cs\u0151dbe mehet.(MTI)<\/p>\n","protected":false},"excerpt":{"rendered":"<p>Az ukr\u00e1n parlament megszavazta szerd\u00e1n v\u00e9gs\u0151 olvasatban a bankokr\u00f3l sz\u00f3l\u00f3, &#8222;Kolomojszkij-ellenesnek&#8221; is nevezett t\u00f6rv\u00e9nyt, amelyet a Nemzetk\u00f6zi Valutaalap (IMF) egyik f\u0151 felt\u00e9tel\u00fcl szabott az orsz\u00e1g hitelez\u00e9s\u00e9nek folytat\u00e1s\u00e1hoz.<\/p>\n","protected":false},"author":1001006,"featured_media":0,"comment_status":"closed","ping_status":"open","sticky":false,"template":"","format":"standard","meta":[],"categories":[12,246],"tags":[],"_links":{"self":[{"href":"https:\/\/gazdasagportal.hu\/index.php\/wp-json\/wp\/v2\/posts\/126361"}],"collection":[{"href":"https:\/\/gazdasagportal.hu\/index.php\/wp-json\/wp\/v2\/posts"}],"about":[{"href":"https:\/\/gazdasagportal.hu\/index.php\/wp-json\/wp\/v2\/types\/post"}],"author":[{"embeddable":true,"href":"https:\/\/gazdasagportal.hu\/index.php\/wp-json\/wp\/v2\/users\/1001006"}],"replies":[{"embeddable":true,"href":"https:\/\/gazdasagportal.hu\/index.php\/wp-json\/wp\/v2\/comments?post=126361"}],"version-history":[{"count":1,"href":"https:\/\/gazdasagportal.hu\/index.php\/wp-json\/wp\/v2\/posts\/126361\/revisions"}],"predecessor-version":[{"id":126362,"href":"https:\/\/gazdasagportal.hu\/index.php\/wp-json\/wp\/v2\/posts\/126361\/revisions\/126362"}],"wp:attachment":[{"href":"https:\/\/gazdasagportal.hu\/index.php\/wp-json\/wp\/v2\/media?parent=126361"}],"wp:term":[{"taxonomy":"category","embeddable":true,"href":"https:\/\/gazdasagportal.hu\/index.php\/wp-json\/wp\/v2\/categories?post=126361"},{"taxonomy":"post_tag","embeddable":true,"href":"https:\/\/gazdasagportal.hu\/index.php\/wp-json\/wp\/v2\/tags?post=126361"}],"curies":[{"name":"wp","href":"https:\/\/api.w.org\/{rel}","templated":true}]}}