{"id":126359,"date":"2020-05-13T13:30:35","date_gmt":"2020-05-13T11:30:35","guid":{"rendered":"http:\/\/gazdasagportal.hu\/?p=126359"},"modified":"2020-05-13T13:30:35","modified_gmt":"2020-05-13T11:30:35","slug":"mazars-tort-honapra-is-kerheto-a-kurzarbeit","status":"publish","type":"post","link":"https:\/\/gazdasagportal.hu\/index.php\/mazars-tort-honapra-is-kerheto-a-kurzarbeit\/","title":{"rendered":"MAZARS: T\u00f6rt h\u00f3napra is k\u00e9rhet\u0151 a Kurzarbeit"},"content":{"rendered":"<p style=\"font-weight: 400;\"><strong>T\u00f6rt h\u00f3napra is ig\u00e9nyelhet\u0151 az \u00e1tdolgozott cs\u00f6kkentett munkaid\u0151s foglalkoztat\u00e1si t\u00e1mogat\u00e1s, b\u00e1r a jogszab\u00e1ly k\u00fcl\u00f6n nem t\u00e9r ki erre. Jelent\u0151sen egyszer\u0171s\u00f6d\u00f6tt a t\u00e1mogat\u00e1s ig\u00e9nybev\u00e9tel\u00e9nek adminisztr\u00e1ci\u00f3ja, ennek ellen\u00e9re m\u00e9g mindig k\u00f6r\u00fclm\u00e9nyesnek t\u0171nik az alkalmaz\u00e1sa, \u00f6sszetett kalkul\u00e1ci\u00f3 n\u00e9lk\u00fcl pedig nem is tud d\u00f6nteni a munk\u00e1ltat\u00f3 arr\u00f3l, hogy \u00e9rdemes-e elind\u00edtani az ig\u00e9nyl\u00e9si folyamatot &#8211; \u00e1ll a MAZARS legfrissebb \u00f6sszefoglal\u00f3j\u00e1ban.<\/strong><\/p>\n<p><!--more--><\/p>\n<div class=\"ads-in-post1\"><div id=\"gazdasagportal.hu_fullbanner_wideboard\"><\/div>\r\n<\/div>\n<p style=\"font-weight: 400;\"><strong>\u00a0<\/strong><\/p>\n<p style=\"font-weight: 400;\">A\u00a0<strong>cs\u00f6kkentett munkaid\u0151s foglalkoztat\u00e1si t\u00e1mogat\u00e1s<\/strong>\u00a02020. m\u00e1jus 1-j\u00e9vel volt ig\u00e9nyelhet\u0151, de csak h\u00e1rom nappal kor\u00e1bban l\u00e9ptek hat\u00e1lyba az ehhez sz\u00fcks\u00e9ges szab\u00e1lyok. A<strong>\u00a0rendk\u00edv\u00fcl szoros hat\u00e1rid\u0151t csak r\u00e9szben ellens\u00falyozta, hogy k\u00f6nny\u00edtettek az adminisztr\u00e1ci\u00f3n,<\/strong>\u00a0r\u00f6vid\u00edtett\u00e9k a t\u00e1mogat\u00e1si k\u00e9relem nyomtatv\u00e1ny terjedelm\u00e9t, cs\u00f6kkentett\u00e9k a beny\u00fajtand\u00f3 dokumentumok k\u00f6r\u00e9t, \u00e9s m\u00e9g egy &#8211; a t\u00e1mogat\u00e1s kalkul\u00e1ci\u00f3j\u00e1t seg\u00edt\u0151 &#8211; t\u00e1bl\u00e1zatot is k\u00f6zz\u00e9tettek.<\/p>\n<p style=\"font-weight: 400;\"><strong><em>\u00a0<\/em><\/strong><\/p>\n<p style=\"font-weight: 400;\"><em>\u201eAz egyszer\u0171s\u00edt\u00e9sek ellen\u00e9re\u00a0<strong>tov\u00e1bbra sem k\u00f6nny\u0171 a munk\u00e1ltat\u00f3 dolga.\u00a0<\/strong>Neh\u00e9z ugyanis eld\u00f6nteni, hogy\u00a0<strong>kinek \u00e9rdemes ig\u00e9nyelni\u00a0<\/strong>a t\u00e1mogat\u00e1st, \u00e9s\u00a0<strong>kinek nem<\/strong>. Ehhez ugyanis minden \u00e9rintett vonatkoz\u00e1sban r\u00e9szletes kalkul\u00e1ci\u00f3ra van sz\u00fcks\u00e9g.\u201d\u00a0<\/em><strong>&#8211; \u00e1ll\u00edtja H. Nagy D\u00e1niel, a MAZARS ad\u00f3igazgat\u00f3ja.<\/strong><\/p><div id=\"gazda-4142534646\" class=\"gazda-tartalomban gazda-entity-placement\"><script async src=\"https:\/\/pagead2.googlesyndication.com\/pagead\/js\/adsbygoogle.js\"><\/script>\r\n<ins class=\"adsbygoogle\"\r\n     style=\"display:block\"\r\n     data-ad-format=\"fluid\"\r\n     data-ad-layout-key=\"-6t+ed+2i-1n-4w\"\r\n     data-ad-client=\"ca-pub-1959107119989764\"\r\n     data-ad-slot=\"4008251320\"><\/ins>\r\n<script>\r\n     (adsbygoogle = window.adsbygoogle || []).push({});\r\n<\/script><\/div>\n<p style=\"font-weight: 400;\"><strong>A munkaad\u00f3nak a kalkul\u00e1ci\u00f3 elk\u00e9sz\u00edt\u00e9s\u00e9hez az al\u00e1bbi inform\u00e1ci\u00f3kat kell megszereznie, illetve a k\u00f6vetkez\u0151kkel kell sz\u00e1molnia.<\/strong><\/p>\n<div class=\"ads-in-post2\"><script async src=\"https:\/\/pagead2.googlesyndication.com\/pagead\/js\/adsbygoogle.js\"><\/script>\r\n<ins class=\"adsbygoogle\"\r\n     style=\"display:block\"\r\n     data-ad-format=\"fluid\"\r\n     data-ad-layout-key=\"-6t+ed+2i-1n-4w\"\r\n     data-ad-client=\"ca-pub-1959107119989764\"\r\n     data-ad-slot=\"4008251320\"><\/ins>\r\n<script>\r\n     (adsbygoogle = window.adsbygoogle || []).push({});\r\n<\/script><\/div>\n<ul>\n<li style=\"font-weight: 400;\">\u00a0\u00a0Sz\u00fcks\u00e9ge lesz az<strong>\u00e9rintett munkav\u00e1llal\u00f3k nett\u00f3b\u00e9r-adataira<\/strong>, amelyeket a t\u00e1mogat\u00e1si k\u00e9relem nyomtatv\u00e1nyon is fel kell t\u00fcntetni. Ehhez viszony\u00edtva lehet meghat\u00e1rozni, hogy a munk\u00e1ltat\u00f3nak\u00a0<strong>mekkora \u00f6sszeg\u0171 kieg\u00e9sz\u00edt\u0151 b\u00e9rrel kell kompenz\u00e1lni\u00a0<\/strong>a j\u00f6vedelemkies\u00e9st, amit egy\u00e9bk\u00e9nt a munkav\u00e1llal\u00f3 az \u00e1llami t\u00e1mogat\u00e1s dac\u00e1ra elszenvedne. Azokr\u00f3l az esetekr\u0151l van sz\u00f3, ahol a munkaid\u0151 nem cs\u00f6kken az eredeti fel\u00e9re, vagy az al\u00e1, hiszen ilyenkor a rendelet szerint a j\u00f6vedelemnek el\u00a0<strong>kell \u00e9rnie a cs\u00f6kkent\u00e9s el\u0151tti szintet<\/strong>. Ehhez viszont a munk\u00e1ltat\u00f3nak kell a \u201ezseb\u00e9be ny\u00falnia\u201d, tekintettel az \u00e1llami t\u00e1mogat\u00e1s fels\u0151 hat\u00e1r\u00e1ra.<\/li>\n<li style=\"font-weight: 400;\">A munkaad\u00f3 \u00e1ltal haszn\u00e1lt\u00a0<strong>b\u00e9rsz\u00e1mfejt\u0151 programnak alkalmasnak kell lennie a brutt\u00f3 b\u00e9r kisz\u00e1m\u00edt\u00e1s\u00e1ra, ami munkav\u00e1llal\u00f3nk\u00e9nt m\u00e1s \u00e9s m\u00e1s lehet az elt\u00e9r\u0151 szja- \u00e9s j\u00e1rul\u00e9kfizet\u00e9si szab\u00e1lyok, kedvezm\u00e9nyek miatt.<\/strong>\u00a0A gyakorlatban a munkav\u00e1llal\u00f3nak utaland\u00f3 nett\u00f3 \u00f6sszeg (kor\u00e1bbi nett\u00f3 m\u00ednusz t\u00e1mogat\u00e1s) megad\u00e1s\u00e1b\u00f3l kell majd kiindulni \u00e9s\u00a0<strong>innen visszafejteni a brutt\u00f3 b\u00e9rt.<\/strong><\/li>\n<div class=\"ads-in-post1\"><div id=\"gazdasagportal.hu_fullbanner_wideboard\"><\/div>\r\n<\/div>\n<li style=\"font-weight: 400;\"><strong>El\u0151re kell gondolnia arra is, hogy a cs\u00f6kkentett munkaid\u0151ben hogyan fogja megoldani a munkaszervez\u00e9st,<\/strong>figyelembe v\u00e9ve olyan szempontokat, mint pl. a munkaid\u0151-beoszt\u00e1snak az \u00fczletek nyitva tart\u00e1s\u00e1hoz val\u00f3 igaz\u00edt\u00e1sa. A t\u00e1mogat\u00e1s h\u00e1rom h\u00f3napja alatt ugyanis\u00a0<strong>a rendk\u00edv\u00fcli munka nem megengedett,\u00a0<\/strong>viszont sz\u00f3ba j\u00f6het ak\u00e1r a\u00a0<strong>munkaid\u0151keretben t\u00f6rt\u00e9n\u0151 foglalkoztat\u00e1s.<\/strong><\/li>\n<\/ul>\n<p style=\"font-weight: 400;\">\n<p style=\"font-weight: 400;\">\n<p style=\"font-weight: 400;\"><strong>A MAZARS-r\u00f3l<\/strong><\/p>\n<p style=\"font-weight: 400;\">A MAZARS egy nemzetk\u00f6zi, integr\u00e1lt \u00e9s f\u00fcggetlen szervezet, amely a vil\u00e1g 91 orsz\u00e1g\u00e1ban m\u0171k\u00f6dik a k\u00f6nyvvizsg\u00e1lat, a sz\u00e1mviteli tan\u00e1csad\u00e1s, az ad\u00f3-, a jogi \u00e9s a tranzakci\u00f3s szolg\u00e1ltat\u00e1sok, valamint a p\u00e9nz\u00fcgyi outsourcing ter\u00fclet\u00e9n. A vil\u00e1g 91 orsz\u00e1g\u00e1ban 40 400 szakember (24 400 f\u0151 az integr\u00e1lt partners\u00e9gben \u00e9s 16 000 a North America Alliance keret\u00e9ben) tud\u00e1s\u00e1ra t\u00e1maszkodva seg\u00edtik \u00fcgyfeleiket fejl\u0151d\u00e9s\u00fck minden szakasz\u00e1ban.<\/p>\n<p style=\"font-weight: 400;\"><strong>\u00a0<\/strong><\/p>\n<p style=\"font-weight: 400;\"><strong>A MAZARS Magyarorsz\u00e1gon \/\u00a0<\/strong><a href=\"http:\/\/www.mazars.hu\/\" data-saferedirecturl=\"https:\/\/www.google.com\/url?q=http:\/\/www.mazars.hu&amp;source=gmail&amp;ust=1589454079225000&amp;usg=AFQjCNF1NfbF7Opb3ew-IL95hqlvjEzEWg\" target=\"_blank\" rel=\"noopener\"><strong>www.mazars.hu<\/strong><\/a><\/p>\n<p><span style=\"font-weight: 400;\">A MAZARS 1991-ben nyitotta meg magyarorsz\u00e1gi irod\u00e1j\u00e1t azzal a c\u00e9llal, hogy seg\u00edtse francia \u00fcgyfelei leteleped\u00e9s\u00e9t Kelet-K\u00f6z\u00e9p-Eur\u00f3p\u00e1ban. Az\u00f3ta a MAZARS hazai \u00fcgyf\u00e9lk\u00f6re sz\u00e1mos nemzetk\u00f6zi \u00e9s magyar v\u00e1llalkoz\u00e1ssal b\u0151v\u00fclt, a v\u00e1llalat pedig a magasan k\u00e9pzett 150 szakember\u00e9vel jelenleg az \u00f6t\u00f6dik legnagyobb k\u00f6nyvvizsg\u00e1l\u00f3 c\u00e9g a hazai piacon.<\/span><span style=\"font-weight: 400;\">\u00a0 \u00a0\u00a0<\/span><\/p>\n","protected":false},"excerpt":{"rendered":"<p>T\u00f6rt h\u00f3napra is ig\u00e9nyelhet\u0151 az \u00e1tdolgozott cs\u00f6kkentett munkaid\u0151s foglalkoztat\u00e1si t\u00e1mogat\u00e1s, b\u00e1r a jogszab\u00e1ly k\u00fcl\u00f6n nem t\u00e9r ki erre. Jelent\u0151sen egyszer\u0171s\u00f6d\u00f6tt a t\u00e1mogat\u00e1s ig\u00e9nybev\u00e9tel\u00e9nek adminisztr\u00e1ci\u00f3ja, ennek ellen\u00e9re m\u00e9g mindig k\u00f6r\u00fclm\u00e9nyesnek t\u0171nik az alkalmaz\u00e1sa, \u00f6sszetett kalkul\u00e1ci\u00f3 n\u00e9lk\u00fcl pedig nem is tud d\u00f6nteni a munk\u00e1ltat\u00f3 arr\u00f3l, hogy \u00e9rdemes-e elind\u00edtani az ig\u00e9nyl\u00e9si folyamatot &#8211; \u00e1ll a MAZARS legfrissebb \u00f6sszefoglal\u00f3j\u00e1ban.<\/p>\n","protected":false},"author":1001006,"featured_media":0,"comment_status":"closed","ping_status":"open","sticky":false,"template":"","format":"standard","meta":[],"categories":[19],"tags":[],"_links":{"self":[{"href":"https:\/\/gazdasagportal.hu\/index.php\/wp-json\/wp\/v2\/posts\/126359"}],"collection":[{"href":"https:\/\/gazdasagportal.hu\/index.php\/wp-json\/wp\/v2\/posts"}],"about":[{"href":"https:\/\/gazdasagportal.hu\/index.php\/wp-json\/wp\/v2\/types\/post"}],"author":[{"embeddable":true,"href":"https:\/\/gazdasagportal.hu\/index.php\/wp-json\/wp\/v2\/users\/1001006"}],"replies":[{"embeddable":true,"href":"https:\/\/gazdasagportal.hu\/index.php\/wp-json\/wp\/v2\/comments?post=126359"}],"version-history":[{"count":1,"href":"https:\/\/gazdasagportal.hu\/index.php\/wp-json\/wp\/v2\/posts\/126359\/revisions"}],"predecessor-version":[{"id":126360,"href":"https:\/\/gazdasagportal.hu\/index.php\/wp-json\/wp\/v2\/posts\/126359\/revisions\/126360"}],"wp:attachment":[{"href":"https:\/\/gazdasagportal.hu\/index.php\/wp-json\/wp\/v2\/media?parent=126359"}],"wp:term":[{"taxonomy":"category","embeddable":true,"href":"https:\/\/gazdasagportal.hu\/index.php\/wp-json\/wp\/v2\/categories?post=126359"},{"taxonomy":"post_tag","embeddable":true,"href":"https:\/\/gazdasagportal.hu\/index.php\/wp-json\/wp\/v2\/tags?post=126359"}],"curies":[{"name":"wp","href":"https:\/\/api.w.org\/{rel}","templated":true}]}}