{"id":126328,"date":"2020-05-12T10:32:35","date_gmt":"2020-05-12T08:32:35","guid":{"rendered":"http:\/\/gazdasagportal.hu\/?p=126328"},"modified":"2020-05-12T10:32:35","modified_gmt":"2020-05-12T08:32:35","slug":"koronavirus-meghalt-negy-beteg-es-3313-ra-emelkedett-a-fertozottek-szama-magyarorszagon","status":"publish","type":"post","link":"https:\/\/gazdasagportal.hu\/index.php\/koronavirus-meghalt-negy-beteg-es-3313-ra-emelkedett-a-fertozottek-szama-magyarorszagon\/","title":{"rendered":"Koronav\u00edrus &#8211; Meghalt n\u00e9gy beteg \u00e9s 3313-ra emelkedett a fert\u0151z\u00f6ttek sz\u00e1ma Magyarorsz\u00e1gon"},"content":{"rendered":"<p><strong>Meghalt n\u00e9gy kr\u00f3nikus beteg, \u00e9s 29-cel, 3313-ra emelkedett az azonos\u00edtott koronav\u00edrus-fert\u0151z\u00f6ttek sz\u00e1ma Magyarorsz\u00e1gon &#8211; k\u00f6z\u00f6lte a <a href=\"https:\/\/koronavirus.gov.hu\/\" target=\"_blank\" rel=\"noopener noreferrer\">koronavirus.gov.hu<\/a> kedd reggel.<\/strong><!--more--><\/p>\n<div class=\"ads-in-post1\"><div id=\"gazdasagportal.hu_fullbanner_wideboard\"><\/div>\r\n<\/div>\n<p>A korm\u00e1nyzati port\u00e1lon azt \u00edrt\u00e1k: \u00fajabb magyar \u00e1llampolg\u00e1rokn\u00e1l mutatt\u00e1k ki a koronav\u00edrus-fert\u0151z\u00e9st. Az elhunytak sz\u00e1ma 425-re emelkedett. 1007-en m\u00e1r gy\u00f3gyultan t\u00e1voztak a k\u00f3rh\u00e1zb\u00f3l.<br \/>\nAz akt\u00edv fert\u0151z\u00f6ttek sz\u00e1ma 1881-re cs\u00f6kkent. Az akt\u00edv fert\u0151z\u00f6ttek 60 sz\u00e1zal\u00e9ka, az elhunytak 79 sz\u00e1zal\u00e9ka, a gy\u00f3gyultak 56 sz\u00e1zal\u00e9ka budapesti vagy Pest megyei.<br \/>\nJelenleg 746 koronav\u00edrusos beteget \u00e1polnak k\u00f3rh\u00e1zban \u00e9s 45-en vannak l\u00e9legeztet\u0151g\u00e9pen.<br \/>\nAz oldal adatai szerint 11 016-an vannak hat\u00f3s\u00e1gi h\u00e1zi karant\u00e9nban. A mintav\u00e9telek sz\u00e1ma 114 719.<br \/>\nKiemelt\u00e9k: a v\u00e9dekez\u00e9s m\u00e1sodik szakasz\u00e1ban vagyunk. Ez nem a j\u00e1rv\u00e1ny v\u00e9g\u00e9t jelenti, hiszen a v\u00edrus tov\u00e1bbra is terjed. Az a c\u00e9l, hogy fokozatosan, szigor\u00fa menetrend szerint \u00fajraind\u00edts\u00e1k az \u00e9letet \u00e9s tov\u00e1bbra is elker\u00fclj\u00e9k a j\u00e1rv\u00e1ny &#8222;berobban\u00e1s\u00e1t&#8221;. Ez\u00e9rt Budapesten \u00e9s Pest megy\u00e9ben tov\u00e1bbra is \u00e9letben marad a kij\u00e1r\u00e1si korl\u00e1toz\u00e1s, vid\u00e9ken viszont \u00faj szab\u00e1lyok l\u00e9ptek \u00e9letbe. Az eg\u00e9sz orsz\u00e1gban tov\u00e1bbra is fontos a m\u00e1sf\u00e9l m\u00e9teres v\u00e9d\u0151t\u00e1vols\u00e1g tart\u00e1sa, \u00e9s az arc eltakar\u00e1sa a boltokban \u00e9s t\u00f6megk\u00f6zleked\u00e9si eszk\u00f6z\u00f6k\u00f6n.<br \/>\n<div class=\"ads-in-post2\"><script async src=\"https:\/\/pagead2.googlesyndication.com\/pagead\/js\/adsbygoogle.js\"><\/script>\r\n<ins class=\"adsbygoogle\"\r\n     style=\"display:block\"\r\n     data-ad-format=\"fluid\"\r\n     data-ad-layout-key=\"-6t+ed+2i-1n-4w\"\r\n     data-ad-client=\"ca-pub-1959107119989764\"\r\n     data-ad-slot=\"4008251320\"><\/ins>\r\n<script>\r\n     (adsbygoogle = window.adsbygoogle || []).push({});\r\n<\/script><\/div>\nAz id\u0151seket tov\u00e1bbra is arra k\u00e9rik, hogy csak kell\u0151 k\u00f6r\u00fcltekint\u00e9s mellett hagyj\u00e1k el otthonukat, \u00e9s az \u00e9lelmiszerboltokat, patik\u00e1kat, drog\u00e9ri\u00e1kat a nekik kijel\u00f6lt id\u0151s\u00e1vban, 9 \u00e9s 12 \u00f3ra l\u00e1togass\u00e1k &#8211; tett\u00e9k hozz\u00e1.<br \/>\nAz oldal t\u00e9rk\u00e9pe alapj\u00e1n tov\u00e1bbra is Budapesten (1595 ember) \u00e9s Pest megy\u00e9ben (445) van a legt\u00f6bb fert\u0151z\u00f6tt.<br \/>\nEzt k\u00f6veti Fej\u00e9r megye (338), Zala megye (175), Kom\u00e1rom-Esztergom megye (174) \u00e9s Csongr\u00e1d megye (108).<br \/>\nVas megy\u00e9ben (14) van a legkevesebb fert\u0151z\u00f6tt Magyarorsz\u00e1gon.(MTI)<br \/>\n<div class=\"ads-in-post1\"><div id=\"gazdasagportal.hu_fullbanner_wideboard\"><\/div>\r\n<\/div>\n","protected":false},"excerpt":{"rendered":"<p>Meghalt n\u00e9gy kr\u00f3nikus beteg, \u00e9s 29-cel, 3313-ra emelkedett az azonos\u00edtott koronav\u00edrus-fert\u0151z\u00f6ttek sz\u00e1ma Magyarorsz\u00e1gon &#8211; k\u00f6z\u00f6lte a koronavirus.gov.hu kedd reggel.<\/p>\n","protected":false},"author":1001006,"featured_media":0,"comment_status":"closed","ping_status":"open","sticky":false,"template":"","format":"standard","meta":[],"categories":[4,427],"tags":[428],"_links":{"self":[{"href":"https:\/\/gazdasagportal.hu\/index.php\/wp-json\/wp\/v2\/posts\/126328"}],"collection":[{"href":"https:\/\/gazdasagportal.hu\/index.php\/wp-json\/wp\/v2\/posts"}],"about":[{"href":"https:\/\/gazdasagportal.hu\/index.php\/wp-json\/wp\/v2\/types\/post"}],"author":[{"embeddable":true,"href":"https:\/\/gazdasagportal.hu\/index.php\/wp-json\/wp\/v2\/users\/1001006"}],"replies":[{"embeddable":true,"href":"https:\/\/gazdasagportal.hu\/index.php\/wp-json\/wp\/v2\/comments?post=126328"}],"version-history":[{"count":1,"href":"https:\/\/gazdasagportal.hu\/index.php\/wp-json\/wp\/v2\/posts\/126328\/revisions"}],"predecessor-version":[{"id":126329,"href":"https:\/\/gazdasagportal.hu\/index.php\/wp-json\/wp\/v2\/posts\/126328\/revisions\/126329"}],"wp:attachment":[{"href":"https:\/\/gazdasagportal.hu\/index.php\/wp-json\/wp\/v2\/media?parent=126328"}],"wp:term":[{"taxonomy":"category","embeddable":true,"href":"https:\/\/gazdasagportal.hu\/index.php\/wp-json\/wp\/v2\/categories?post=126328"},{"taxonomy":"post_tag","embeddable":true,"href":"https:\/\/gazdasagportal.hu\/index.php\/wp-json\/wp\/v2\/tags?post=126328"}],"curies":[{"name":"wp","href":"https:\/\/api.w.org\/{rel}","templated":true}]}}