{"id":126316,"date":"2020-05-11T21:50:59","date_gmt":"2020-05-11T19:50:59","guid":{"rendered":"http:\/\/gazdasagportal.hu\/?p=126316"},"modified":"2020-05-11T21:50:59","modified_gmt":"2020-05-11T19:50:59","slug":"koronavirus-franciaorszagban-ismet-ketszaz-folott-a-halalesetek-napi-szama","status":"publish","type":"post","link":"https:\/\/gazdasagportal.hu\/index.php\/koronavirus-franciaorszagban-ismet-ketszaz-folott-a-halalesetek-napi-szama\/","title":{"rendered":"Koronav\u00edrus &#8211; Franciaorsz\u00e1gban ism\u00e9t k\u00e9tsz\u00e1z f\u00f6l\u00f6tt a hal\u00e1lesetek napi sz\u00e1ma"},"content":{"rendered":"<p><strong>Franciaorsz\u00e1gban az elm\u00falt 24 \u00f3r\u00e1ban 263-mal 26 643-ra emelkedett a koronav\u00edrus-j\u00e1rv\u00e1ny hal\u00e1los \u00e1ldozatainak sz\u00e1ma az el\u0151z\u0151 napok sz\u00e1z al\u00e1 cs\u00f6kkent esetsz\u00e1mai ut\u00e1n &#8211; k\u00f6z\u00f6lte a francia eg\u00e9szs\u00e9g\u00fcgyi miniszt\u00e9rium h\u00e9tf\u0151 este, az \u00e1ltal\u00e1nos karant\u00e9n felold\u00e1s\u00e1nak els\u0151 napj\u00e1n.<\/strong><!--more--><\/p>\n<div class=\"ads-in-post1\"><div id=\"gazdasagportal.hu_fullbanner_wideboard\"><\/div>\r\n<\/div>\n<p>    Szombaton m\u00e1r csak nyolcvan, vas\u00e1rnap pedig hetven hal\u00e1lesetet regisztr\u00e1ltak, ami a m\u00e1rcius 17-\u00e9n kihirdetett \u00e9s h\u00e9tf\u0151n v\u00e9get \u00e9rt kij\u00e1r\u00e1si korl\u00e1toz\u00e1sok idej\u00e9n a legalacsonyabb napi esetsz\u00e1m volt. A t\u00e1rca szerint az \u00fajb\u00f3li hirtelen emelked\u00e9s annak tudhat\u00f3 be, hogy t\u00f6bb h\u00e9tv\u00e9gi hal\u00e1leset csak h\u00e9tf\u0151n ker\u00fclt be a statisztik\u00e1ba.<br \/>\n    A k\u00f3rh\u00e1zban \u00e1polt betegek sz\u00e1ma viszont tov\u00e1bbcs\u00f6kkent, vas\u00e1rnap este \u00f3ta 285-tel 22 284-ra. K\u00f6z\u00fcl\u00fck 2712-en vannak l\u00e9legeztet\u0151g\u00e9pen, ami 64-gyel kevesebb, mint 24 \u00f3r\u00e1val ezel\u0151tt, \u00e9s a harmada a j\u00e1rv\u00e1ny egy h\u00f3nappal ezel\u0151tti tet\u0151z\u00e9sekor intenz\u00edv oszt\u00e1lyon \u00e1polt betegek sz\u00e1m\u00e1nak.<br \/>\n    M\u00e1rcius 1. \u00f3ta 139 519 fert\u0151z\u00f6ttet regisztr\u00e1ltak, az elm\u00falt 24 \u00f3r\u00e1ban 456 \u00faj esetet tal\u00e1ltak, s a k\u00f3rh\u00e1zban meggy\u00f3gyultak sz\u00e1ma 56 724-re emelkedett.<br \/>\n<div class=\"ads-in-post2\"><script async src=\"https:\/\/pagead2.googlesyndication.com\/pagead\/js\/adsbygoogle.js\"><\/script>\r\n<ins class=\"adsbygoogle\"\r\n     style=\"display:block\"\r\n     data-ad-format=\"fluid\"\r\n     data-ad-layout-key=\"-6t+ed+2i-1n-4w\"\r\n     data-ad-client=\"ca-pub-1959107119989764\"\r\n     data-ad-slot=\"4008251320\"><\/ins>\r\n<script>\r\n     (adsbygoogle = window.adsbygoogle || []).push({});\r\n<\/script><\/div>\n    A franci\u00e1k h\u00e9tf\u0151n hagyhatt\u00e1k el el\u0151sz\u00f6r otthonaikat igazol\u00e1s n\u00e9lk\u00fcl, de P\u00e1rizsban m\u00e9g nem sok minden v\u00e1ltozott az el\u0151z\u0151 hetekhez k\u00e9pest: a t\u00f6megk\u00f6zleked\u00e9si j\u00e1rm\u0171veken kevesen voltak, a j\u00e1rv\u00e1ny m\u00e1sodik hull\u00e1m\u00e1t\u00f3l tart\u00f3 franci\u00e1k \u00e9rz\u00e9kelhet\u0151en \u00f3vatosak \u00e9s kiv\u00e1rj\u00e1k a korl\u00e1toz\u00e1sok j\u00fanius 2-\u00e1ra tervezett tov\u00e1bbi enyh\u00edt\u00e9s\u00e9t. Eur\u00f3pa legnagyobb \u00fczleti negyed\u00e9ben, a p\u00e1rizsi D\u00e9fense-ban az \u00e1ltal\u00e1ban megszokott 120 ezer helyett h\u00e9tf\u0151n alig 20 ezren vett\u00e9k fel a munk\u00e1t.<br \/>\n    A korm\u00e1ny tov\u00e1bbra is az otthoni munkav\u00e9gz\u00e9st aj\u00e1nlja azoknak, akik sz\u00e1m\u00e1ra megoldhat\u00f3, de a kereskedelem beindul\u00e1sa miatt csaknem 875 ezren kezdtek \u00fajra munk\u00e1ba \u00e1llni mintegy 400 ezer kis- \u00e9s k\u00f6z\u00e9pv\u00e1llalkoz\u00e1sn\u00e1l.(MTI)<\/p>\n","protected":false},"excerpt":{"rendered":"<p>Franciaorsz\u00e1gban az elm\u00falt 24 \u00f3r\u00e1ban 263-mal 26 643-ra emelkedett a koronav\u00edrus-j\u00e1rv\u00e1ny hal\u00e1los \u00e1ldozatainak sz\u00e1ma az el\u0151z\u0151 napok sz\u00e1z al\u00e1 cs\u00f6kkent esetsz\u00e1mai ut\u00e1n &#8211; k\u00f6z\u00f6lte a francia eg\u00e9szs\u00e9g\u00fcgyi miniszt\u00e9rium h\u00e9tf\u0151 este, az \u00e1ltal\u00e1nos karant\u00e9n felold\u00e1s\u00e1nak els\u0151 napj\u00e1n.<\/p>\n","protected":false},"author":1001006,"featured_media":0,"comment_status":"closed","ping_status":"open","sticky":false,"template":"","format":"standard","meta":[],"categories":[12,427],"tags":[428],"_links":{"self":[{"href":"https:\/\/gazdasagportal.hu\/index.php\/wp-json\/wp\/v2\/posts\/126316"}],"collection":[{"href":"https:\/\/gazdasagportal.hu\/index.php\/wp-json\/wp\/v2\/posts"}],"about":[{"href":"https:\/\/gazdasagportal.hu\/index.php\/wp-json\/wp\/v2\/types\/post"}],"author":[{"embeddable":true,"href":"https:\/\/gazdasagportal.hu\/index.php\/wp-json\/wp\/v2\/users\/1001006"}],"replies":[{"embeddable":true,"href":"https:\/\/gazdasagportal.hu\/index.php\/wp-json\/wp\/v2\/comments?post=126316"}],"version-history":[{"count":1,"href":"https:\/\/gazdasagportal.hu\/index.php\/wp-json\/wp\/v2\/posts\/126316\/revisions"}],"predecessor-version":[{"id":126317,"href":"https:\/\/gazdasagportal.hu\/index.php\/wp-json\/wp\/v2\/posts\/126316\/revisions\/126317"}],"wp:attachment":[{"href":"https:\/\/gazdasagportal.hu\/index.php\/wp-json\/wp\/v2\/media?parent=126316"}],"wp:term":[{"taxonomy":"category","embeddable":true,"href":"https:\/\/gazdasagportal.hu\/index.php\/wp-json\/wp\/v2\/categories?post=126316"},{"taxonomy":"post_tag","embeddable":true,"href":"https:\/\/gazdasagportal.hu\/index.php\/wp-json\/wp\/v2\/tags?post=126316"}],"curies":[{"name":"wp","href":"https:\/\/api.w.org\/{rel}","templated":true}]}}