{"id":126288,"date":"2020-05-11T10:50:10","date_gmt":"2020-05-11T08:50:10","guid":{"rendered":"http:\/\/gazdasagportal.hu\/?p=126288"},"modified":"2020-05-11T08:55:33","modified_gmt":"2020-05-11T06:55:33","slug":"elbocsatasokra-keszulnek-a-nemet-vallalatok-az-ifo-felmerese-szerint","status":"publish","type":"post","link":"https:\/\/gazdasagportal.hu\/index.php\/elbocsatasokra-keszulnek-a-nemet-vallalatok-az-ifo-felmerese-szerint\/","title":{"rendered":"Elbocs\u00e1t\u00e1sokra k\u00e9sz\u00fclnek a n\u00e9met v\u00e1llalatok az ifo felm\u00e9r\u00e9se szerint"},"content":{"rendered":"<p><strong>Le\u00e9p\u00edt\u00e9sekre k\u00e9sz\u00fclnek sz\u00e1mos n\u00e9metorsz\u00e1gi gazdas\u00e1gi \u00e1gazatban a m\u00fcncheni egyetem ifo gazdas\u00e1gkutat\u00f3 int\u00e9zet\u00e9nek felm\u00e9r\u00e9se szerint.<\/strong><!--more--><\/p>\n<div class=\"ads-in-post1\"><div id=\"gazdasagportal.hu_fullbanner_wideboard\"><\/div>\r\n<\/div>\n<p>Az ifo \u00e1prilisban k\u00e9sz\u00fclt felm\u00e9r\u00e9se alapj\u00e1n a vend\u00e9gl\u00e1t\u00e1sban \u00e9s catering szolg\u00e1ltat\u00e1sokban a v\u00e1llalatok 58 sz\u00e1zal\u00e9ka k\u00e9sz\u00fcl elbocs\u00e1t\u00e1sokra, illetve a lej\u00e1r\u00f3 hat\u00e1rozott idej\u0171 munkaszerz\u0151d\u00e9sek meg nem hosszabb\u00edt\u00e1s\u00e1ra. A sz\u00e1llod\u00e1k eset\u00e9ben az ar\u00e1ny 50 sz\u00e1zal\u00e9k, az utaz\u00e1si irod\u00e1kn\u00e1l 43 sz\u00e1zal\u00e9k. Az aut\u00f3iparban a felm\u00e9r\u00e9sbe bevont v\u00e1llalatok 39 sz\u00e1zal\u00e9ka hozta meg a d\u00f6nt\u00e9st a dolgoz\u00f3k elbocs\u00e1t\u00e1s\u00e1r\u00f3l.<br \/>\n&#8222;Mostant\u00f3l kezdve a kr\u00edzishelyzet m\u00e1r m\u00e9ly nyomot fog hagyni a n\u00e9met munkaer\u0151piacon&#8221; &#8211; jelentette ki Klaus Wohlrabe, a gazdas\u00e1gkutat\u00f3 int\u00e9zet (ifo Institut &#8211; Leibniz-Institut f\u00fcr Wirtschaftsforschung an der Universit\u00e4t M\u00fcnchen e.V.) felm\u00e9r\u00e9sek\u00e9rt felel\u0151s vezet\u0151je.<br \/>\n\u00c1tlagon feletti elbocs\u00e1t\u00e1sokra k\u00e9sz\u00fclnek m\u00e1s gazdas\u00e1gi \u00e1gazatokban is. A HR \u00fcgyn\u00f6ks\u00e9gekn\u00e9l p\u00e9ld\u00e1ul a c\u00e9gek 57 sz\u00e1zal\u00e9ka, a b\u0151rd\u00edszm\u0171 \u00e9s cip\u0151iparban 48 sz\u00e1zal\u00e9ka, a nyomd\u00e1knak 30 sz\u00e1zal\u00e9ka, a f\u00e9miparban a c\u00e9gek 29 sz\u00e1zal\u00e9ka.<br \/>\n<div class=\"ads-in-post2\"><script async src=\"https:\/\/pagead2.googlesyndication.com\/pagead\/js\/adsbygoogle.js\"><\/script>\r\n<ins class=\"adsbygoogle\"\r\n     style=\"display:block\"\r\n     data-ad-format=\"fluid\"\r\n     data-ad-layout-key=\"-6t+ed+2i-1n-4w\"\r\n     data-ad-client=\"ca-pub-1959107119989764\"\r\n     data-ad-slot=\"4008251320\"><\/ins>\r\n<script>\r\n     (adsbygoogle = window.adsbygoogle || []).push({});\r\n<\/script><\/div>\nA jogtan\u00e1csad\u00f3, k\u00f6nyvvizsg\u00e1l\u00f3 \u00e9s ad\u00f3tan\u00e1csad\u00f3 c\u00e9gek alkalmazottai kev\u00e9sb\u00e9 vannak kit\u00e9ve az elbocs\u00e1t\u00e1s kock\u00e1zat\u00e1nak. Ebben a kateg\u00f3ri\u00e1ban a c\u00e9geknek csak az 5 sz\u00e1zal\u00e9ka tervez elbocs\u00e1t\u00e1st. Az ingatlanpiaci c\u00e9gekn\u00e9l az ar\u00e1ny 2 sz\u00e1zal\u00e9k, az \u00e9p\u00edt\u0151iparban 3 sz\u00e1zal\u00e9k, a vegyiparban 5 sz\u00e1zal\u00e9k, a gy\u00f3gyszeriparban pedig z\u00e9r\u00f3.<br \/>\nElt\u00e9r\u00e9sek tapasztalhat\u00f3ak az elbocs\u00e1t\u00e1si sz\u00e1nd\u00e9k ar\u00e1ny\u00e1ban az egyes r\u00e9gi\u00f3k k\u00f6z\u00f6tt is. Baden-W\u00fcrttemberg tartom\u00e1nyban a c\u00e9gek 22 sz\u00e1zal\u00e9ka, Bajororosz\u00e1gban 20 sz\u00e1zal\u00e9ka tervez elbocs\u00e1t\u00e1sokat. Rajna-vid\u00e9k-Pfalz \u00e9s Saar-vid\u00e9k tartom\u00e1nyokban pedig 11 sz\u00e1zal\u00e9ka. A sz\u00f6vets\u00e9gi \u00e1tlag 18 sz\u00e1zal\u00e9k.<br \/>\n<a title=\"Hely megnyit\u00e1sa\" href=\"https:\/\/www.ifo.de\/node\/55227\" target=\"_blank\" rel=\"noopener noreferrer\">https:\/\/www.ifo.de\/node\/55227<\/a><\/p>\n<p>&nbsp;<br \/>\n(MTI)<\/p><div id=\"gazda-4214792667\" class=\"gazda-tartalomban gazda-entity-placement\"><script async src=\"https:\/\/pagead2.googlesyndication.com\/pagead\/js\/adsbygoogle.js\"><\/script>\r\n<ins class=\"adsbygoogle\"\r\n     style=\"display:block\"\r\n     data-ad-format=\"fluid\"\r\n     data-ad-layout-key=\"-6t+ed+2i-1n-4w\"\r\n     data-ad-client=\"ca-pub-1959107119989764\"\r\n     data-ad-slot=\"4008251320\"><\/ins>\r\n<script>\r\n     (adsbygoogle = window.adsbygoogle || []).push({});\r\n<\/script><\/div>\n","protected":false},"excerpt":{"rendered":"<p>Le\u00e9p\u00edt\u00e9sekre k\u00e9sz\u00fclnek sz\u00e1mos n\u00e9metorsz\u00e1gi gazdas\u00e1gi \u00e1gazatban a m\u00fcncheni egyetem ifo gazdas\u00e1gkutat\u00f3 int\u00e9zet\u00e9nek felm\u00e9r\u00e9se szerint.<\/p>\n","protected":false},"author":1001006,"featured_media":0,"comment_status":"closed","ping_status":"open","sticky":false,"template":"","format":"standard","meta":[],"categories":[12,246],"tags":[],"_links":{"self":[{"href":"https:\/\/gazdasagportal.hu\/index.php\/wp-json\/wp\/v2\/posts\/126288"}],"collection":[{"href":"https:\/\/gazdasagportal.hu\/index.php\/wp-json\/wp\/v2\/posts"}],"about":[{"href":"https:\/\/gazdasagportal.hu\/index.php\/wp-json\/wp\/v2\/types\/post"}],"author":[{"embeddable":true,"href":"https:\/\/gazdasagportal.hu\/index.php\/wp-json\/wp\/v2\/users\/1001006"}],"replies":[{"embeddable":true,"href":"https:\/\/gazdasagportal.hu\/index.php\/wp-json\/wp\/v2\/comments?post=126288"}],"version-history":[{"count":1,"href":"https:\/\/gazdasagportal.hu\/index.php\/wp-json\/wp\/v2\/posts\/126288\/revisions"}],"predecessor-version":[{"id":126289,"href":"https:\/\/gazdasagportal.hu\/index.php\/wp-json\/wp\/v2\/posts\/126288\/revisions\/126289"}],"wp:attachment":[{"href":"https:\/\/gazdasagportal.hu\/index.php\/wp-json\/wp\/v2\/media?parent=126288"}],"wp:term":[{"taxonomy":"category","embeddable":true,"href":"https:\/\/gazdasagportal.hu\/index.php\/wp-json\/wp\/v2\/categories?post=126288"},{"taxonomy":"post_tag","embeddable":true,"href":"https:\/\/gazdasagportal.hu\/index.php\/wp-json\/wp\/v2\/tags?post=126288"}],"curies":[{"name":"wp","href":"https:\/\/api.w.org\/{rel}","templated":true}]}}