{"id":126282,"date":"2020-05-11T07:23:26","date_gmt":"2020-05-11T05:23:26","guid":{"rendered":"http:\/\/gazdasagportal.hu\/?p=126282"},"modified":"2020-05-11T07:23:26","modified_gmt":"2020-05-11T05:23:26","slug":"meghalt-nyolc-beteg-de-mar-csak-21-el-nott-a-fertozottek-szama-magyarorszagon","status":"publish","type":"post","link":"https:\/\/gazdasagportal.hu\/index.php\/meghalt-nyolc-beteg-de-mar-csak-21-el-nott-a-fertozottek-szama-magyarorszagon\/","title":{"rendered":"Meghalt nyolc beteg, de m\u00e1r csak 21-el n\u0151tt a fert\u0151z\u00f6ttek sz\u00e1ma Magyarorsz\u00e1gon"},"content":{"rendered":"<p><strong>Meghalt nyolc kr\u00f3nikus beteg, \u00e9s 21-gyel, 3284-re emelkedett az azonos\u00edtott koronav\u00edrus-fert\u0151z\u00f6ttek sz\u00e1ma Magyarorsz\u00e1gon &#8211; k\u00f6z\u00f6lte a <a href=\"https:\/\/koronavirus.gov.hu\/\" target=\"_blank\" rel=\"noopener noreferrer\">koronavirus.gov.hu<\/a> h\u00e9tf\u0151 reggel.<\/strong><!--more--><\/p>\n<div class=\"ads-in-post1\"><div id=\"gazdasagportal.hu_fullbanner_wideboard\"><\/div>\r\n<\/div>\n<p>A korm\u00e1nyzati port\u00e1lon azt \u00edrt\u00e1k: \u00fajabb magyar \u00e1llampolg\u00e1rokn\u00e1l mutatt\u00e1k ki az \u00faj t\u00edpus\u00fa koronav\u00edrus-fert\u0151z\u00e9st. Az elhunytak sz\u00e1ma 421-re emelkedett. 958-an m\u00e1r gy\u00f3gyultan t\u00e1voztak a k\u00f3rh\u00e1zb\u00f3l.<br \/>\nAz akt\u00edv fert\u0151z\u00f6ttek sz\u00e1ma 1905. Az akt\u00edv fert\u0151z\u00f6ttek 61 sz\u00e1zal\u00e9ka, az elhunytak 79 sz\u00e1zal\u00e9ka, a gy\u00f3gyultak 56 sz\u00e1zal\u00e9ka budapesti vagy Pest megyei.<br \/>\nJelenleg 782 koronav\u00edrusos beteget \u00e1polnak k\u00f3rh\u00e1zban \u00e9s 42-en vannak l\u00e9legeztet\u0151g\u00e9pen.<br \/>\nAz oldal adatai szerint 10 955-an vannak hat\u00f3s\u00e1gi h\u00e1zi karant\u00e9nban.<br \/>\nAz eddig elv\u00e9gzett mintav\u00e9telek sz\u00e1ma 112 165.<br \/>\n<div class=\"ads-in-post2\"><script async src=\"https:\/\/pagead2.googlesyndication.com\/pagead\/js\/adsbygoogle.js\"><\/script>\r\n<ins class=\"adsbygoogle\"\r\n     style=\"display:block\"\r\n     data-ad-format=\"fluid\"\r\n     data-ad-layout-key=\"-6t+ed+2i-1n-4w\"\r\n     data-ad-client=\"ca-pub-1959107119989764\"\r\n     data-ad-slot=\"4008251320\"><\/ins>\r\n<script>\r\n     (adsbygoogle = window.adsbygoogle || []).push({});\r\n<\/script><\/div>\nKiemelt\u00e9k: megkezd\u0151d\u00f6tt a v\u00e9dekez\u00e9s m\u00e1sodik szakasza. Ez nem a j\u00e1rv\u00e1ny v\u00e9g\u00e9t jelenti, hiszen a v\u00edrus tov\u00e1bbra is terjed. Az a c\u00e9l, hogy fokozatosan, szigor\u00fa menetrend szerint \u00fajraind\u00edts\u00e1k az \u00e9letet \u00e9s tov\u00e1bbra is elker\u00fclj\u00fck a j\u00e1rv\u00e1ny &#8222;berobban\u00e1s\u00e1t&#8221;. Ez\u00e9rt Budapesten \u00e9s Pest megy\u00e9ben megmaradt a kij\u00e1r\u00e1si korl\u00e1toz\u00e1s, vid\u00e9ken viszont \u00faj szab\u00e1lyok l\u00e9ptek \u00e9letbe. Az eg\u00e9sz orsz\u00e1gban tov\u00e1bbra is fontos a 1,5 m\u00e9teres v\u00e9d\u0151t\u00e1vols\u00e1g tart\u00e1sa, \u00e9s az arc eltakar\u00e1sa a boltokban \u00e9s t\u00f6megk\u00f6zleked\u00e9si eszk\u00f6z\u00f6k\u00f6n.<br \/>\nAz id\u0151seket tov\u00e1bbra is arra k\u00e9rik, hogy csak kell\u0151 k\u00f6r\u00fcltekint\u00e9ssel hagyj\u00e1k el otthonukat, \u00e9s az \u00e9lelmiszerboltokat, patik\u00e1kat, drog\u00e9ri\u00e1kat a nekik kijel\u00f6lt id\u0151s\u00e1vban, 9 \u00e9s 12 \u00f3ra l\u00e1togass\u00e1k &#8211; tett\u00e9k hozz\u00e1.<br \/>\n<div class=\"ads-in-post2\"><script async src=\"https:\/\/pagead2.googlesyndication.com\/pagead\/js\/adsbygoogle.js\"><\/script>\r\n<ins class=\"adsbygoogle\"\r\n     style=\"display:block\"\r\n     data-ad-format=\"fluid\"\r\n     data-ad-layout-key=\"-6t+ed+2i-1n-4w\"\r\n     data-ad-client=\"ca-pub-1959107119989764\"\r\n     data-ad-slot=\"4008251320\"><\/ins>\r\n<script>\r\n     (adsbygoogle = window.adsbygoogle || []).push({});\r\n<\/script><\/div>\nAz oldal t\u00e9rk\u00e9pe alapj\u00e1n tov\u00e1bbra is Budapesten (1587 ember) \u00e9s Pest megy\u00e9ben (438) van a legt\u00f6bb fert\u0151z\u00f6tt. Ezt k\u00f6veti Fej\u00e9r megye (333), Kom\u00e1rom-Esztergom (173), Zala (170) \u00e9s Csongr\u00e1d megye (107). Vas megy\u00e9ben (14) van a legkevesebb fert\u0151z\u00f6tt Magyarorsz\u00e1gon.(MTI)<\/p>\n","protected":false},"excerpt":{"rendered":"<p>Meghalt nyolc kr\u00f3nikus beteg, \u00e9s 21-gyel, 3284-re emelkedett az azonos\u00edtott koronav\u00edrus-fert\u0151z\u00f6ttek sz\u00e1ma Magyarorsz\u00e1gon &#8211; k\u00f6z\u00f6lte a koronavirus.gov.hu h\u00e9tf\u0151 reggel.<\/p>\n","protected":false},"author":1001006,"featured_media":125371,"comment_status":"closed","ping_status":"open","sticky":false,"template":"","format":"standard","meta":[],"categories":[146,4,427],"tags":[428],"_links":{"self":[{"href":"https:\/\/gazdasagportal.hu\/index.php\/wp-json\/wp\/v2\/posts\/126282"}],"collection":[{"href":"https:\/\/gazdasagportal.hu\/index.php\/wp-json\/wp\/v2\/posts"}],"about":[{"href":"https:\/\/gazdasagportal.hu\/index.php\/wp-json\/wp\/v2\/types\/post"}],"author":[{"embeddable":true,"href":"https:\/\/gazdasagportal.hu\/index.php\/wp-json\/wp\/v2\/users\/1001006"}],"replies":[{"embeddable":true,"href":"https:\/\/gazdasagportal.hu\/index.php\/wp-json\/wp\/v2\/comments?post=126282"}],"version-history":[{"count":1,"href":"https:\/\/gazdasagportal.hu\/index.php\/wp-json\/wp\/v2\/posts\/126282\/revisions"}],"predecessor-version":[{"id":126283,"href":"https:\/\/gazdasagportal.hu\/index.php\/wp-json\/wp\/v2\/posts\/126282\/revisions\/126283"}],"wp:featuredmedia":[{"embeddable":true,"href":"https:\/\/gazdasagportal.hu\/index.php\/wp-json\/wp\/v2\/media\/125371"}],"wp:attachment":[{"href":"https:\/\/gazdasagportal.hu\/index.php\/wp-json\/wp\/v2\/media?parent=126282"}],"wp:term":[{"taxonomy":"category","embeddable":true,"href":"https:\/\/gazdasagportal.hu\/index.php\/wp-json\/wp\/v2\/categories?post=126282"},{"taxonomy":"post_tag","embeddable":true,"href":"https:\/\/gazdasagportal.hu\/index.php\/wp-json\/wp\/v2\/tags?post=126282"}],"curies":[{"name":"wp","href":"https:\/\/api.w.org\/{rel}","templated":true}]}}