{"id":126274,"date":"2020-05-10T10:11:10","date_gmt":"2020-05-10T08:11:10","guid":{"rendered":"http:\/\/gazdasagportal.hu\/?p=126274"},"modified":"2020-05-10T10:11:10","modified_gmt":"2020-05-10T08:11:10","slug":"koronavirus-karantenban-van-a-jarvany-elleni-kuzdelem-harom-amerikai-vezeto-szemelyisege","status":"publish","type":"post","link":"https:\/\/gazdasagportal.hu\/index.php\/koronavirus-karantenban-van-a-jarvany-elleni-kuzdelem-harom-amerikai-vezeto-szemelyisege\/","title":{"rendered":"Koronav\u00edrus &#8211; Karant\u00e9nban van a j\u00e1rv\u00e1ny elleni k\u00fczdelem h\u00e1rom amerikai vezet\u0151 szem\u00e9lyis\u00e9ge"},"content":{"rendered":"<p><strong>Karant\u00e9nba vonult szombaton a koronav\u00edrus-j\u00e1rv\u00e1ny elleni k\u00fczdelem h\u00e1rom amerikai vezet\u0151 szem\u00e9lyis\u00e9ge: Anthony Fauci, az allergol\u00f3giai \u00e9s fert\u0151z\u0151 betegs\u00e9gekkel foglalkoz\u00f3 orsz\u00e1gos int\u00e9zet (NIAID) vezet\u0151je, Robert Redfield, a j\u00e1rv\u00e1ny\u00fcgyi \u00e9s betegs\u00e9gmegel\u0151z\u00e9si k\u00f6zpont (CDC) igazgat\u00f3ja \u00e9s Stephen Hahn, az \u00e9lelmiszer- \u00e9s gy\u00f3gyszerfel\u00fcgyelet (FDA) vezet\u0151je.<\/strong><!--more--><\/p>\n<div class=\"ads-in-post1\"><div id=\"gazdasagportal.hu_fullbanner_wideboard\"><\/div>\r\n<\/div>\n<p>    Egyik eg\u00e9szs\u00e9g\u00fcgyi szakember sem k\u00edv\u00e1nt nyilatkozni, de amerikai sajt\u00f3\u00e9rtes\u00fcl\u00e9sek szerint valamennyien kapcsolatban voltak az amerikai aleln\u00f6k, Mike Pence sajt\u00f3f\u0151n\u00f6k\u00e9vel \u00e9s sz\u00f3viv\u0151j\u00e9vel, Katie Millerrel, akin\u00e9l p\u00e9nteken \u00e1llap\u00edtott\u00e1k meg a v\u00edrusfert\u0151z\u00e9st.<br \/>\n    Fauci 79 \u00e9ves, Redfield a 69-ik \u00e9v\u00e9ben j\u00e1r, Hahn pedig bet\u00f6lt\u00f6tte a 60-at, teh\u00e1t mindh\u00e1rman a vesz\u00e9lyeztetett koroszt\u00e1lyba tartoznak.<br \/>\n    A The Washington Post c\u00edm\u0171 napilap szombat este az internetes oldal\u00e1n Feh\u00e9r H\u00e1zb\u00f3l sz\u00e1rmaz\u00f3 forr\u00e1sokra hivatkozva k\u00f6z\u00f6lte, hogy a k\u00f6vetkez\u0151 k\u00e9t h\u00e9t alatt mindh\u00e1rom szakember csakis t\u00e1vmunk\u00e1ban dolgozik. Az FDA sz\u00f3viv\u0151je, Michael Felberbaum szombat este k\u00f6zlem\u00e9nyben tudatta: Stephen Hahn szombaton v\u00edrusteszten esett \u00e1t, az eredm\u00e9ny negat\u00edv lett.<br \/>\n<div class=\"ads-in-post2\"><script async src=\"https:\/\/pagead2.googlesyndication.com\/pagead\/js\/adsbygoogle.js\"><\/script>\r\n<ins class=\"adsbygoogle\"\r\n     style=\"display:block\"\r\n     data-ad-format=\"fluid\"\r\n     data-ad-layout-key=\"-6t+ed+2i-1n-4w\"\r\n     data-ad-client=\"ca-pub-1959107119989764\"\r\n     data-ad-slot=\"4008251320\"><\/ins>\r\n<script>\r\n     (adsbygoogle = window.adsbygoogle || []).push({});\r\n<\/script><\/div>\n   Szombaton kider\u00fclt az is, hogy v\u00edrusfert\u0151z\u00e9st diagnosztiz\u00e1ltak Ivanka Trump, az eln\u00f6k l\u00e1nya \u00e9s tan\u00e1csad\u00f3ja egyik munkat\u00e1rs\u00e1n\u00e1l is.     A Feh\u00e9r H\u00e1zban speci\u00e1lis int\u00e9zked\u00e9seket hoztak az \u00faj t\u00edpus\u00fa koronav\u00edrus esetleges terjed\u00e9s\u00e9nek megakad\u00e1lyoz\u00e1s\u00e1ra. A munkat\u00e1rsakat arra k\u00e9rt\u00e9k, hogy &#8211; amennyire tehetik &#8211; otthonr\u00f3l dolgozzanak, minden utaz\u00e1st jelentsenek, \u00e9s \u00e9beren figyeljenek a k\u00f6rnyezet\u00fckben is a v\u00edrusfert\u0151z\u00e9s t\u00fcneteire. Az \u00e9p\u00fcletkomplexumba bel\u00e9p\u0151kn\u00e9l m\u00e1r a h\u00e9t elej\u00e9n k\u00f6telez\u0151en bevezett\u00e9k a testh\u0151m\u00e9rs\u00e9klet m\u00e9r\u00e9s\u00e9t. A Feh\u00e9r H\u00e1znak azokat a r\u00e9szeit, ahol a legt\u00f6bben dolgoznak, rendszeresen fert\u0151tlen\u00edteni fogj\u00e1k.<br \/>\n<div class=\"ads-in-post2\"><script async src=\"https:\/\/pagead2.googlesyndication.com\/pagead\/js\/adsbygoogle.js\"><\/script>\r\n<ins class=\"adsbygoogle\"\r\n     style=\"display:block\"\r\n     data-ad-format=\"fluid\"\r\n     data-ad-layout-key=\"-6t+ed+2i-1n-4w\"\r\n     data-ad-client=\"ca-pub-1959107119989764\"\r\n     data-ad-slot=\"4008251320\"><\/ins>\r\n<script>\r\n     (adsbygoogle = window.adsbygoogle || []).push({});\r\n<\/script><\/div>\n    A Baltimore v\u00e1ros\u00e1ban l\u00e9v\u0151 Johns Hopkins egyetem \u00e9s k\u00f3rh\u00e1z szombat esti adatai szerint az Egyes\u00fclt \u00c1llamokban p\u00e9ntek est\u00e9t\u0151l szombat est\u00e9ig, egyetlen nap alatt 1568 beteg hunyt el a v\u00edrusfert\u0151z\u00e9s k\u00f6vetkezt\u00e9ben. A j\u00e1rv\u00e1nynak imm\u00e1r t\u00f6bb mint 78 ezer hal\u00e1los \u00e1ldozata van az orsz\u00e1gban, \u00e9s 1 milli\u00f3 300 ezern\u00e9l t\u00f6bb amerikain\u00e1l diagnosztiz\u00e1lt\u00e1k a fert\u0151z\u00e9st.(MTI)<\/p>\n","protected":false},"excerpt":{"rendered":"<p>Karant\u00e9nba vonult szombaton a koronav\u00edrus-j\u00e1rv\u00e1ny elleni k\u00fczdelem h\u00e1rom amerikai vezet\u0151 szem\u00e9lyis\u00e9ge: Anthony Fauci, az allergol\u00f3giai \u00e9s fert\u0151z\u0151 betegs\u00e9gekkel foglalkoz\u00f3 orsz\u00e1gos int\u00e9zet (NIAID) vezet\u0151je, Robert Redfield, a j\u00e1rv\u00e1ny\u00fcgyi \u00e9s betegs\u00e9gmegel\u0151z\u00e9si k\u00f6zpont (CDC) igazgat\u00f3ja \u00e9s Stephen Hahn, az \u00e9lelmiszer- \u00e9s gy\u00f3gyszerfel\u00fcgyelet (FDA) vezet\u0151je.<\/p>\n","protected":false},"author":1001006,"featured_media":0,"comment_status":"closed","ping_status":"open","sticky":false,"template":"","format":"standard","meta":[],"categories":[13,427],"tags":[428],"_links":{"self":[{"href":"https:\/\/gazdasagportal.hu\/index.php\/wp-json\/wp\/v2\/posts\/126274"}],"collection":[{"href":"https:\/\/gazdasagportal.hu\/index.php\/wp-json\/wp\/v2\/posts"}],"about":[{"href":"https:\/\/gazdasagportal.hu\/index.php\/wp-json\/wp\/v2\/types\/post"}],"author":[{"embeddable":true,"href":"https:\/\/gazdasagportal.hu\/index.php\/wp-json\/wp\/v2\/users\/1001006"}],"replies":[{"embeddable":true,"href":"https:\/\/gazdasagportal.hu\/index.php\/wp-json\/wp\/v2\/comments?post=126274"}],"version-history":[{"count":1,"href":"https:\/\/gazdasagportal.hu\/index.php\/wp-json\/wp\/v2\/posts\/126274\/revisions"}],"predecessor-version":[{"id":126275,"href":"https:\/\/gazdasagportal.hu\/index.php\/wp-json\/wp\/v2\/posts\/126274\/revisions\/126275"}],"wp:attachment":[{"href":"https:\/\/gazdasagportal.hu\/index.php\/wp-json\/wp\/v2\/media?parent=126274"}],"wp:term":[{"taxonomy":"category","embeddable":true,"href":"https:\/\/gazdasagportal.hu\/index.php\/wp-json\/wp\/v2\/categories?post=126274"},{"taxonomy":"post_tag","embeddable":true,"href":"https:\/\/gazdasagportal.hu\/index.php\/wp-json\/wp\/v2\/tags?post=126274"}],"curies":[{"name":"wp","href":"https:\/\/api.w.org\/{rel}","templated":true}]}}