{"id":126272,"date":"2020-05-09T23:55:21","date_gmt":"2020-05-09T21:55:21","guid":{"rendered":"http:\/\/gazdasagportal.hu\/?p=126272"},"modified":"2020-05-09T22:56:41","modified_gmt":"2020-05-09T20:56:41","slug":"fokozatosan-ujranyitja-kapuit-az-orszag","status":"publish","type":"post","link":"https:\/\/gazdasagportal.hu\/index.php\/fokozatosan-ujranyitja-kapuit-az-orszag\/","title":{"rendered":"Fokozatosan \u00fajranyitja kapuit az orsz\u00e1g"},"content":{"rendered":"<p style=\"font-weight: 400;\"><strong>Lassan visszat\u00e9rni l\u00e1tszik az \u00e9let, enyh\u00edt\u00e9sek tapasztalhat\u00f3k a v\u00edrus miatt bevezetett korl\u00e1toz\u00f3 int\u00e9zked\u00e9sekben \u00e9s szab\u00e1lyokban, a korm\u00e1ny fokozatosan megnyitja hat\u00e1rait a k\u00fclf\u00f6ldiek el\u0151tt is.<\/strong><\/p>\n<p><!--more--><\/p>\n<div class=\"ads-in-post1\"><div id=\"gazdasagportal.hu_fullbanner_wideboard\"><\/div>\r\n<\/div>\n<p style=\"font-weight: 400;\"><strong>\u00a0<\/strong><\/p>\n<p style=\"font-weight: 400;\">M\u00e1just\u00f3l meghat\u00e1rozott felt\u00e9telek mellett a szem\u00e9lyforgalomban szigor\u00faan \u00fczleti c\u00e9lb\u00f3l korl\u00e1toz\u00e1s n\u00e9lk\u00fcl bel\u00e9phetnek az orsz\u00e1gba bizonyos orsz\u00e1gok \u00e1llampolg\u00e1rai. Ezzel p\u00e1rhuzamosan m\u00e1jus folyam\u00e1n a k\u00fclf\u00f6ld\u00f6n m\u0171k\u00f6d\u0151 magyar konzul\u00e1tusok is megnyitj\u00e1k kapuikat \u00e9s teszik ism\u00e9t el\u00e9rhet\u0151v\u00e9 egyre t\u00f6bb szolg\u00e1ltat\u00e1sukat.<\/p>\n<p style=\"font-weight: 400;\">Kieg\u00e9sz\u00fclt azoknak a k\u00fclf\u00f6ldi \u00e1llampolg\u00e1roknak a k\u00f6re, akik sz\u00e1m\u00e1ra enged\u00e9lyezett az orsz\u00e1gba l\u00e9p\u00e9s. Eddig az Eur\u00f3pai Gazdas\u00e1gi T\u00e9rs\u00e9g (EGT) azon tag\u00e1llamainak \u00e1llampolg\u00e1rai utazhattak be haz\u00e1nkba, akik Magyarorsz\u00e1gon \u00e1lland\u00f3 tart\u00f3zkod\u00e1si jogosults\u00e1ggal \u00e9s \u00e1lland\u00f3 tart\u00f3zkod\u00e1si k\u00e1rty\u00e1val rendelkeznek.<\/p><div id=\"gazda-152027176\" class=\"gazda-tartalomban gazda-entity-placement\"><script async src=\"https:\/\/pagead2.googlesyndication.com\/pagead\/js\/adsbygoogle.js\"><\/script>\r\n<ins class=\"adsbygoogle\"\r\n     style=\"display:block\"\r\n     data-ad-format=\"fluid\"\r\n     data-ad-layout-key=\"-6t+ed+2i-1n-4w\"\r\n     data-ad-client=\"ca-pub-1959107119989764\"\r\n     data-ad-slot=\"4008251320\"><\/ins>\r\n<script>\r\n     (adsbygoogle = window.adsbygoogle || []).push({});\r\n<\/script><\/div>\n<p style=\"font-weight: 400;\">\n<div class=\"ads-in-post2\"><script async src=\"https:\/\/pagead2.googlesyndication.com\/pagead\/js\/adsbygoogle.js\"><\/script>\r\n<ins class=\"adsbygoogle\"\r\n     style=\"display:block\"\r\n     data-ad-format=\"fluid\"\r\n     data-ad-layout-key=\"-6t+ed+2i-1n-4w\"\r\n     data-ad-client=\"ca-pub-1959107119989764\"\r\n     data-ad-slot=\"4008251320\"><\/ins>\r\n<script>\r\n     (adsbygoogle = window.adsbygoogle || []).push({});\r\n<\/script><\/div>\n<p style=\"font-weight: 400;\">\u201eRajtuk k\u00edv\u00fcl mostant\u00f3l Csehorsz\u00e1g, Lengyelorsz\u00e1g, a Koreai K\u00f6zt\u00e1rsas\u00e1g, N\u00e9metorsz\u00e1g, Ausztria \u00e9s Szlov\u00e1kia \u00e1llampolg\u00e1rai, ezen orsz\u00e1gok ter\u00fclet\u00e9r\u0151l bel\u00e9phetnek Magyarorsz\u00e1gra kapcsolt v\u00e1llalkoz\u00e1sok k\u00f6z\u00f6tti \u00fczleti c\u00e9l\u00fa utaz\u00e1s eset\u00e9n\u201d \u2013 mondta Baranyi G\u00e1bor, a Deloitte ad\u00f3oszt\u00e1ly\u00e1nak igazgat\u00f3ja.<\/p>\n<p style=\"font-weight: 400;\">\n<p style=\"font-weight: 400;\">Minden m\u00e1s esetben tov\u00e1bbra is fenn\u00e1ll az egy\u00e9ni elb\u00edr\u00e1l\u00e1s alapj\u00e1t k\u00e9pez\u0151 m\u00e9lt\u00e1nyoss\u00e1gi k\u00e9relem beny\u00fajt\u00e1s\u00e1nak lehet\u0151s\u00e9ge.<\/p>\n<p style=\"font-weight: 400;\">\n<p style=\"font-weight: 400;\">Magyarorsz\u00e1g k\u00fclk\u00e9pviseletein is hamarosan \u00fajra el\u00e9rhet\u0151 lesz sz\u00e1mos, kor\u00e1bban felf\u00fcggesztett szolg\u00e1ltat\u00e1s. A konzul\u00e1tusokon int\u00e9zhet\u0151 \u00fcgyek v\u00e1rhat\u00f3an m\u00e1jus 11-t\u0151l lesznek \u00fajb\u00f3l ig\u00e9nybe vehet\u0151ek az adott orsz\u00e1g j\u00e1rv\u00e1ny\u00fcgyi helyzet\u00e9t\u0151l f\u00fcgg\u0151en. A r\u00e9szletekr\u0151l a konzul\u00e1tusok honlapj\u00e1n lehet \u00e9rdekl\u0151dni.<\/p>\n<div class=\"ads-in-post2\"><script async src=\"https:\/\/pagead2.googlesyndication.com\/pagead\/js\/adsbygoogle.js\"><\/script>\r\n<ins class=\"adsbygoogle\"\r\n     style=\"display:block\"\r\n     data-ad-format=\"fluid\"\r\n     data-ad-layout-key=\"-6t+ed+2i-1n-4w\"\r\n     data-ad-client=\"ca-pub-1959107119989764\"\r\n     data-ad-slot=\"4008251320\"><\/ins>\r\n<script>\r\n     (adsbygoogle = window.adsbygoogle || []).push({});\r\n<\/script><\/div>\n<p style=\"font-weight: 400;\">\n<p style=\"font-weight: 400;\">\n<p><strong>A Deloitte-r\u00f3l<\/strong><\/p>\n<p style=\"font-weight: 400;\">A Deloitte sz\u00e1mos ipar\u00e1gban ny\u00fajt k\u00f6nyvvizsg\u00e1lati, valamint ad\u00f3- \u00e9s egy\u00e9b tan\u00e1csad\u00e1si, tov\u00e1bb\u00e1 jogi szolg\u00e1ltat\u00e1sokat (\u00fcgyfeleinknek egy\u00fcttm\u0171k\u00f6d\u0151 \u00fcgyv\u00e9di irod\u00e1nk, a Deloitte Legal G\u00f6nd\u00f6cz \u00e9s T\u00e1rsai \u00dcgyv\u00e9di Iroda ny\u00fajtja a jogi tan\u00e1csad\u00e1si szolg\u00e1ltat\u00e1sokat) \u00e1llami \u00e9s mag\u00e1nc\u00e9gek r\u00e9sz\u00e9re egyar\u00e1nt. T\u00f6bb mint 150 orsz\u00e1gban jelen l\u00e9v\u0151 h\u00e1l\u00f3zat\u00e1n kereszt\u00fcl a Deloitte vil\u00e1gsz\u00ednvonal\u00fa szak\u00e9rtelm\u00e9vel \u00e9s min\u0151s\u00e9gi szolg\u00e1ltat\u00e1saival seg\u00edti \u00fcgyfeleit abban, hogy megfeleljenek az el\u0151tt\u00fck \u00e1ll\u00f3 \u00fczleti kih\u00edv\u00e1soknak. A Deloitte mintegy 312 000 szak\u00e9rt\u0151je egyt\u0151l egyig arra t\u00f6rekszik, hogy a kiv\u00e1l\u00f3s\u00e1g m\u00e9rc\u00e9j\u00e9v\u00e9 v\u00e1ljon.<\/p>\n<p style=\"font-weight: 400;\">A Deloitte n\u00e9v az Egyes\u00fclt Kir\u00e1lys\u00e1gban \u201ccompany limited by guarantee\u201d form\u00e1ban alap\u00edtott Deloitte Touche Tohmatsu Limited t\u00e1rsas\u00e1gra \u00e9s tagv\u00e1llalatainak h\u00e1l\u00f3zat\u00e1ra utal, melyek mindegyike \u00f6n\u00e1ll\u00f3, egym\u00e1st\u00f3l elk\u00fcl\u00f6n\u00fcl\u0151 jogi szem\u00e9ly. A Deloitte Touche Tohmatsu Limited \u00e9s tagv\u00e1llalatai jogi strukt\u00far\u00e1j\u00e1nak r\u00e9szletes bemutat\u00e1s\u00e1t a k\u00f6vetkez\u0151 link alatt tal\u00e1lja:\u00a0<a href=\"http:\/\/www.deloitte.com\/hu\/magunkrol\" data-saferedirecturl=\"https:\/\/www.google.com\/url?q=http:\/\/www.deloitte.com\/hu\/magunkrol&amp;source=gmail&amp;ust=1589132585342000&amp;usg=AFQjCNEH_WIIMVRA8pP1tLXaHV1cDYU7fg\" target=\"_blank\" rel=\"noopener\">www.deloitte.com\/hu\/magunkrol<\/a>.<\/p>\n","protected":false},"excerpt":{"rendered":"<p>Lassan visszat\u00e9rni l\u00e1tszik az \u00e9let, enyh\u00edt\u00e9sek tapasztalhat\u00f3k a v\u00edrus miatt bevezetett korl\u00e1toz\u00f3 int\u00e9zked\u00e9sekben \u00e9s szab\u00e1lyokban, a korm\u00e1ny fokozatosan megnyitja hat\u00e1rait a k\u00fclf\u00f6ldiek el\u0151tt is.<\/p>\n","protected":false},"author":1001006,"featured_media":0,"comment_status":"closed","ping_status":"open","sticky":false,"template":"","format":"standard","meta":[],"categories":[4,19],"tags":[],"_links":{"self":[{"href":"https:\/\/gazdasagportal.hu\/index.php\/wp-json\/wp\/v2\/posts\/126272"}],"collection":[{"href":"https:\/\/gazdasagportal.hu\/index.php\/wp-json\/wp\/v2\/posts"}],"about":[{"href":"https:\/\/gazdasagportal.hu\/index.php\/wp-json\/wp\/v2\/types\/post"}],"author":[{"embeddable":true,"href":"https:\/\/gazdasagportal.hu\/index.php\/wp-json\/wp\/v2\/users\/1001006"}],"replies":[{"embeddable":true,"href":"https:\/\/gazdasagportal.hu\/index.php\/wp-json\/wp\/v2\/comments?post=126272"}],"version-history":[{"count":1,"href":"https:\/\/gazdasagportal.hu\/index.php\/wp-json\/wp\/v2\/posts\/126272\/revisions"}],"predecessor-version":[{"id":126273,"href":"https:\/\/gazdasagportal.hu\/index.php\/wp-json\/wp\/v2\/posts\/126272\/revisions\/126273"}],"wp:attachment":[{"href":"https:\/\/gazdasagportal.hu\/index.php\/wp-json\/wp\/v2\/media?parent=126272"}],"wp:term":[{"taxonomy":"category","embeddable":true,"href":"https:\/\/gazdasagportal.hu\/index.php\/wp-json\/wp\/v2\/categories?post=126272"},{"taxonomy":"post_tag","embeddable":true,"href":"https:\/\/gazdasagportal.hu\/index.php\/wp-json\/wp\/v2\/tags?post=126272"}],"curies":[{"name":"wp","href":"https:\/\/api.w.org\/{rel}","templated":true}]}}