{"id":126243,"date":"2020-05-08T15:13:22","date_gmt":"2020-05-08T13:13:22","guid":{"rendered":"http:\/\/gazdasagportal.hu\/?p=126243"},"modified":"2020-05-08T15:13:23","modified_gmt":"2020-05-08T13:13:23","slug":"zuhant-a-foglalkoztatottsag-az-egyesult-allamokban-aprilisban","status":"publish","type":"post","link":"https:\/\/gazdasagportal.hu\/index.php\/zuhant-a-foglalkoztatottsag-az-egyesult-allamokban-aprilisban\/","title":{"rendered":"Zuhant a foglalkoztatotts\u00e1g az Egyes\u00fclt \u00c1llamokban \u00e1prilisban"},"content":{"rendered":"<p><strong>Er\u0151teljesen cs\u00f6kkent a foglalkoztatottak sz\u00e1ma \u00e1prilisban az Egyes\u00fclt \u00c1llamokban.<\/strong><!--more--><\/p>\n<div class=\"ads-in-post1\"><div id=\"gazdasagportal.hu_fullbanner_wideboard\"><\/div>\r\n<\/div>\n<p>    Az \u00faj koronav\u00edrus \u00e1ltal okozott j\u00e1rv\u00e1ny \u00e9s a megf\u00e9kez\u00e9s\u00e9t c\u00e9lz\u00f3 int\u00e9zked\u00e9sek minden \u00e1tmenet n\u00e9lk\u00fcl vetettek v\u00e9get m\u00e9g m\u00e1rciusban a foglalkoztatotts\u00e1g rekordhossz\u00fa, 113 h\u00f3napig tart\u00f3 n\u00f6veked\u00e9s\u00e9nek, miut\u00e1n sorra \u00e1ll\u00edtott\u00e1k le tev\u00e9kenys\u00e9g\u00fcket a v\u00e1llalatok \u00e9s gy\u00e1rak.<br \/>\n    A washingtoni munka\u00fcgyi miniszt\u00e9rium p\u00e9nteken azt k\u00f6z\u00f6lte, hogy a nem mez\u0151gazdas\u00e1gi \u00e1gazatokban foglalkoztatottak sz\u00e1ma 20 milli\u00f3 500 ezerrel esett vissza \u00e1prilisban. Elemz\u0151k nagyobb, 22 milli\u00f3s zuhan\u00e1sra sz\u00e1m\u00edtottak a m\u00e1rciusban m\u00e9rt 870 ezres cs\u00f6kken\u00e9s ut\u00e1n. Febru\u00e1rban m\u00e9g 275 ezres n\u00f6veked\u00e9st jegyeztek fel.<br \/>\n<div class=\"ads-in-post2\"><script async src=\"https:\/\/pagead2.googlesyndication.com\/pagead\/js\/adsbygoogle.js\"><\/script>\r\n<ins class=\"adsbygoogle\"\r\n     style=\"display:block\"\r\n     data-ad-format=\"fluid\"\r\n     data-ad-layout-key=\"-6t+ed+2i-1n-4w\"\r\n     data-ad-client=\"ca-pub-1959107119989764\"\r\n     data-ad-slot=\"4008251320\"><\/ins>\r\n<script>\r\n     (adsbygoogle = window.adsbygoogle || []).push({});\r\n<\/script><\/div>\n    A munkan\u00e9lk\u00fclis\u00e9gi r\u00e1ta \u00e1prilisban 14,7 sz\u00e1zal\u00e9kra ugrott a m\u00e1rciusi 4,4 sz\u00e1zal\u00e9kr\u00f3l. Febru\u00e1rban m\u00e9g 50 \u00e9ves m\u00e9lyponton, 3,5 sz\u00e1zal\u00e9kon \u00e1llt a munkan\u00e9lk\u00fclis\u00e9g az Egyes\u00fclt \u00c1llamokban. Szak\u00e9rt\u0151k v\u00e1rakoz\u00e1s\u00e1nak az \u00e1tlag\u00e1ban magasabb, 16 sz\u00e1zal\u00e9kos r\u00e1ta szerepelt \u00e1prilisra.<br \/>\n    A munkak\u00e9pes kor\u00fa n\u00e9pess\u00e9gben a gazdas\u00e1gilag akt\u00edv szerepl\u0151k ar\u00e1nya 60,2 sz\u00e1zal\u00e9kra cs\u00f6kkent \u00e1prilisban a m\u00e1rciusi 62,7 sz\u00e1zal\u00e9kr\u00f3l (Febru\u00e1r: 63,4 sz\u00e1zal\u00e9k).<br \/>\n(MTI)<\/p>\n","protected":false},"excerpt":{"rendered":"<p>Er\u0151teljesen cs\u00f6kkent a foglalkoztatottak sz\u00e1ma \u00e1prilisban az Egyes\u00fclt \u00c1llamokban.<\/p>\n","protected":false},"author":1001006,"featured_media":0,"comment_status":"closed","ping_status":"open","sticky":false,"template":"","format":"standard","meta":[],"categories":[246],"tags":[],"_links":{"self":[{"href":"https:\/\/gazdasagportal.hu\/index.php\/wp-json\/wp\/v2\/posts\/126243"}],"collection":[{"href":"https:\/\/gazdasagportal.hu\/index.php\/wp-json\/wp\/v2\/posts"}],"about":[{"href":"https:\/\/gazdasagportal.hu\/index.php\/wp-json\/wp\/v2\/types\/post"}],"author":[{"embeddable":true,"href":"https:\/\/gazdasagportal.hu\/index.php\/wp-json\/wp\/v2\/users\/1001006"}],"replies":[{"embeddable":true,"href":"https:\/\/gazdasagportal.hu\/index.php\/wp-json\/wp\/v2\/comments?post=126243"}],"version-history":[{"count":1,"href":"https:\/\/gazdasagportal.hu\/index.php\/wp-json\/wp\/v2\/posts\/126243\/revisions"}],"predecessor-version":[{"id":126244,"href":"https:\/\/gazdasagportal.hu\/index.php\/wp-json\/wp\/v2\/posts\/126243\/revisions\/126244"}],"wp:attachment":[{"href":"https:\/\/gazdasagportal.hu\/index.php\/wp-json\/wp\/v2\/media?parent=126243"}],"wp:term":[{"taxonomy":"category","embeddable":true,"href":"https:\/\/gazdasagportal.hu\/index.php\/wp-json\/wp\/v2\/categories?post=126243"},{"taxonomy":"post_tag","embeddable":true,"href":"https:\/\/gazdasagportal.hu\/index.php\/wp-json\/wp\/v2\/tags?post=126243"}],"curies":[{"name":"wp","href":"https:\/\/api.w.org\/{rel}","templated":true}]}}