{"id":126206,"date":"2020-05-07T14:53:14","date_gmt":"2020-05-07T12:53:14","guid":{"rendered":"http:\/\/gazdasagportal.hu\/?p=126206"},"modified":"2020-05-07T14:54:23","modified_gmt":"2020-05-07T12:54:23","slug":"trendfordulo-emelkedhet-a-vallalati-behajtasi-ugyek-szama","status":"publish","type":"post","link":"https:\/\/gazdasagportal.hu\/index.php\/trendfordulo-emelkedhet-a-vallalati-behajtasi-ugyek-szama\/","title":{"rendered":"Trendfordul\u00f3: emelkedhet a v\u00e1llalati behajt\u00e1si \u00fcgyek sz\u00e1ma"},"content":{"rendered":"<p><strong>A gazdas\u00e1gi n\u00f6veked\u00e9ssel p\u00e1rhuzamosan folyamatosan cs\u00f6kkent Magyarorsz\u00e1gon a fizet\u00e9sk\u00e9ptelens\u00e9gi elj\u00e1r\u00e1sok sz\u00e1ma az elm\u00falt hat \u00e9vben. A koronav\u00edrus-j\u00e1rv\u00e1ny hat\u00e1s\u00e1ra azonban 2021-ben m\u00e1r minden val\u00f3sz\u00edn\u0171s\u00e9g szerint megfordul a pozit\u00edv trend. M\u00e1r id\u00e9n &#8211; v\u00e1rhat\u00f3an j\u00faniust\u00f3l kezd\u0151d\u0151en &#8211; ak\u00e1r dupl\u00e1z\u00f3dhat is a biztos\u00edt\u00f3hoz be\u00e9rkez\u0151 behajt\u00e1si \u00fcgyek \u00e9s k\u00e1rig\u00e9nyek sz\u00e1ma \u00e9s \u00f6sszege, j\u00f6v\u0151re pedig 13 sz\u00e1zal\u00e9kkal emelkedhet a b\u00edr\u00f3s\u00e1g \u00e1ltal elrendelt felsz\u00e1mol\u00e1si elj\u00e1r\u00e1sok sz\u00e1ma az Euler Hermes hitelbiztos\u00edt\u00f3 el\u0151rejelz\u00e9se szerint.<\/strong><!--more--><\/p>\n<div class=\"ads-in-post1\"><div id=\"gazdasagportal.hu_fullbanner_wideboard\"><\/div>\r\n<\/div>\n<p><strong>\u00a0<\/strong><\/p>\n<p>Az Euler Hermes az orsz\u00e1g vezet\u0151 hitelbiztos\u00edt\u00f3ja a K\u00edn\u00e1ban tapasztaltakat is felhaszn\u00e1lva elemezte a koronav\u00edrus j\u00e1rv\u00e1ny hat\u00e1s\u00e1t a magyarorsz\u00e1gi k\u00e1rig\u00e9nyek sz\u00e1m\u00e1nak, valamint a v\u00e1llalati fizet\u00e9sk\u00e9ptelens\u00e9gek \u00e9s cs\u0151delj\u00e1r\u00e1sok v\u00e1rhat\u00f3 alakul\u00e1s\u00e1ra. Id\u00e9n -3 \u00e9s -7 sz\u00e1zal\u00e9k k\u00f6z\u00f6tti GDP-cs\u00f6kken\u00e9st v\u00e1r a biztos\u00edt\u00f3, vagyis drasztikus visszaes\u00e9sre kell felk\u00e9sz\u00fclni. Ez \u00e9rtelemszer\u0171en negat\u00edvan \u00e9rinti majd a v\u00e1llalatok p\u00e9nz\u00fcgyi helyzet\u00e9t is. Pedig az elm\u00falt hat \u00e9vben folyamatosan cs\u00f6kkent a felsz\u00e1mol\u00e1si- \u00e9s a cs\u0151delj\u00e1r\u00e1sok sz\u00e1ma. M\u00edg 2012-ben, a cs\u00facson \u2013 m\u00e9g a 2008-2009-es p\u00e9nz\u00fcgyi v\u00e1ls\u00e1g ut\u00f3hat\u00e1sak\u00e9nt &#8211; k\u00f6zel 24 ezer felsz\u00e1mol\u00e1si elj\u00e1r\u00e1s indult, addig az esetsz\u00e1m tavaly valamivel t\u00f6bb mint 5 ezerre zuhant vissza. A cs\u0151delj\u00e1r\u00e1sok tekintet\u00e9ben 2010 volt a legrosszabb \u00e9v, akkor 140 elj\u00e1r\u00e1s indult, \u00e1m tavaly ez a sz\u00e1m mind\u00f6ssze 33 volt.<\/p>\n<p>&nbsp;<\/p><div id=\"gazda-652680122\" class=\"gazda-tartalomban gazda-entity-placement\"><script async src=\"https:\/\/pagead2.googlesyndication.com\/pagead\/js\/adsbygoogle.js\"><\/script>\r\n<ins class=\"adsbygoogle\"\r\n     style=\"display:block\"\r\n     data-ad-format=\"fluid\"\r\n     data-ad-layout-key=\"-6t+ed+2i-1n-4w\"\r\n     data-ad-client=\"ca-pub-1959107119989764\"\r\n     data-ad-slot=\"4008251320\"><\/ins>\r\n<script>\r\n     (adsbygoogle = window.adsbygoogle || []).push({});\r\n<\/script><\/div>\n<ol>\n<li><em> \u00e1bra. Felsz\u00e1mol\u00e1si elj\u00e1r\u00e1sok sz\u00e1ma Magyarorsz\u00e1gon, 2004-2020. I. negyed\u00e9v<\/em><\/li>\n<\/ol>\n<p><a href=\"https:\/\/gazdasagportal.hu\/wp-content\/uploads\/2020\/05\/20200507-1.jpg\"><img decoding=\"async\" loading=\"lazy\" class=\"aligncenter size-full wp-image-126207\" src=\"https:\/\/gazdasagportal.hu\/wp-content\/uploads\/2020\/05\/20200507-1.jpg\" alt=\"\" width=\"967\" height=\"394\" srcset=\"https:\/\/gazdasagportal.hu\/wp-content\/uploads\/2020\/05\/20200507-1.jpg 967w, https:\/\/gazdasagportal.hu\/wp-content\/uploads\/2020\/05\/20200507-1-300x122.jpg 300w, https:\/\/gazdasagportal.hu\/wp-content\/uploads\/2020\/05\/20200507-1-768x313.jpg 768w\" sizes=\"(max-width: 967px) 100vw, 967px\" \/><\/a><\/p>\n<p><strong>Gy\u0151rfi Attila, az Euler Hermes k\u00e1r- \u00e9s k\u00f6vetel\u00e9skezel\u00e9si igazgat\u00f3ja<\/strong> arra h\u00edvja fel a figyelmet, hogy a k\u00f6vetkez\u0151 negyed\u00e9vben v\u00e1rhat\u00f3 a trendfordul\u00f3: a v\u00e1llalatok t\u00f6bbs\u00e9g\u00e9nek neh\u00e9z lividit\u00e1si helyzete k\u00f6vetkezt\u00e9ben j\u00fanius k\u00f6rny\u00e9k\u00e9n jelentkezik a k\u00e9sedelmes fizet\u00e9si esetek sz\u00e1m\u00e1nak n\u00f6veked\u00e9se, majd szeptembert\u0151l v\u00e1rhat\u00f3an a hitelez\u0151k mind nagyobb sz\u00e1mban kezdem\u00e9nyeznek felsz\u00e1mol\u00e1si elj\u00e1r\u00e1sokat k\u00f6vetel\u00e9seik megt\u00e9r\u00fcl\u00e9se \u00e9rdek\u00e9ben. Id\u00e9n \u00e1prilis 26-ig mind\u00f6ssze 1473 felsz\u00e1mol\u00e1si elj\u00e1r\u00e1st rendeltek el joger\u0151sen, amely id\u0151ar\u00e1nyosan az el\u0151z\u0151 \u00e9vi alacsony b\u00e1zishoz k\u00e9pest is cs\u00f6kken\u00e9st jelent. Fontos ugyanakkor kiemelni, hogy az elrendelt felsz\u00e1mol\u00e1si elj\u00e1r\u00e1sok sz\u00e1m\u00e1b\u00f3l bizonyos m\u00e9rt\u00e9kben k\u00f6vetkeztethet\u00fcnk ugyan a gazdas\u00e1g \u00e1llapot\u00e1ra, azonban sokkal pontosabb k\u00e9pet kaphatn\u00e1nk abban az esetben, ha lenne orsz\u00e1gos \u00f6sszes\u00edt\u00e9s arr\u00f3l, hogy a felsz\u00e1mol\u00e1si elj\u00e1r\u00e1sokba az adott \u00e9vben milyen \u00f6sszegben jelentettek be hitelez\u0151i ig\u00e9nyeket. Mivel egy biztos\u00edt\u00e9k n\u00e9lk\u00fcli hitelez\u0151i ig\u00e9ny megt\u00e9r\u00fcl\u00e9si es\u00e9lye a felsz\u00e1mol\u00e1sb\u00f3l gyakorlatilag nulla, ez\u00e9rt lehetne kiindul\u00f3 alap a bejelentett hitelez\u0151i ig\u00e9nyek \u00f6sszess\u00e9ge.<\/p>\n<div class=\"ads-in-post2\"><script async src=\"https:\/\/pagead2.googlesyndication.com\/pagead\/js\/adsbygoogle.js\"><\/script>\r\n<ins class=\"adsbygoogle\"\r\n     style=\"display:block\"\r\n     data-ad-format=\"fluid\"\r\n     data-ad-layout-key=\"-6t+ed+2i-1n-4w\"\r\n     data-ad-client=\"ca-pub-1959107119989764\"\r\n     data-ad-slot=\"4008251320\"><\/ins>\r\n<script>\r\n     (adsbygoogle = window.adsbygoogle || []).push({});\r\n<\/script><\/div>\n&nbsp;<\/p>\n<p>Az Euler Hermes szak\u00e9rt\u0151i a harmadik negyed\u00e9vben <strong>80-90 sz\u00e1zal\u00e9kos n\u00f6veked\u00e9st<\/strong> v\u00e1rnak a biztos\u00edt\u00f3hoz bejelentett <strong>k\u00e1rig\u00e9nyek tekintet\u00e9ben<\/strong> a K\u00f6z\u00e9p-Kelet Eur\u00f3pai r\u00e9gi\u00f3ban \u2013 azon bel\u00fcl Magyarorsz\u00e1gon is.<\/p>\n<p>&nbsp;<\/p>\n<ol start=\"2\">\n<li><em> \u00e1bra. B\u00edr\u00f3s\u00e1g \u00e1ltal elrendelt cs\u0151delj\u00e1r\u00e1sok sz\u00e1ma Magyarorsz\u00e1gon, 2004-2020. I. negyed\u00e9v<\/em><\/li>\n<\/ol>\n<p><a href=\"https:\/\/gazdasagportal.hu\/wp-content\/uploads\/2020\/05\/20200507-2.jpg\"><img decoding=\"async\" loading=\"lazy\" class=\"aligncenter size-full wp-image-126208\" src=\"https:\/\/gazdasagportal.hu\/wp-content\/uploads\/2020\/05\/20200507-2.jpg\" alt=\"\" width=\"937\" height=\"364\" srcset=\"https:\/\/gazdasagportal.hu\/wp-content\/uploads\/2020\/05\/20200507-2.jpg 937w, https:\/\/gazdasagportal.hu\/wp-content\/uploads\/2020\/05\/20200507-2-300x117.jpg 300w, https:\/\/gazdasagportal.hu\/wp-content\/uploads\/2020\/05\/20200507-2-768x298.jpg 768w\" sizes=\"(max-width: 937px) 100vw, 937px\" \/><\/a><\/p>\n<p>A 2. \u00e1bra adataib\u00f3l j\u00f3l l\u00e1tszik, hogy Magyarorsz\u00e1gon a <strong>cs\u0151delj\u00e1r\u00e1sok<\/strong> sz\u00e1ma rendk\u00edv\u00fcl alacsony, r\u00e1ad\u00e1sul a nem megfelel\u0151 jogi szab\u00e1lyoz\u00e1s miatt ezek d\u00f6nt\u0151 t\u00f6bbs\u00e9ge, egyezs\u00e9g hi\u00e1ny\u00e1ban \u00e1tfordul felsz\u00e1mol\u00e1si elj\u00e1r\u00e1sba, ahol a hitelez\u0151k k\u00f6vetel\u00e9seik megt\u00e9r\u00fcl\u00e9s\u00e9re m\u00e1r egy\u00e1ltal\u00e1n nem sz\u00e1m\u00edthatnak.<\/p>\n<div class=\"ads-in-post2\"><script async src=\"https:\/\/pagead2.googlesyndication.com\/pagead\/js\/adsbygoogle.js\"><\/script>\r\n<ins class=\"adsbygoogle\"\r\n     style=\"display:block\"\r\n     data-ad-format=\"fluid\"\r\n     data-ad-layout-key=\"-6t+ed+2i-1n-4w\"\r\n     data-ad-client=\"ca-pub-1959107119989764\"\r\n     data-ad-slot=\"4008251320\"><\/ins>\r\n<script>\r\n     (adsbygoogle = window.adsbygoogle || []).push({});\r\n<\/script><\/div>\nGy\u0151rfi Attila szerint az a kor\u00e1bbi progn\u00f3zis, mely szerint 2020-ban n\u0151ni fog a hitelez\u0151k \u00e1ltal kezdem\u00e9nyezett felsz\u00e1mol\u00e1si elj\u00e1r\u00e1sok sz\u00e1ma, nem jelenti egy\u00fattal azt is, hogy m\u00e9g az id\u00e9n v\u00e1rhatjuk az elrendelt felsz\u00e1mol\u00e1si elj\u00e1r\u00e1sok sz\u00e1m\u00e1nak ugr\u00e1sszer\u0171 n\u00f6veked\u00e9s\u00e9t. Ennek a szak\u00e9rt\u0151 szerint t\u00f6bb oka is van. Egyr\u00e9szr\u0151l az eddigi korm\u00e1nyzati int\u00e9zked\u00e9sek val\u00f3s seg\u00edts\u00e9get jelenthetnek a neh\u00e9z helyzetbe ker\u00fcl\u0151 v\u00e1llalkoz\u00e1soknak. P\u00e9ld\u00e1ul az \u00e9v v\u00e9g\u00e9ig tart\u00f3 <strong>hitelfizet\u00e9si morat\u00f3rium<\/strong> a v\u00e1llalkoz\u00e1sok j\u00f3 r\u00e9sz\u00e9nek elegend\u0151 likvidit\u00e1st adhat ahhoz, hogy t\u00fal\u00e9lj\u00e9k az idei \u00e9vet \u00e9s a hitelez\u0151kkel ak\u00e1r felsz\u00e1mol\u00e1si elj\u00e1r\u00e1sban k\u00f6t\u00f6tt egyezs\u00e9g k\u00f6vetkezt\u00e9ben sz\u00fcneteltess\u00e9k az elj\u00e1r\u00e1sokat. M\u00e1sr\u00e9szr\u0151l pontosan az alacsony t\u00e9r\u00fcl\u00e9si sz\u00e1mok miatt a hitelez\u0151k sem \u00e9rdekeltek a felsz\u00e1mol\u00e1si elj\u00e1r\u00e1sok elrendel\u00e9s\u00e9ben, \u00e9s az egy\u00fcttm\u0171k\u00f6d\u0151, legal\u00e1bb r\u00e9szt\u00f6rleszt\u00e9sre hajland\u00f3 ad\u00f3sok a kor\u00e1bbiakn\u00e1l tal\u00e1n t\u00f6bb t\u00fcrelemre sz\u00e1m\u00edthatnak a hitelez\u0151k r\u00e9sz\u00e9r\u0151l. Az is meg\u00e1llap\u00edthat\u00f3, hogy min\u00e9l el\u0151bb indul \u00fajra a gazdas\u00e1g, az eddig meghozott korm\u00e1nyzati int\u00e9zked\u00e9sek ann\u00e1l hat\u00e9konyabbak lehetnek a c\u00e9gek fennmarad\u00e1sa szempontj\u00e1b\u00f3l. Az is biztos azonban, hogy azok a c\u00e9gek, melyek a koronav\u00edrus megjelen\u00e9s\u00e9t megel\u0151z\u0151 id\u0151ben is a fizet\u00e9sk\u00e9ptelens\u00e9g hat\u00e1r\u00e1n mozogtak \u00e9s a v\u00edrus negat\u00edvan hatott a m\u0171k\u00f6d\u00e9s\u00fckre, a legt\u00f6bb seg\u00edts\u00e9g \u00e9s j\u00f3sz\u00e1nd\u00e9k ellen\u00e9re is el fognak t\u0171nni a gazdas\u00e1gb\u00f3l. \u00a0\u00c9rz\u00e9kelhet\u0151 m\u00e9g az is, hogy a <strong>b\u00edr\u00f3s\u00e1gi elj\u00e1r\u00e1sok is tov\u00e1bb lassultak<\/strong> a v\u00edrus terjed\u00e9snek megakad\u00e1lyoz\u00e1s\u00e1ra hozott int\u00e9zked\u00e9sek nyom\u00e1n, de a hitelez\u0151knek jelenleg arra sincs lehet\u0151s\u00e9g\u00fck, hogy az ad\u00f3sokkal k\u00f6t\u00f6tt egyezs\u00e9geiket v\u00e9grajthathat\u00f3 k\u00f6zokiratba foglalj\u00e1k, l\u00e9v\u00e9n, hogy a <strong>k\u00f6zjegyz\u0151i irod\u00e1k sem fogad\u00f3k\u00e9pesek<\/strong> jelenleg \u2013 figyelmeztet Gy\u0151rfi Attila.<\/p>\n<p>&nbsp;<\/p>\n<p>Mivel egyes felsz\u00e1mol\u00e1si elj\u00e1r\u00e1sok eddig is elh\u00faz\u00f3dhattak ak\u00e1r egy \u00e9vig is (a k\u00e9relem beny\u00fajt\u00e1s\u00e1t\u00f3l a joger\u0151s elrendel\u00e9sig), \u00edgy a statisztik\u00e1kban majd csak j\u00f6v\u0151re jelennek meg a megemelkedett esetsz\u00e1mok. A <strong>b\u00edr\u00f3s\u00e1gok \u00e1ltal elrendelt felsz\u00e1mol\u00e1sok<\/strong> tekintet\u00e9ben 2020-ban 13 sz\u00e1zal\u00e9kos n\u00f6veked\u00e9st jelez el\u0151re az Euler Hermes Magyarorsz\u00e1gon, amely nagyj\u00e1b\u00f3l megegyezik a vil\u00e1g\u00e1tlaggal, de j\u00f3val alacsonyabb, mint a 2008-2009-es p\u00e9nz\u00fcgyi v\u00e1ls\u00e1got k\u00f6vet\u0151 esetsz\u00e1m-n\u00f6veked\u00e9s.<\/p>\n<p>&nbsp;<\/p>\n<p>&nbsp;<\/p>\n<p><strong>Az Euler Hermes elemz\u00e9seir\u0151l<\/strong><\/p>\n<p>A nemzetk\u00f6zi \u00e9s hazai szinten piacvezet\u0151 hitelbiztos\u00edt\u00f3, az Euler Hermes negyed\u00e9vente k\u00e9sz\u00edti el orsz\u00e1gkock\u00e1zati elemz\u00e9s\u00e9t a vil\u00e1g minden orsz\u00e1g\u00e1r\u00f3l, melynek sor\u00e1n felm\u00e9rik egy adott orsz\u00e1g v\u00e1llalkoz\u00e1sainak eset\u00e9ben a nemfizet\u00e9s kock\u00e1zatait, ez\u00e1ltal seg\u00edts\u00e9get ny\u00fajtanak a k\u00fclkereskedelemben \u00e9rintett v\u00e1llalatoknak \u00fczleti d\u00f6nt\u00e9seik meghozatal\u00e1ban. A hitelbiztos\u00edt\u00f3 az orsz\u00e1gkock\u00e1zati elemz\u00e9seken fel\u00fcl szektorkock\u00e1zat-el\u0151rejelz\u00e9st \u00e9s egy\u00e9ni szint\u0171 c\u00e9gkock\u00e1zatot is vizsg\u00e1l. Sz\u00e1mos szektorr\u00f3l, t\u00f6bbek k\u00f6z\u00f6tt a g\u00e9pj\u00e1rm\u0171iparr\u00f3l, kereskedelemr\u0151l, mez\u0151gazdas\u00e1gr\u00f3l \u00e9s az \u00e9lelmiszeriparr\u00f3l is rendszeresen k\u00e9sz\u00edtenek elemz\u00e9st az Euler Hermes szak\u00e9rt\u0151i.<\/p>\n","protected":false},"excerpt":{"rendered":"<p>A gazdas\u00e1gi n\u00f6veked\u00e9ssel p\u00e1rhuzamosan folyamatosan cs\u00f6kkent Magyarorsz\u00e1gon a fizet\u00e9sk\u00e9ptelens\u00e9gi elj\u00e1r\u00e1sok sz\u00e1ma az elm\u00falt hat \u00e9vben. A koronav\u00edrus-j\u00e1rv\u00e1ny hat\u00e1s\u00e1ra azonban 2021-ben m\u00e1r minden val\u00f3sz\u00edn\u0171s\u00e9g szerint megfordul a pozit\u00edv trend. M\u00e1r id\u00e9n &#8211; v\u00e1rhat\u00f3an j\u00faniust\u00f3l kezd\u0151d\u0151en &#8211; ak\u00e1r dupl\u00e1z\u00f3dhat is a biztos\u00edt\u00f3hoz be\u00e9rkez\u0151 behajt\u00e1si \u00fcgyek \u00e9s k\u00e1rig\u00e9nyek sz\u00e1ma \u00e9s \u00f6sszege, j\u00f6v\u0151re pedig 13 sz\u00e1zal\u00e9kkal emelkedhet a b\u00edr\u00f3s\u00e1g &#8230;<\/p>\n","protected":false},"author":1001006,"featured_media":126209,"comment_status":"closed","ping_status":"open","sticky":false,"template":"","format":"standard","meta":[],"categories":[146,19],"tags":[],"_links":{"self":[{"href":"https:\/\/gazdasagportal.hu\/index.php\/wp-json\/wp\/v2\/posts\/126206"}],"collection":[{"href":"https:\/\/gazdasagportal.hu\/index.php\/wp-json\/wp\/v2\/posts"}],"about":[{"href":"https:\/\/gazdasagportal.hu\/index.php\/wp-json\/wp\/v2\/types\/post"}],"author":[{"embeddable":true,"href":"https:\/\/gazdasagportal.hu\/index.php\/wp-json\/wp\/v2\/users\/1001006"}],"replies":[{"embeddable":true,"href":"https:\/\/gazdasagportal.hu\/index.php\/wp-json\/wp\/v2\/comments?post=126206"}],"version-history":[{"count":1,"href":"https:\/\/gazdasagportal.hu\/index.php\/wp-json\/wp\/v2\/posts\/126206\/revisions"}],"predecessor-version":[{"id":126210,"href":"https:\/\/gazdasagportal.hu\/index.php\/wp-json\/wp\/v2\/posts\/126206\/revisions\/126210"}],"wp:featuredmedia":[{"embeddable":true,"href":"https:\/\/gazdasagportal.hu\/index.php\/wp-json\/wp\/v2\/media\/126209"}],"wp:attachment":[{"href":"https:\/\/gazdasagportal.hu\/index.php\/wp-json\/wp\/v2\/media?parent=126206"}],"wp:term":[{"taxonomy":"category","embeddable":true,"href":"https:\/\/gazdasagportal.hu\/index.php\/wp-json\/wp\/v2\/categories?post=126206"},{"taxonomy":"post_tag","embeddable":true,"href":"https:\/\/gazdasagportal.hu\/index.php\/wp-json\/wp\/v2\/tags?post=126206"}],"curies":[{"name":"wp","href":"https:\/\/api.w.org\/{rel}","templated":true}]}}