{"id":12620,"date":"2013-07-29T10:42:57","date_gmt":"2013-07-29T08:42:57","guid":{"rendered":"http:\/\/stockportal.hu\/?p=12620"},"modified":"2013-07-29T10:43:01","modified_gmt":"2013-07-29T08:43:01","slug":"gki-juliusban-megtorpant-a-gki-erste-konjunkturaindex-emelkedese","status":"publish","type":"post","link":"https:\/\/gazdasagportal.hu\/index.php\/gki-juliusban-megtorpant-a-gki-erste-konjunkturaindex-emelkedese\/","title":{"rendered":"GKI: j\u00faliusban megtorpant a GKI-Erste konjunkt\u00faraindex emelked\u00e9se"},"content":{"rendered":"<p><strong>J\u00faliusban megtorpant a GKI-Erste konjunkt\u00faraindex szezon\u00e1lis hat\u00e1sokt\u00f3l megtiszt\u00edtott \u00e9rt\u00e9k\u00e9nek m\u00e1jusban \u00e9s j\u00faniusban tapasztalt emelked\u00e9se.<!--more--><\/strong><\/p>\n<p>A GKI Gazdas\u00e1gkutat\u00f3 Zrt. \u00e1ltal, az EU t\u00e1mogat\u00e1s\u00e1val v\u00e9gzett felm\u00e9r\u00e9s szerint a minim\u00e1lis korrekci\u00f3 az \u00fczleti v\u00e1rakoz\u00e1sok n\u00e9mi roml\u00e1s\u00e1nak k\u00f6vetkezm\u00e9nye, a fogyaszt\u00f3i v\u00e1rakoz\u00e1sok ugyanis kiss\u00e9 javultak.<br \/>\nAz \u00fczleti bizalmi index j\u00faliusban k\u00e9thavi emelked\u00e9s ut\u00e1n a j\u00faniusi m\u00ednusz 6,9 pontr\u00f3l m\u00ednusz 8,6 pontra m\u00e9rs\u00e9kl\u0151d\u00f6tt.<br \/>\nA fogyaszt\u00f3i bizalmi index j\u00faliusban a j\u00faniusi cs\u00f6kken\u00e9st k\u00f6vet\u0151en kisebb m\u00e9rt\u00e9kben, de n\u0151tt: a m\u00ednusz 37,3 pontr\u00f3l 35,3 pontra javult.<br \/>\nA GKI-Erste konjunkt\u00faraindex m\u00ednusz 14,8 pontr\u00f3l m\u00ednusz 15,5 pontra romlott.<br \/>\nA k\u00f6zlem\u00e9nyben megjegyzik, hogy az \u00fczleti szf\u00e9r\u00e1n bel\u00fcl az ipari \u00e9s szolg\u00e1ltat\u00f3 c\u00e9gek v\u00e1rakoz\u00e1sai romlottak, az \u00e9p\u00edt\u0151ipariak \u00e9s kereskedelmiek viszont kedvez\u0151bbek lettek.<br \/>\nRomlott a meg\u00edt\u00e9l\u00e9se az elm\u00falt id\u0151szak termel\u00e9s\u00e9nek \u00e9s a rendel\u00e9s\u00e1llom\u00e1nynak &#8211; ezen bel\u00fcl az exportrendel\u00e9sek\u00e9 -, a k\u00e9szletek\u00e9 stagn\u00e1lt, egyed\u00fcl a k\u00f6vetkez\u0151 id\u0151szak termel\u00e9si kil\u00e1t\u00e1sait l\u00e1tt\u00e1k valamelyest kedvez\u0151bbnek a v\u00e1laszad\u00f3k. Az egy negyed\u00e9vvel ezel\u0151ttihez k\u00e9pest azonban egyar\u00e1nt javult a kapacit\u00e1skihaszn\u00e1l\u00e1snak, a v\u00e1rhat\u00f3 kereslet \u00e9s a meglev\u0151 kapacit\u00e1sok viszony\u00e1nak, a versenypoz\u00edci\u00f3nak, a szerz\u0151d\u00e9s\u00e1llom\u00e1nynak \u00e9s a v\u00e1rhat\u00f3 exportkeresletnek a meg\u00edt\u00e9l\u00e9se. Egyed\u00fcl az \u00faj rendel\u00e9sekb\u0151l \u00e9rz\u00e9keltek kevesebbet a v\u00e1laszol\u00f3k.<br \/>\nAz \u00e9p\u00edt\u0151ipari bizalmi index 2013-ban eddig szinte folyamatosan \u00e9s jelent\u0151sen emelkedett, ez j\u00faliusban, ha a kor\u00e1bbin\u00e1l kisebb \u00fctemben is, de folytat\u00f3dott. Sz\u00e1mottev\u0151en javult az el\u0151z\u0151 h\u00e1rom h\u00f3nap termel\u00e9si sz\u00ednvonal\u00e1nak \u00e9s a rendel\u00e9s\u00e1llom\u00e1nynak a meg\u00edt\u00e9l\u00e9se.<br \/>\nA kereskedelmi bizalmi index a j\u00faniusi cs\u00f6kken\u00e9st k\u00f6vet\u0151en, ann\u00e1l kisebb \u00fctemben n\u0151tt. Az elad\u00e1si poz\u00edci\u00f3r\u00f3l \u00e9s a rendel\u00e9sek v\u00e1rhat\u00f3 alakul\u00e1s\u00e1r\u00f3l alkotott v\u00e9lem\u00e9ny &#8211; kiss\u00e9 n\u00f6vekv\u0151 k\u00e9szletszint \u00e9rz\u00e9kel\u00e9se mellett &#8211; javult.<br \/>\nA szolg\u00e1ltat\u00f3i bizalmi index j\u00faliusban kiss\u00e9 cs\u00f6kkent. Az \u00fczletmenet \u00e9s a v\u00e1rhat\u00f3 forgalom meg\u00edt\u00e9l\u00e9se rosszabb, az el\u0151z\u0151 id\u0151szak forgalm\u00e1\u00e9 jobb lett.<br \/>\nAz iparban \u00e9s az \u00e9p\u00edt\u0151iparban a foglalkoztat\u00e1si sz\u00e1nd\u00e9k gyeng\u00fclt, a kereskedelmi \u00e9s szolg\u00e1ltat\u00f3 c\u00e9gekn\u00e9l er\u0151s\u00f6d\u00f6tt, \u00e9s m\u00e9rs\u00e9kl\u0151d\u00f6tt a lakoss\u00e1g munkan\u00e9lk\u00fclis\u00e9gt\u0151l val\u00f3 f\u00e9lelme is. Az iparban az \u00e1rv\u00e1rakoz\u00e1sok stagn\u00e1ltak, a t\u00f6bbi \u00e1gazatban kiss\u00e9 er\u0151s\u00f6dtek.<br \/>\nA fogyaszt\u00f3k infl\u00e1ci\u00f3s v\u00e1rakoz\u00e1sa viszont jelent\u0151sen enyh\u00fclt. A magyar gazdas\u00e1g kil\u00e1t\u00e1sainak meg\u00edt\u00e9l\u00e9se minden \u00e1gazatban, k\u00fcl\u00f6n\u00f6sen a kereskedelemben romlott, de a fogyaszt\u00f3k k\u00f6r\u00e9ben javult.<br \/>\nA lakoss\u00e1g a saj\u00e1t p\u00e9nz\u00fcgyi helyzet\u00e9nek k\u00f6vetkez\u0151 egy \u00e9v\u00e9t \u00e9s a nagy \u00e9rt\u00e9k\u0171 tart\u00f3s fogyaszt\u00e1si cikkek v\u00e1s\u00e1rl\u00e1si lehet\u0151s\u00e9g\u00e9t v\u00e1ltozatlannak, megtakar\u00edt\u00e1si k\u00e9pess\u00e9g\u00e9t pedig enyh\u00e9n roml\u00f3nak \u00e9rezte.(MTI)<\/p>\n","protected":false},"excerpt":{"rendered":"<p>J\u00faliusban megtorpant a GKI-Erste konjunkt\u00faraindex szezon\u00e1lis hat\u00e1sokt\u00f3l megtiszt\u00edtott \u00e9rt\u00e9k\u00e9nek m\u00e1jusban \u00e9s j\u00faniusban tapasztalt emelked\u00e9se.<\/p>\n","protected":false},"author":1,"featured_media":0,"comment_status":"open","ping_status":"closed","sticky":false,"template":"","format":"standard","meta":[],"categories":[19],"tags":[],"_links":{"self":[{"href":"https:\/\/gazdasagportal.hu\/index.php\/wp-json\/wp\/v2\/posts\/12620"}],"collection":[{"href":"https:\/\/gazdasagportal.hu\/index.php\/wp-json\/wp\/v2\/posts"}],"about":[{"href":"https:\/\/gazdasagportal.hu\/index.php\/wp-json\/wp\/v2\/types\/post"}],"author":[{"embeddable":true,"href":"https:\/\/gazdasagportal.hu\/index.php\/wp-json\/wp\/v2\/users\/1"}],"replies":[{"embeddable":true,"href":"https:\/\/gazdasagportal.hu\/index.php\/wp-json\/wp\/v2\/comments?post=12620"}],"version-history":[{"count":3,"href":"https:\/\/gazdasagportal.hu\/index.php\/wp-json\/wp\/v2\/posts\/12620\/revisions"}],"predecessor-version":[{"id":12622,"href":"https:\/\/gazdasagportal.hu\/index.php\/wp-json\/wp\/v2\/posts\/12620\/revisions\/12622"}],"wp:attachment":[{"href":"https:\/\/gazdasagportal.hu\/index.php\/wp-json\/wp\/v2\/media?parent=12620"}],"wp:term":[{"taxonomy":"category","embeddable":true,"href":"https:\/\/gazdasagportal.hu\/index.php\/wp-json\/wp\/v2\/categories?post=12620"},{"taxonomy":"post_tag","embeddable":true,"href":"https:\/\/gazdasagportal.hu\/index.php\/wp-json\/wp\/v2\/tags?post=12620"}],"curies":[{"name":"wp","href":"https:\/\/api.w.org\/{rel}","templated":true}]}}