{"id":126167,"date":"2020-05-06T11:39:02","date_gmt":"2020-05-06T09:39:02","guid":{"rendered":"http:\/\/gazdasagportal.hu\/?p=126167"},"modified":"2020-05-06T11:39:02","modified_gmt":"2020-05-06T09:39:02","slug":"hamarosan-az-osszes-auchan-hipermarketben-lesz-onkiszolgalo-kassza","status":"publish","type":"post","link":"https:\/\/gazdasagportal.hu\/index.php\/hamarosan-az-osszes-auchan-hipermarketben-lesz-onkiszolgalo-kassza\/","title":{"rendered":"Hamarosan az \u00f6sszes Auchan hipermarketben lesz \u00f6nkiszolg\u00e1l\u00f3 kassza"},"content":{"rendered":"<p><strong>A hat\u00e9konyabb m\u0171k\u00f6d\u00e9s \u00e9s a jobb v\u00e1s\u00e1rl\u00f3i \u00e9lm\u00e9ny \u00e9rdek\u00e9ben tavaly kezdte meg az automata kassz\u00e1k telep\u00edt\u00e9s\u00e9t az Auchan. Az aktu\u00e1lis j\u00e1rv\u00e1nyhelyzet miatt az \u00e1ruh\u00e1zl\u00e1nc felgyors\u00edtotta a beruh\u00e1z\u00e1sokat az\u00e9rt, hogy min\u00e9l el\u0151bb el\u00e9rhet\u0151v\u00e9 v\u00e1ljon orsz\u00e1gszerte a kevesebb \u00e9rint\u00e9ssel \u00e9s bankk\u00e1rty\u00e1val, ez\u00e1ltal biztons\u00e1gosabban haszn\u00e1lhat\u00f3 fizet\u00e9si lehet\u0151s\u00e9g. \u00cdgy m\u00e1r nem csak a f\u0151v\u00e1rosi, hanem az \u00f6sszes Pest megyei \u00fczletben is \u00f6nkiszolg\u00e1l\u00f3 kassz\u00e1kkal v\u00e1rja v\u00e1s\u00e1rl\u00f3it az \u00e1ruh\u00e1zl\u00e1nc, j\u00falius v\u00e9g\u00e9ig pedig valamennyi hipermarketj\u00e9ben, teh\u00e1t tizenkilenc \u00e1ruh\u00e1zban fizethet\u00fcnk majd \u00edgy. <\/strong><!--more--><\/p>\n<div class=\"ads-in-post1\"><div id=\"gazdasagportal.hu_fullbanner_wideboard\"><\/div>\r\n<\/div>\n<p>Az \u00f6nkiszolg\u00e1l\u00f3 kassz\u00e1kkal k\u00e9nyelmesebb \u00e9s gyorsabb lehet a v\u00e1s\u00e1rl\u00e1s. Az el\u0151ny\u00f6kh\u00f6z a jelenlegi j\u00e1rv\u00e1ny\u00fcgyi helyzetben m\u00e9g a kontaktusok ker\u00fcl\u00e9s\u00e9nek jogos ig\u00e9nye is hozz\u00e1ad\u00f3dik. A sz\u00e1mos v\u00e9delmi \u00e9s egy\u00e9b \u00f3vint\u00e9zked\u00e9s mellett ez\u00e9rt is gyors\u00edtotta fel a telep\u00edt\u00e9seket az \u00e1ruh\u00e1zl\u00e1nc. M\u00e1just\u00f3l nem csak a f\u0151v\u00e1rosiak, hanem az agglomer\u00e1ci\u00f3ban \u00e9l\u0151k is fizethetnek \u00f6nkiszolg\u00e1l\u00f3 kassz\u00e1kn\u00e1l Pest megye valamennyi Auchan hipermarketj\u00e9ben. Az \u00faj p\u00e9nzt\u00e1rakn\u00e1l a j\u00e1rv\u00e1ny miatt k\u00fcl\u00f6n\u00f6sen aj\u00e1nlott k\u00e1rty\u00e1s fizet\u00e9s lehets\u00e9ges, \u00e9s az \u00faj egys\u00e9gek akad\u00e1lymentesek.<\/p>\n<p>Tavaly els\u0151k\u00e9nt Budakal\u00e1szon, majd \u00d3bud\u00e1n vehett\u00e9k ig\u00e9nybe a v\u00e1s\u00e1rl\u00f3k az \u00faj \u00e9s gyorsabb fizet\u00e9si megold\u00e1st. Ezt terjeszti ki most Pest megyei, illetve j\u00falius v\u00e9g\u00e9ig valamennyi hipermarketj\u00e9re az \u00e1ruh\u00e1zl\u00e1nc. Az \u00faj kassz\u00e1k modern \u00e9s praktikus fel\u00fcleteit a vev\u0151k visszajelz\u00e9sei alapj\u00e1n alak\u00edtott\u00e1k ki, hogy min\u00e9l k\u00e9nyelmesebben \u00e9s gyorsabban lehessen fizetni.<\/p><div id=\"gazda-4184251626\" class=\"gazda-tartalomban gazda-entity-placement\"><script async src=\"https:\/\/pagead2.googlesyndication.com\/pagead\/js\/adsbygoogle.js\"><\/script>\r\n<ins class=\"adsbygoogle\"\r\n     style=\"display:block\"\r\n     data-ad-format=\"fluid\"\r\n     data-ad-layout-key=\"-6t+ed+2i-1n-4w\"\r\n     data-ad-client=\"ca-pub-1959107119989764\"\r\n     data-ad-slot=\"4008251320\"><\/ins>\r\n<script>\r\n     (adsbygoogle = window.adsbygoogle || []).push({});\r\n<\/script><\/div>\n<p>A ny\u00e1r folyam\u00e1n az \u00f6sszes Auchan hipermarketben, teh\u00e1t tizenkilenc \u00e1ruh\u00e1zban lesz \u00f6nkiszolg\u00e1l\u00f3 kassza, \u00e9v v\u00e9g\u00e9ig pedig a tov\u00e1bbi \u00f6t kisebb \u00fczletben is: a szeksz\u00e1rdi, zalaegerszegi \u00e9s a gy\u0151ri szupermarketben, valamint a soproni \u00e9s a X. ker\u00fcleti super store form\u00e1tum\u00fa \u00fczletben is.<\/p>\n<p>Az \u00f6nkiszolg\u00e1l\u00f3 p\u00e9nzt\u00e1rak telep\u00edt\u00e9se nem j\u00e1r le\u00e9p\u00edt\u00e9ssel. Ellenkez\u0151leg, a j\u00e1rv\u00e1ny kit\u00f6r\u00e9se \u00f3ta az Auchan t\u00f6bb sz\u00e1z \u00faj munkav\u00e1llal\u00f3t vett fel \u00e9s t\u00f6bb mint 150 teljesen \u00faj munkahelyet teremtett, els\u0151sorban az online \u00e9rt\u00e9kes\u00edt\u00e9s ter\u00fclet\u00e9n.<\/p>\n","protected":false},"excerpt":{"rendered":"<p>A hat\u00e9konyabb m\u0171k\u00f6d\u00e9s \u00e9s a jobb v\u00e1s\u00e1rl\u00f3i \u00e9lm\u00e9ny \u00e9rdek\u00e9ben tavaly kezdte meg az automata kassz\u00e1k telep\u00edt\u00e9s\u00e9t az Auchan. Az aktu\u00e1lis j\u00e1rv\u00e1nyhelyzet miatt az \u00e1ruh\u00e1zl\u00e1nc felgyors\u00edtotta a beruh\u00e1z\u00e1sokat az\u00e9rt, hogy min\u00e9l el\u0151bb el\u00e9rhet\u0151v\u00e9 v\u00e1ljon orsz\u00e1gszerte a kevesebb \u00e9rint\u00e9ssel \u00e9s bankk\u00e1rty\u00e1val, ez\u00e1ltal biztons\u00e1gosabban haszn\u00e1lhat\u00f3 fizet\u00e9si lehet\u0151s\u00e9g. \u00cdgy m\u00e1r nem csak a f\u0151v\u00e1rosi, hanem az \u00f6sszes Pest megyei &#8230;<\/p>\n","protected":false},"author":1001006,"featured_media":0,"comment_status":"closed","ping_status":"open","sticky":false,"template":"","format":"standard","meta":[],"categories":[19],"tags":[],"_links":{"self":[{"href":"https:\/\/gazdasagportal.hu\/index.php\/wp-json\/wp\/v2\/posts\/126167"}],"collection":[{"href":"https:\/\/gazdasagportal.hu\/index.php\/wp-json\/wp\/v2\/posts"}],"about":[{"href":"https:\/\/gazdasagportal.hu\/index.php\/wp-json\/wp\/v2\/types\/post"}],"author":[{"embeddable":true,"href":"https:\/\/gazdasagportal.hu\/index.php\/wp-json\/wp\/v2\/users\/1001006"}],"replies":[{"embeddable":true,"href":"https:\/\/gazdasagportal.hu\/index.php\/wp-json\/wp\/v2\/comments?post=126167"}],"version-history":[{"count":1,"href":"https:\/\/gazdasagportal.hu\/index.php\/wp-json\/wp\/v2\/posts\/126167\/revisions"}],"predecessor-version":[{"id":126168,"href":"https:\/\/gazdasagportal.hu\/index.php\/wp-json\/wp\/v2\/posts\/126167\/revisions\/126168"}],"wp:attachment":[{"href":"https:\/\/gazdasagportal.hu\/index.php\/wp-json\/wp\/v2\/media?parent=126167"}],"wp:term":[{"taxonomy":"category","embeddable":true,"href":"https:\/\/gazdasagportal.hu\/index.php\/wp-json\/wp\/v2\/categories?post=126167"},{"taxonomy":"post_tag","embeddable":true,"href":"https:\/\/gazdasagportal.hu\/index.php\/wp-json\/wp\/v2\/tags?post=126167"}],"curies":[{"name":"wp","href":"https:\/\/api.w.org\/{rel}","templated":true}]}}