{"id":126138,"date":"2020-05-05T11:34:47","date_gmt":"2020-05-05T09:34:47","guid":{"rendered":"http:\/\/gazdasagportal.hu\/?p=126138"},"modified":"2020-05-05T10:55:58","modified_gmt":"2020-05-05T08:55:58","slug":"a-spanyol-munkanelkuliseg-tobb-mint-282-ezerrel-nott-aprilisban","status":"publish","type":"post","link":"https:\/\/gazdasagportal.hu\/index.php\/a-spanyol-munkanelkuliseg-tobb-mint-282-ezerrel-nott-aprilisban\/","title":{"rendered":"A spanyol munkan\u00e9lk\u00fclis\u00e9g t\u00f6bb mint 282 ezerrel n\u0151tt \u00e1prilisban"},"content":{"rendered":"<p><strong>A spanyol munkan\u00e9lk\u00fclis\u00e9g mintegy 8 sz\u00e1zal\u00e9kkal, t\u00f6bb mint 282 ezerrel n\u0151tt \u00e1prilisban az el\u0151z\u0151 h\u00f3naphoz k\u00e9pest &#8211; k\u00f6z\u00f6lte a spanyol munka\u00fcgyi miniszt\u00e9rium kedden.<\/strong><!--more--><\/p>\n<div class=\"ads-in-post1\"><div id=\"gazdasagportal.hu_fullbanner_wideboard\"><\/div>\r\n<\/div>\n<p>    A munka\u00fcgyi k\u00f6zpontokban nyilv\u00e1ntartott \u00e1ll\u00e1skeres\u0151k sz\u00e1ma meghaladta a 3,8 milli\u00f3t az \u00e9v negyedik h\u00f3napj\u00e1ban.<br \/>\n    A legt\u00f6bben, 219 ezren a szolg\u00e1ltat\u00e1si szektorban ker\u00fcltek utc\u00e1ra, ami  8,76 sz\u00e1zal\u00e9kos n\u00f6veked\u00e9st jelent ebben az \u00e1gazatban. Az iparban csaknem 27 ezerrel, 8,92 sz\u00e1zal\u00e9kkal, az \u00e9p\u00edt\u0151iparban pedig 25 ezerrel, 7,8 sz\u00e1zal\u00e9kkal n\u0151tt az \u00e1ll\u00e1stalanok sz\u00e1ma.<br \/>\n    Ter\u00fcleti bont\u00e1sban Katal\u00f3ni\u00e1ban maradtak legt\u00f6bben, t\u00f6bb mint 50 ezren munka n\u00e9lk\u00fcl, amelyet Madrid \u00e9s Valencia tartom\u00e1nyok k\u00f6vetnek 41 ezer \u00e9s 38 ezer \u00faj munkan\u00e9lk\u00fclivel.<br \/>\n    A miniszt\u00e9rium kiemelte: \u00e1prilisban minden kor\u00e1bbin\u00e1l t\u00f6bben, csaknem 5,2 milli\u00f3an r\u00e9szes\u00fcltek munkan\u00e9lk\u00fcli ell\u00e1t\u00e1sban az orsz\u00e1gban. Ez a sz\u00e1m azonban tartalmazza azokat a munkav\u00e1llal\u00f3kat is, akiknek munkaviszony\u00e1t a koronav\u00edrus-j\u00e1rv\u00e1ny miatt \u00e1tmenetileg sz\u00fcneteltetik a munk\u00e1ltat\u00f3k.<br \/>\n<div class=\"ads-in-post2\"><script async src=\"https:\/\/pagead2.googlesyndication.com\/pagead\/js\/adsbygoogle.js\"><\/script>\r\n<ins class=\"adsbygoogle\"\r\n     style=\"display:block\"\r\n     data-ad-format=\"fluid\"\r\n     data-ad-layout-key=\"-6t+ed+2i-1n-4w\"\r\n     data-ad-client=\"ca-pub-1959107119989764\"\r\n     data-ad-slot=\"4008251320\"><\/ins>\r\n<script>\r\n     (adsbygoogle = window.adsbygoogle || []).push({});\r\n<\/script><\/div>\n    A j\u00e1rv\u00e1ny hat\u00e1sa m\u00e1rcius 13-a \u00f3ta mutatkozik meg a n\u00f6vekv\u0151 munkan\u00e9lk\u00fclis\u00e9gi adatokban, \u00e9s k\u00fcl\u00f6n\u00f6sen fokoz\u00f3dott a h\u00fasv\u00e9ti nagyh\u00e9t id\u0151szak\u00e1ban, amikor \u00e1ltal\u00e1ban jelent\u0151sen cs\u00f6kkenni szokott a munkan\u00e9lk\u00fclis\u00e9g. \u00c1prilis v\u00e9g\u00e9re ism\u00e9t m\u00e9rs\u00e9kl\u0151d\u00f6tt az emelked\u00e9s &#8211; h\u00edvta fel a figyelmet a szakt\u00e1rca.<br \/>\n    Spanyolorsz\u00e1gban m\u00e1rciusban, 9,3 sz\u00e1zal\u00e9kkal, t\u00f6bb mint 302 ezerrel n\u0151tt a regisztr\u00e1lt munkan\u00e9lk\u00fcliek sz\u00e1ma, ami a valaha m\u00e9rt legrosszabb havi eredm\u00e9ny. Ezt megel\u0151z\u0151en a legrosszabb h\u00f3nap 2009 janu\u00e1rja volt, amikor 199 ezerrel n\u0151tt a munkan\u00e9lk\u00fclis\u00e9g egy h\u00f3nap alatt a gazdas\u00e1gi v\u00e1ls\u00e1g idej\u00e9n.<br \/>\n    A spanyol korm\u00e1ny m\u00falt p\u00e9nteken jelentette be, hogy az id\u00e9n 19 sz\u00e1zal\u00e9kos munkan\u00e9lk\u00fclis\u00e9gi r\u00e1t\u00e1ra sz\u00e1m\u00edt a tavalyi 13,8 ut\u00e1n, amely j\u00f6v\u0151re 17,2 sz\u00e1zal\u00e9kra cs\u00f6kkenhet.<br \/>\n    A j\u00e1rv\u00e1nyt megel\u0151z\u0151en jelzett v\u00e1rhat\u00f3 1,6 sz\u00e1zal\u00e9kos gazdas\u00e1gi n\u00f6veked\u00e9s helyett 9,2 sz\u00e1zal\u00e9kos GDP-cs\u00f6kken\u00e9sre sz\u00e1m\u00edtanak.<br \/>\n    Spanyolorsz\u00e1gban, ahol a vil\u00e1gon a m\u00e1sodik legt\u00f6bb, 218 011 fert\u0151z\u00f6ttet igazoltak eddig, a j\u00e1rv\u00e1ny miatt m\u00e1rcius 15-e \u00f3ta van \u00e9rv\u00e9nyben sz\u00fcks\u00e9g\u00e1llapot. Sz\u00e1mos termel\u0151\u00e1gazat le\u00e1llt, bez\u00e1rtak egyebek mellett a vend\u00e9gl\u00e1t\u00f3helyek, a sz\u00e1llod\u00e1k, \u00e9s n\u00e9h\u00e1ny kiv\u00e9tellel az \u00fczletek t\u00f6bbs\u00e9ge is.<br \/>\n    A korl\u00e1toz\u00e1sokat h\u00e9tf\u0151t\u0151l kezdt\u00e9k fokozatosan feloldani, 50 nap ut\u00e1n el\u0151sz\u00f6r nyithattak ki a 400 n\u00e9gyzetm\u00e9tern\u00e9l kisebb ter\u00fclet\u0171 \u00fczlethelyis\u00e9gek szigor\u00fa biztons\u00e1gi el\u0151\u00edr\u00e1sok mellett. V\u00e1rhat\u00f3an j\u00fanius v\u00e9g\u00e9ig n\u00e9gy, egyenk\u00e9nt legal\u00e1bb k\u00e9t h\u00e9tig tart\u00f3 f\u00e1zisban enyh\u00edtenek az \u00f3vint\u00e9zked\u00e9seken.(MTI)<\/p>\n","protected":false},"excerpt":{"rendered":"<p>A spanyol munkan\u00e9lk\u00fclis\u00e9g mintegy 8 sz\u00e1zal\u00e9kkal, t\u00f6bb mint 282 ezerrel n\u0151tt \u00e1prilisban az el\u0151z\u0151 h\u00f3naphoz k\u00e9pest &#8211; k\u00f6z\u00f6lte a spanyol munka\u00fcgyi miniszt\u00e9rium kedden.<\/p>\n","protected":false},"author":1001006,"featured_media":0,"comment_status":"closed","ping_status":"open","sticky":false,"template":"","format":"standard","meta":[],"categories":[12,246],"tags":[],"_links":{"self":[{"href":"https:\/\/gazdasagportal.hu\/index.php\/wp-json\/wp\/v2\/posts\/126138"}],"collection":[{"href":"https:\/\/gazdasagportal.hu\/index.php\/wp-json\/wp\/v2\/posts"}],"about":[{"href":"https:\/\/gazdasagportal.hu\/index.php\/wp-json\/wp\/v2\/types\/post"}],"author":[{"embeddable":true,"href":"https:\/\/gazdasagportal.hu\/index.php\/wp-json\/wp\/v2\/users\/1001006"}],"replies":[{"embeddable":true,"href":"https:\/\/gazdasagportal.hu\/index.php\/wp-json\/wp\/v2\/comments?post=126138"}],"version-history":[{"count":1,"href":"https:\/\/gazdasagportal.hu\/index.php\/wp-json\/wp\/v2\/posts\/126138\/revisions"}],"predecessor-version":[{"id":126139,"href":"https:\/\/gazdasagportal.hu\/index.php\/wp-json\/wp\/v2\/posts\/126138\/revisions\/126139"}],"wp:attachment":[{"href":"https:\/\/gazdasagportal.hu\/index.php\/wp-json\/wp\/v2\/media?parent=126138"}],"wp:term":[{"taxonomy":"category","embeddable":true,"href":"https:\/\/gazdasagportal.hu\/index.php\/wp-json\/wp\/v2\/categories?post=126138"},{"taxonomy":"post_tag","embeddable":true,"href":"https:\/\/gazdasagportal.hu\/index.php\/wp-json\/wp\/v2\/tags?post=126138"}],"curies":[{"name":"wp","href":"https:\/\/api.w.org\/{rel}","templated":true}]}}