{"id":126124,"date":"2020-05-04T17:07:01","date_gmt":"2020-05-04T15:07:01","guid":{"rendered":"http:\/\/gazdasagportal.hu\/?p=126124"},"modified":"2020-05-04T17:07:01","modified_gmt":"2020-05-04T15:07:01","slug":"szloveniaban-masodik-napja-nem-regisztraltak-uj-fertozottet-horvatorszagban-elkezdodott-a-korlatozasok-feloldasanak-masodik-fazisa","status":"publish","type":"post","link":"https:\/\/gazdasagportal.hu\/index.php\/szloveniaban-masodik-napja-nem-regisztraltak-uj-fertozottet-horvatorszagban-elkezdodott-a-korlatozasok-feloldasanak-masodik-fazisa\/","title":{"rendered":"Szlov\u00e9ni\u00e1ban m\u00e1sodik napja nem regisztr\u00e1ltak \u00faj fert\u0151z\u00f6ttet, Horv\u00e1torsz\u00e1gban elkezd\u0151d\u00f6tt a korl\u00e1toz\u00e1sok felold\u00e1s\u00e1nak m\u00e1sodik f\u00e1zisa"},"content":{"rendered":"<p><strong>Szlov\u00e9ni\u00e1ban m\u00e1sodik napja nem regisztr\u00e1ltak \u00faj koronav\u00edrus-fert\u0151z\u00f6ttet, Horv\u00e1torsz\u00e1gban elkezd\u0151d\u00f6tt a j\u00e1rv\u00e1ny megf\u00e9kez\u00e9se \u00e9rdek\u00e9ben elfogadott korl\u00e1toz\u00e1sok felold\u00e1s\u00e1nak m\u00e1sodik f\u00e1zisa &#8211; der\u00fclt ki a v\u00e1ls\u00e1gst\u00e1bok h\u00e9tf\u0151i sajt\u00f3t\u00e1j\u00e9koztat\u00f3j\u00e1n.<\/strong><!--more--><\/p>\n<div class=\"ads-in-post1\"><div id=\"gazdasagportal.hu_fullbanner_wideboard\"><\/div>\r\n<\/div>\n<p>    M\u00e1r m\u00e1sodik napja egyetlen \u00fajabb fert\u0151z\u00f6ttet sem diagnosztiz\u00e1ltak Szlov\u00e9ni\u00e1ban, az ismert koronav\u00edrus-fert\u0151z\u00f6ttek sz\u00e1ma \u00edgy 1439 maradt. Az elm\u00falt 24 \u00f3r\u00e1ban egy ember hunyt el a Covid-19 betegs\u00e9g k\u00f6vetkezt\u00e9ben, a j\u00e1rv\u00e1ny hal\u00e1los \u00e1ldozatainak sz\u00e1ma ezzel 97-re n\u0151tt. A j\u00e1rv\u00e1ny megjelen\u00e9se \u00f3ta a k\u00e9tmilli\u00f3 lakos\u00fa orsz\u00e1gban 56 136 koronav\u00edrustesztet v\u00e9geztek. A diagnosztiz\u00e1lt betegek k\u00f6z\u00fcl 58-an vannak k\u00f3rh\u00e1zban, k\u00f6z\u00fcl\u00fck 20-at \u00e1polnak intenz\u00edv oszt\u00e1lyon.<br \/>\n    A szomsz\u00e9dos Horv\u00e1torsz\u00e1gban 24 \u00f3ra alatt \u00f6ttel &#8211; h\u00e1rommal kevesebbel, mint egy nappal kor\u00e1bban -, 2101-re n\u0151tt a regisztr\u00e1lt fert\u0151z\u00f6ttek sz\u00e1ma. Az elm\u00falt nap sor\u00e1n tapasztalt egy hal\u00e1lesettel 80-ra emelkedett a hal\u00e1los \u00e1ldozatok sz\u00e1ma. Az els\u0151 fert\u0151z\u00e9s valamivel t\u00f6bb mint k\u00e9t h\u00f3nappal ezel\u0151tti megjelen\u00e9se \u00f3ta 1522 beteget nyilv\u00e1n\u00edtottak gy\u00f3gyultnak. Pillanatnyilag 228 beteget kezelnek k\u00f3rh\u00e1zban, k\u00f6z\u00fcl\u00fck 15-en vannak l\u00e9legeztet\u0151g\u00e9pen. A n\u00e9gymilli\u00f3s orsz\u00e1gban eddig 39 040 koronav\u00edrustesztet v\u00e9geztek.<br \/>\n    M\u00e1jus 4-t\u0151l vissza\u00e1llt a norm\u00e1lis rend a k\u00f6zeg\u00e9szs\u00e9g\u00fcgyi int\u00e9zetekben. Ez al\u00f3l kiv\u00e9telt k\u00e9peznek azok a k\u00f3rh\u00e1zak, amelyekben a SARS-CoV-2 v\u00edrussal fert\u0151z\u00f6tt betegeket kezelik. A k\u00f6zel k\u00e9t h\u00f3napja bevezetett karant\u00e9n ideje alatt felf\u00fcggesztettek minden tervezett oper\u00e1ci\u00f3t az orsz\u00e1gban, csak a s\u00fcrg\u0151ss\u00e9gi m\u0171t\u00e9teket enged\u00e9lyezt\u00e9k. Kinyithattak a mag\u00e1nrendel\u0151k, a fodr\u00e1sz- \u00e9s kozmetikai szalonok.<br \/>\n    Davor Bozinovic bel\u00fcgyminiszter, a v\u00e1ls\u00e1gst\u00e1b vezet\u0151je bejelentette: h\u00e9tf\u0151t\u0151l sz\u00e9lesebb k\u00f6rben is lehet esk\u00fcv\u0151ket tartani (kor\u00e1bban csak sz\u0171k csal\u00e1di k\u00f6rben enged\u00e9lyezt\u00e9k), a temet\u00e9seken nem korl\u00e1tozz\u00e1k a r\u00e9sztvev\u0151k l\u00e9tsz\u00e1m\u00e1t. Mindk\u00e9t esetben azonban be kell tartani a t\u00e1vols\u00e1gtart\u00e1s szab\u00e1lyait &#8211; hangs\u00falyozta.<br \/>\n    Kinyithatnak tov\u00e1bb\u00e1 a j\u00e1tsz\u00f3terek \u00e9s szabadt\u00e9ri sportp\u00e1ly\u00e1k, a v\u00e1ls\u00e1gst\u00e1b nem hosszabb\u00edtja meg azt a rendeletet, amely eddig megtiltotta az \u00f6tf\u0151sn\u00e9l nagyobb \u00f6sszej\u00f6veteleket szabadt\u00e9ren.<br \/>\n    Szlov\u00e9ni\u00e1ban kinyithattak azok a k\u00e1v\u00e9z\u00f3k \u00e9s \u00e9ttermek, amelyek rendelkeznek terasszal vagy kerthelyis\u00e9ggel, tov\u00e1bb\u00e1 a kisiparosok, valamint a fodr\u00e1sz- \u00e9s kozmetikai szalonok is. Horv\u00e1torsz\u00e1gt\u00f3l elt\u00e9r\u0151en Szlov\u00e9ni\u00e1ban m\u00e9g nem indul \u00fajra az eg\u00e9szs\u00e9g\u00fcgyi ell\u00e1t\u00e1s, csak a fogorvosok nyithattak ki h\u00e9tf\u0151n.(MTI)<\/p>\n","protected":false},"excerpt":{"rendered":"<p>Szlov\u00e9ni\u00e1ban m\u00e1sodik napja nem regisztr\u00e1ltak \u00faj koronav\u00edrus-fert\u0151z\u00f6ttet, Horv\u00e1torsz\u00e1gban elkezd\u0151d\u00f6tt a j\u00e1rv\u00e1ny megf\u00e9kez\u00e9se \u00e9rdek\u00e9ben elfogadott korl\u00e1toz\u00e1sok felold\u00e1s\u00e1nak m\u00e1sodik f\u00e1zisa &#8211; der\u00fclt ki a v\u00e1ls\u00e1gst\u00e1bok h\u00e9tf\u0151i sajt\u00f3t\u00e1j\u00e9koztat\u00f3j\u00e1n.<\/p>\n","protected":false},"author":1001006,"featured_media":0,"comment_status":"closed","ping_status":"open","sticky":false,"template":"","format":"standard","meta":[],"categories":[12,427],"tags":[],"_links":{"self":[{"href":"https:\/\/gazdasagportal.hu\/index.php\/wp-json\/wp\/v2\/posts\/126124"}],"collection":[{"href":"https:\/\/gazdasagportal.hu\/index.php\/wp-json\/wp\/v2\/posts"}],"about":[{"href":"https:\/\/gazdasagportal.hu\/index.php\/wp-json\/wp\/v2\/types\/post"}],"author":[{"embeddable":true,"href":"https:\/\/gazdasagportal.hu\/index.php\/wp-json\/wp\/v2\/users\/1001006"}],"replies":[{"embeddable":true,"href":"https:\/\/gazdasagportal.hu\/index.php\/wp-json\/wp\/v2\/comments?post=126124"}],"version-history":[{"count":1,"href":"https:\/\/gazdasagportal.hu\/index.php\/wp-json\/wp\/v2\/posts\/126124\/revisions"}],"predecessor-version":[{"id":126125,"href":"https:\/\/gazdasagportal.hu\/index.php\/wp-json\/wp\/v2\/posts\/126124\/revisions\/126125"}],"wp:attachment":[{"href":"https:\/\/gazdasagportal.hu\/index.php\/wp-json\/wp\/v2\/media?parent=126124"}],"wp:term":[{"taxonomy":"category","embeddable":true,"href":"https:\/\/gazdasagportal.hu\/index.php\/wp-json\/wp\/v2\/categories?post=126124"},{"taxonomy":"post_tag","embeddable":true,"href":"https:\/\/gazdasagportal.hu\/index.php\/wp-json\/wp\/v2\/tags?post=126124"}],"curies":[{"name":"wp","href":"https:\/\/api.w.org\/{rel}","templated":true}]}}