{"id":12612,"date":"2013-07-29T11:56:08","date_gmt":"2013-07-29T09:56:08","guid":{"rendered":"http:\/\/stockportal.hu\/?p=12612"},"modified":"2013-07-29T11:56:28","modified_gmt":"2013-07-29T09:56:28","slug":"elkeszult-a-szazezredik-auto-a-mercedes-benz-kecskemeti-gyaraban","status":"publish","type":"post","link":"https:\/\/gazdasagportal.hu\/index.php\/elkeszult-a-szazezredik-auto-a-mercedes-benz-kecskemeti-gyaraban\/","title":{"rendered":"Elk\u00e9sz\u00fclt a sz\u00e1zezredik aut\u00f3 a Mercedes-Benz kecskem\u00e9ti gy\u00e1r\u00e1ban"},"content":{"rendered":"<p><strong>Kevesebb mint 16 h\u00f3nappal a hivatalos gy\u00e1rmegnyit\u00f3 ut\u00e1n h\u00e9tf\u0151n leg\u00f6rd\u00fclt a sz\u00e1zezredik szem\u00e9lyg\u00e9pkocsi a kecskem\u00e9ti Mercedes-Benz gy\u00e1r gy\u00e1rt\u00f3sor\u00e1r\u00f3l \u2013 t\u00e1j\u00e9koztatta a Mercedes-Benz Hung\u00e1ria Kft. marketing- \u00e9s PR-vezet\u0151je az MTI-t.<!--more--><\/strong><\/p>\n<p>Sztipichn\u00e9 Koz\u00e1ri Edina k\u00f6zlem\u00e9nye szerint a kiz\u00e1r\u00f3lag Kecskem\u00e9ten gy\u00e1rtott, feh\u00e9r, b\u0151rk\u00e1rpitoz\u00e1s\u00fa jubileumi Mercedes-Benz CLA magyar tulajdonoshoz ker\u00fcl. \u00a0\u00a0\u00a0\u00a0Frank Klein, a kecskem\u00e9ti Mercedes-Benz Manufacturing Hungary Kft. \u00fcgyvezet\u0151 igazgat\u00f3ja fontos m\u00e9rf\u00f6ldk\u0151nek nevezte a cs\u00facsmin\u0151s\u00e9g\u0171 aut\u00f3 elk\u00e9sz\u00edt\u00e9s\u00e9t a legfiatalabb Mercedes-Benz gy\u00e1r sz\u00e1m\u00e1ra. \u00a0\u00a0\u00a0\u00a0A CLA modell a vil\u00e1g legjobb l\u00e9gellen\u00e1ll\u00e1si-egy\u00fctthat\u00f3j\u00e1val (cw 0,22), avantg\u00e1rd kup\u00e9-designnal \u00e9s k\u00edv\u00e1ns\u00e1gra 4MATIC \u00f6sszker\u00e9khajt\u00e1ssal k\u00e9sz\u00fcl\u0151 aut\u00f3, amellyel a m\u00e1rka \u00faj kateg\u00f3ri\u00e1t hozott l\u00e9tre. Keret n\u00e9lk\u00fcli ajt\u00f3ival a CLA a Concept Style Coup\u00e9 koncepci\u00f3aut\u00f3 formavil\u00e1g\u00e1t helyezi \u00e1t k\u00f6zvetlen\u00fcl a sorozatgy\u00e1rt\u00e1sba. Az \u00fajdons\u00e1g alapfelszerel\u00e9sei k\u00f6z\u00f6tt megtal\u00e1lhat\u00f3 a radart\u00e1mogat\u00e1s\u00fa f\u00e9krendszer, amely 7 kilom\u00e9ter \u00f3r\u00e1nk\u00e9nt sebess\u00e9gt\u0151l figyelmezteti a vezet\u0151t az akad\u00e1lyra \u00e9s a f\u00e9kped\u00e1l megnyom\u00e1sakor prec\u00edzen szab\u00e1lyozott f\u00e9kez\u00e9st kezd meg. \u00a0\u00a0\u00a0\u00a0A kecskem\u00e9ti gy\u00e1r a rastatti \u00fczemmel egy\u00fcttm\u0171k\u00f6dve gy\u00e1rtja a Mercedes-Benz \u00faj kompaktaut\u00f3-gener\u00e1ci\u00f3j\u00e1nak modelljeit. A k\u00f6z\u00f6s gy\u00e1rt\u00e1s lehet\u0151s\u00e9get ad a k\u00e9t \u00fczem gy\u00e1rt\u00f3kapacit\u00e1s-kihaszn\u00e1lts\u00e1g\u00e1nak rugalmas \u00e9s optim\u00e1lis ir\u00e1ny\u00edt\u00e1s\u00e1ra.<br \/>\nA kecskem\u00e9ti gy\u00e1rat kevesebb mint 4 \u00e9vvel a 2008 nyar\u00e1n t\u00f6rt\u00e9nt helysz\u00ednv\u00e1laszt\u00e1st k\u00f6vet\u0151en, 2012 m\u00e1rcius\u00e1ban adt\u00e1k \u00e1t, \u00e9s az\u00f3ta az egyik legmodernebb \u00e9s k\u00f6rnyezetbar\u00e1t technol\u00f3gia seg\u00edts\u00e9g\u00e9vel gy\u00e1rtja a B-oszt\u00e1lyt, valamint 2013 janu\u00e1rja \u00f3ta m\u00e1sodik modellk\u00e9nt az \u00faj, n\u00e9gyajt\u00f3s kompakt CLA kup\u00e9t. \u00a0\u00a0\u00a0\u00a0Az id\u0151k\u00f6zben t\u00f6bb mint 3000 f\u0151re b\u0151v\u00fclt helyi munkat\u00e1rsi l\u00e9tsz\u00e1mmal a gy\u00e1r a r\u00e9gi\u00f3 legvonz\u00f3bb munk\u00e1ltat\u00f3ja lett \u2013 nem utols\u00f3sorban k\u00f6sz\u00f6nhet\u0151 ez a gy\u00e1r munkat\u00e1rsait jellemz\u0151 magas fok\u00fa szakk\u00e9pzetts\u00e9gnek, valamint annak az \u00fatt\u00f6r\u0151 kezdem\u00e9nyez\u00e9snek is, hogy a v\u00e1llalat magyar partnerekkel k\u00f6z\u00f6sen &#8211; n\u00e9met mint\u00e1ra &#8211; meghonos\u00edtotta a du\u00e1lis szakk\u00e9pz\u00e9st \u00e9s a du\u00e1lis f\u0151iskolai k\u00e9pz\u00e9st. \u00a0\u00a0\u00a0\u00a0A kecskem\u00e9ti r\u00e9gi\u00f3 hossz\u00fa t\u00e1v\u00fa er\u0151s\u00edt\u00e9se \u00e9s a magyar j\u00e1rm\u0171ipar k\u00f6zpontjak\u00e9nt t\u00f6rt\u00e9n\u0151 megszil\u00e1rd\u00edt\u00e1sa volt a c\u00e9lja azon strat\u00e9giai partners\u00e9gi meg\u00e1llapod\u00e1snak, amelyet a Daimler AG 2012-ben a magyar korm\u00e1nnyal \u00edrt al\u00e1.(MTI)<\/p>\n","protected":false},"excerpt":{"rendered":"<p>Kevesebb mint 16 h\u00f3nappal a hivatalos gy\u00e1rmegnyit\u00f3 ut\u00e1n h\u00e9tf\u0151n leg\u00f6rd\u00fclt a sz\u00e1zezredik szem\u00e9lyg\u00e9pkocsi a kecskem\u00e9ti Mercedes-Benz gy\u00e1r gy\u00e1rt\u00f3sor\u00e1r\u00f3l \u2013 t\u00e1j\u00e9koztatta a Mercedes-Benz Hung\u00e1ria Kft. marketing- \u00e9s PR-vezet\u0151je az MTI-t.<\/p>\n","protected":false},"author":1,"featured_media":0,"comment_status":"open","ping_status":"closed","sticky":false,"template":"","format":"standard","meta":[],"categories":[19],"tags":[],"_links":{"self":[{"href":"https:\/\/gazdasagportal.hu\/index.php\/wp-json\/wp\/v2\/posts\/12612"}],"collection":[{"href":"https:\/\/gazdasagportal.hu\/index.php\/wp-json\/wp\/v2\/posts"}],"about":[{"href":"https:\/\/gazdasagportal.hu\/index.php\/wp-json\/wp\/v2\/types\/post"}],"author":[{"embeddable":true,"href":"https:\/\/gazdasagportal.hu\/index.php\/wp-json\/wp\/v2\/users\/1"}],"replies":[{"embeddable":true,"href":"https:\/\/gazdasagportal.hu\/index.php\/wp-json\/wp\/v2\/comments?post=12612"}],"version-history":[{"count":2,"href":"https:\/\/gazdasagportal.hu\/index.php\/wp-json\/wp\/v2\/posts\/12612\/revisions"}],"predecessor-version":[{"id":12643,"href":"https:\/\/gazdasagportal.hu\/index.php\/wp-json\/wp\/v2\/posts\/12612\/revisions\/12643"}],"wp:attachment":[{"href":"https:\/\/gazdasagportal.hu\/index.php\/wp-json\/wp\/v2\/media?parent=12612"}],"wp:term":[{"taxonomy":"category","embeddable":true,"href":"https:\/\/gazdasagportal.hu\/index.php\/wp-json\/wp\/v2\/categories?post=12612"},{"taxonomy":"post_tag","embeddable":true,"href":"https:\/\/gazdasagportal.hu\/index.php\/wp-json\/wp\/v2\/tags?post=12612"}],"curies":[{"name":"wp","href":"https:\/\/api.w.org\/{rel}","templated":true}]}}