{"id":126089,"date":"2020-05-03T11:38:28","date_gmt":"2020-05-03T09:38:28","guid":{"rendered":"http:\/\/gazdasagportal.hu\/?p=126089"},"modified":"2020-05-03T10:39:56","modified_gmt":"2020-05-03T08:39:56","slug":"lassan-vege-a-jarvany-elso-hullamanak-a-nyugat-balkanon","status":"publish","type":"post","link":"https:\/\/gazdasagportal.hu\/index.php\/lassan-vege-a-jarvany-elso-hullamanak-a-nyugat-balkanon\/","title":{"rendered":"Lassan v\u00e9ge a j\u00e1rv\u00e1ny els\u0151 hull\u00e1m\u00e1nak a Nyugat-Balk\u00e1non"},"content":{"rendered":"<p><strong>J\u00e1rv\u00e1ny\u00fcgyi szak\u00e9rt\u0151k szerint lassan v\u00e9get \u00e9r a koronav\u00edrus-j\u00e1rv\u00e1ny els\u0151 hull\u00e1ma a Nyugat-Balk\u00e1non, \u00e1m nem szabad el\u0151vigy\u00e1zatlannak lenni, a SARS-CoV-2 v\u00edrus \u0151sszel v\u00e1rhat\u00f3an visszat\u00e9r.<\/strong><!--more--><\/p>\n<div class=\"ads-in-post1\"><div id=\"gazdasagportal.hu_fullbanner_wideboard\"><\/div>\r\n<\/div>\n<p>    Szombatr\u00f3l vas\u00e1rnapra 9205-r\u0151l 9362-re n\u0151tt a regisztr\u00e1lt fert\u0151z\u00f6ttek sz\u00e1ma Szerbi\u00e1ban. Predrag Kon j\u00e1rv\u00e1ny\u00fcgyi szak\u00e9rt\u0151 szerint a j\u00e1rv\u00e1ny els\u0151 hull\u00e1ma v\u00e9get \u00e9rni l\u00e1tszik, ny\u00e1ron v\u00e1rhat\u00f3an egy nyugodtabb id\u0151szakra lehet sz\u00e1m\u00edtani. Ugyanakkor fel kell k\u00e9sz\u00fclni arra, hogy a koronav\u00edrus \u0151sszel \u00e9s t\u00e9len visszat\u00e9r. Ez\u00e9rt tov\u00e1bbra is be kell tartani a k\u00f6z\u00f6ss\u00e9gi t\u00e1vols\u00e1gtart\u00e1st, \u00e9s a mindennapok r\u00e9sz\u00e9v\u00e9 kell, hogy v\u00e1ljon a t\u00f6bbsz\u00f6ri, alapos k\u00e9zmos\u00e1s \u00e9s a fert\u0151tlen\u00edt\u0151k haszn\u00e1lata.<br \/>\n    Koszov\u00f3ban egy nap alatt 813-r\u00f3l t\u00edzzel, 823-ra n\u0151tt az igazolt fert\u0151z\u00f6ttek sz\u00e1ma. \u00c1prilis 11-\u00e9n karant\u00e9n al\u00e1 helyezt\u00e9k a f\u0151v\u00e1rost, Pristin\u00e1t, az int\u00e9zked\u00e9st vas\u00e1rnapt\u00f3l visszavont\u00e1k, mert az alkotm\u00e1nyb\u00edr\u00f3s\u00e1g meg\u00e1llap\u00edtotta, hogy a korm\u00e1ny megs\u00e9rtette az alapt\u00f6rv\u00e9nyt azzal, hogy korl\u00e1tozta az \u00e1llampolg\u00e1rok mozg\u00e1s\u00e1t. \u00cdgy minden ilyen int\u00e9zked\u00e9st visszavontak, a kor\u00e1bban kir\u00f3tt p\u00e9nzb\u00fcntet\u00e9seket pedig v\u00e1rhat\u00f3an visszafizetik. A v\u00e1ros polg\u00e1rmestere tov\u00e1bbra is mindenkit el\u0151vigy\u00e1zatoss\u00e1gra intett.<br \/>\n    \u00c9szak-Maced\u00f3ni\u00e1ban az ut\u00f3bbi 24 \u00f3r\u00e1ban 1494-r\u0151l 1506-ra emelkedett a nyilv\u00e1ntart\u00e1sba vett fert\u0151z\u00f6ttek sz\u00e1ma. Az \u00e1llamf\u0151 m\u00e1jus 10. \u00e9s 12. k\u00f6z\u00f6tt akar tan\u00e1cskozni a legnagyobb p\u00e1rtok vezet\u0151ivel az \u00e1prilis 12-re tervezett, majd elhalasztott v\u00e1laszt\u00e1s \u00faj id\u0151pontj\u00e1r\u00f3l. A legnagyobb ellenz\u00e9ki p\u00e1rt, a jobboldali Bels\u0151 Maced\u00f3n Forradalmi Szervezet-Maced\u00f3n Nemzeti Egys\u00e9g Demokratikus P\u00e1rtja (VMRO-DPMNE) szerint azonban korai m\u00e9g err\u0151l besz\u00e9lni, most a koronav\u00edrus-j\u00e1rv\u00e1nyra kell koncentr\u00e1lni. A korm\u00e1nyz\u00f3 szoci\u00e1ldemokrat\u00e1k szerint viszont ez id\u0151h\u00faz\u00e1s lenne, \u00e9s a jobboldal az\u00e9rt akarja tov\u00e1bb halasztani a voksol\u00e1st, mert nincs felk\u00e9sz\u00fclve a megm\u00e9rettet\u00e9sre.<br \/>\n    Montenegr\u00f3ban h\u00e1rom napja nem jeleztek \u00faj esetet, az igazolt fert\u0151z\u00f6ttek sz\u00e1ma 322, de a betegs\u00e9gb\u0151l 249-en m\u00e1r felgy\u00f3gyultak. A korm\u00e1nyp\u00e1rtok azt javasolt\u00e1k, hogy a parlamenti k\u00e9pvisel\u0151i fizet\u00e9sek egy r\u00e9sz\u00e9t az eg\u00e9szs\u00e9g\u00fcgynek utalj\u00e1k \u00e1t. A kezdem\u00e9nyez\u00e9ssel mindenki egyet\u00e9rt, az ellenz\u00e9k csak azt kifog\u00e1solja, hogy nem egyenl\u0151 ar\u00e1nyban vonn\u00e1k le a t\u00e1mogat\u00e1st a k\u00e9pvisel\u0151kt\u0151l. A javaslat szerint ugyanis a parlament munk\u00e1j\u00e1t bojkott\u00e1l\u00f3 ellenz\u00e9ki politikusokt\u00f3l t\u00f6bb p\u00e9nzt venn\u00e9nek el.<br \/>\n    Bosznia-Hercegovin\u00e1ban vas\u00e1rnapra 1781-r\u0151l 1839-re n\u0151tt az igazolt fert\u0151z\u00f6ttek sz\u00e1ma. A h\u00e9t v\u00e9g\u00e9n \u00fajra kinyitottak a kisebb \u00fczletek a nyugat-balk\u00e1ni orsz\u00e1gban, \u00e1m szigor\u00fa el\u0151vigy\u00e1zatoss\u00e1gi int\u00e9zked\u00e9sek mellett m\u0171k\u00f6dhetnek csak. A v\u00e1s\u00e1rl\u00f3knak fert\u0151tlen\u00edteni\u00fck kell a kez\u00fcket \u00e9s a l\u00e1bbelij\u00fcket az el\u0151tt, hogy bel\u00e9pnek, felt\u00e9tlen\u00fcl be kell tartaniuk a k\u00e9tm\u00e9teres t\u00e1vols\u00e1got egym\u00e1st\u00f3l, \u00e9s kiz\u00e1r\u00f3lag maszkban l\u00e9phetnek be az \u00fczletbe.(MTI)<\/p>\n","protected":false},"excerpt":{"rendered":"<p>J\u00e1rv\u00e1ny\u00fcgyi szak\u00e9rt\u0151k szerint lassan v\u00e9get \u00e9r a koronav\u00edrus-j\u00e1rv\u00e1ny els\u0151 hull\u00e1ma a Nyugat-Balk\u00e1non, \u00e1m nem szabad el\u0151vigy\u00e1zatlannak lenni, a SARS-CoV-2 v\u00edrus \u0151sszel v\u00e1rhat\u00f3an visszat\u00e9r.<\/p>\n","protected":false},"author":1001006,"featured_media":0,"comment_status":"closed","ping_status":"open","sticky":false,"template":"","format":"standard","meta":[],"categories":[12,427],"tags":[428],"_links":{"self":[{"href":"https:\/\/gazdasagportal.hu\/index.php\/wp-json\/wp\/v2\/posts\/126089"}],"collection":[{"href":"https:\/\/gazdasagportal.hu\/index.php\/wp-json\/wp\/v2\/posts"}],"about":[{"href":"https:\/\/gazdasagportal.hu\/index.php\/wp-json\/wp\/v2\/types\/post"}],"author":[{"embeddable":true,"href":"https:\/\/gazdasagportal.hu\/index.php\/wp-json\/wp\/v2\/users\/1001006"}],"replies":[{"embeddable":true,"href":"https:\/\/gazdasagportal.hu\/index.php\/wp-json\/wp\/v2\/comments?post=126089"}],"version-history":[{"count":1,"href":"https:\/\/gazdasagportal.hu\/index.php\/wp-json\/wp\/v2\/posts\/126089\/revisions"}],"predecessor-version":[{"id":126090,"href":"https:\/\/gazdasagportal.hu\/index.php\/wp-json\/wp\/v2\/posts\/126089\/revisions\/126090"}],"wp:attachment":[{"href":"https:\/\/gazdasagportal.hu\/index.php\/wp-json\/wp\/v2\/media?parent=126089"}],"wp:term":[{"taxonomy":"category","embeddable":true,"href":"https:\/\/gazdasagportal.hu\/index.php\/wp-json\/wp\/v2\/categories?post=126089"},{"taxonomy":"post_tag","embeddable":true,"href":"https:\/\/gazdasagportal.hu\/index.php\/wp-json\/wp\/v2\/tags?post=126089"}],"curies":[{"name":"wp","href":"https:\/\/api.w.org\/{rel}","templated":true}]}}